{"id":217988,"date":"2013-11-20T14:41:17","date_gmt":"2013-11-20T11:41:17","guid":{"rendered":"https:\/\/analyse.optim.biz\/?p=217988"},"modified":"2013-11-20T14:41:17","modified_gmt":"2013-11-20T11:41:17","slug":"blocaj-in-usl-pe-tema-comisiei-parlamentare-de-ancheta-privind-cazul-calarasi-liberalii-decid-joi","status":"publish","type":"post","link":"https:\/\/analyse.optim.biz\/?p=217988","title":{"rendered":"Blocaj \u00een USL pe tema comisiei parlamentare de anchet\u0103 privind \u201ecazul C\u0103l\u0103ra\u0219i\u201d. Liberalii decid joi"},"content":{"rendered":"<div class=\"entry data-app-meta data-app-meta-article\" data-embed-base-url-canonical=\"https:\/\/www.digi24.ro\/embed\/stiri\/actualitate\/politica\/blocaj-in-usl-pe-tema-comisiei-parlamentare-de-ancheta-privind-cazul-calarasi-liberalii-decid-joi-155246\">\n<p data-index=\"1\"><strong>Actualizare 19.33. <\/strong>Premierul Victor Ponta a l\u0103murit, miercuri seara, dezacordul cu liderul liberal: a fost o ne\u00een\u021belegere legat\u0103 de o comunicare defectuoas\u0103 la telefon. Pre\u0219edintele PSD a spus c\u0103 liberalii vor lua joi o <a href=\"https:\/\/www.digi24.ro\/Stiri\/Digi24\/Actualitate\/Politica\/Ponta+A+fost+o+neintelegere+cu+Antonescu+credea+ca+vorbesc+despr\" target=\"_blank\" data-skip-linkfix=\"1\" rel=\"noopener\">decizie \u00een privin\u021ba comisiei parlamentare de anchet\u0103.<\/a><\/p>\n<p data-index=\"2\"><strong>Actualizare 17.33.\u00a0<\/strong>Premierul Victor Ponta a declarat, r\u0103spunz\u00e2nd la o \u00eentrebare a reporterului Digi24, c\u0103 nu s-a ajuns la niciun acord pe tema comisiei parlamentare de anchet\u0103, dup\u0103 \u00eent\u00e2lnirea de la v\u00e2rful USL, deoarece liberalii nu s-au hot\u0103r\u00e2t dac\u0103 sus\u021bin sau nu aceast\u0103 comisie.<\/p>\n<p data-index=\"3\">\u00a0___________________________<\/p>\n<p data-index=\"4\"><strong>Actualizare 16.26.\u00a0<\/strong>Este vorba despre o \u0219edin\u021b\u0103 USL, la care sunt prezen\u021bi mai mul\u021bi lideri ai uniunii. \u0218edin\u021ba nu a fost anun\u021bat\u0103 anterior, dar era de a\u0219teptat, \u00een contextul tensiunilor dintre PSD \u0219i PNL privind comisia de anchet\u0103 pentru a\u0219a-numitul \u201ecaz C\u0103l\u0103ra\u0219i.<\/p>\n<p data-index=\"5\">De altfel, liberalii au cerut \u00eenc\u0103 din cursul acestei dimine\u021bi o astfel de \u0219edin\u021b\u0103, motiv\u00e2nd c\u0103 nu au existat consult\u0103ri pe tema comisiei de anchet\u0103 \u0219i c\u0103 nu au fost avertiza\u021bi \u00eenainte ca premierul Victor Ponta s\u0103 anun\u021be c\u0103 \u00een Parlament va fi \u00eenfiin\u021bat\u0103 o astfel de comisie.<\/p>\n<p data-index=\"6\">\u00a0______________________________<\/p>\n<p data-index=\"7\"><strong>Actualizare 14.47.<\/strong> Victor Ponta le-a spus jurnali\u0219tilor c\u0103 l-a sunat pe Crin Antonescu pentru a discuta despre aceast\u0103 comisie de anchet\u0103 \u0219i c\u0103 liderul liberalilor \u0219i-a dat acordul. Crin Antonescu a declarat \u00eens\u0103 pentru <a href=\"http:\/\/www.gandul.info\/politica\/antonescu-pentru-gandul-ponta-nu-m-a-sunat-ieri-nu-am-discutat-despre-comisia-de-ancheta-pentru-terenul-lui-basescu-11708862\" target=\"_blank\" data-skip-linkfix=\"1\" rel=\"noopener\">gandul.info<\/a> c\u0103 nu a avut loc o astfel de discu\u021bie.<\/p>\n<p data-index=\"8\">De cealalt\u0103 parte, social-democra\u0163ii insist\u0103 pe existen\u0163a unui acord cu liberalii \u015fi spun c\u0103 la discu\u0163ia pe aceast\u0103 tem\u0103 au participat mini\u015ftrii liberali Daniel Chi\u0163oiu, Radu Stroe \u015fi Mariana C\u00e2mpeanu.<\/p>\n<p data-index=\"9\">Discu\u021biile privind comisia s-au purtat, ieri, \u00een biroul pre\u0219edintelui Camerei Deputa\u021bilor, Valeriu Zgonea.<\/p>\n<p data-index=\"10\"><em><strong>\u201eNiciunul dintre colegii de la PNL \u0219i m\u0103 refer la doamna C\u00e2mpeanu, la domnul Radu Stroe, la domnul Daniel Chi\u021boiu nu au avut nicio obiec\u021bie \u00een leg\u0103tur\u0103 cu ini\u021bierea acestui draft, propus \u0219i discutat dup\u0103 aceea \u00een cadrul USL<\/strong><\/em>. Pot s\u0103 v\u0103 confirm c\u0103 domnul Scutaru \u0219i domnul Ha\u0219otti nu au fost prezen\u021bi, dar ceilal\u021bi lideri ai PNL care sunt mini\u0219tri \u0219i care i-au decizii au fost prezen\u021bi\u201d, a declarat Valeriu Zgonea.<\/p>\n<p data-index=\"11\">\u201e<span>P\u00e2n\u0103 \u00een momentrul \u0103sta, la nivelul liderilor grupurilor parlamentare PNL, PSD \u0219i PC nu au existat niciun fel de discu\u021bii. \u201e<em><strong>M<\/strong><\/em><\/span><em><strong>ie nimeni nu mi-a spus, nu am avut o conversa\u021bie pe aceast\u0103 tem\u0103<\/strong><\/em>\u201d, a declarat, la Digi24, Puiu Ha\u0219otti, vicepre\u0219edinte PNL. \u00a0\u00a0<\/p>\n<\/div>\n<p> Source URL: https:\/\/www.digi24.ro\/stiri\/actualitate\/politica\/blocaj-in-usl-pe-tema-comisiei-parlamentare-de-ancheta-privind-cazul-calarasi-liberalii-decid-joi-155246<\/p>\n","protected":false},"excerpt":{"rendered":"<p>Actualizare 19.33. Premierul Victor Ponta a l\u0103murit, miercuri seara, dezacordul cu liderul liberal: a fost o ne\u00een\u021belegere legat\u0103 de o comunicare defectuoas\u0103 la telefon. Pre\u0219edintele PSD a spus c\u0103 liberalii vor lua joi o decizie \u00een privin\u021ba comisiei parlamentare de anchet\u0103. Actualizare 17.33.\u00a0Premierul Victor Ponta a declarat, r\u0103spunz\u00e2nd la o \u00eentrebare a reporterului Digi24, c\u0103 [&hellip;]<\/p>\n","protected":false},"author":1,"featured_media":217989,"comment_status":"open","ping_status":"","sticky":false,"template":"","format":"standard","meta":{"footnotes":""},"categories":[2],"tags":[11],"class_list":["post-217988","post","type-post","status-publish","format-standard","has-post-thumbnail","hentry","category-politics","tag-digi24"],"_links":{"self":[{"href":"https:\/\/analyse.optim.biz\/index.php?rest_route=\/wp\/v2\/posts\/217988","targetHints":{"allow":["GET"]}}],"collection":[{"href":"https:\/\/analyse.optim.biz\/index.php?rest_route=\/wp\/v2\/posts"}],"about":[{"href":"https:\/\/analyse.optim.biz\/index.php?rest_route=\/wp\/v2\/types\/post"}],"author":[{"embeddable":true,"href":"https:\/\/analyse.optim.biz\/index.php?rest_route=\/wp\/v2\/users\/1"}],"replies":[{"embeddable":true,"href":"https:\/\/analyse.optim.biz\/index.php?rest_route=%2Fwp%2Fv2%2Fcomments&post=217988"}],"version-history":[{"count":0,"href":"https:\/\/analyse.optim.biz\/index.php?rest_route=\/wp\/v2\/posts\/217988\/revisions"}],"wp:featuredmedia":[{"embeddable":true,"href":"https:\/\/analyse.optim.biz\/index.php?rest_route=\/wp\/v2\/media\/217989"}],"wp:attachment":[{"href":"https:\/\/analyse.optim.biz\/index.php?rest_route=%2Fwp%2Fv2%2Fmedia&parent=217988"}],"wp:term":[{"taxonomy":"category","embeddable":true,"href":"https:\/\/analyse.optim.biz\/index.php?rest_route=%2Fwp%2Fv2%2Fcategories&post=217988"},{"taxonomy":"post_tag","embeddable":true,"href":"https:\/\/analyse.optim.biz\/index.php?rest_route=%2Fwp%2Fv2%2Ftags&post=217988"}],"curies":[{"name":"wp","href":"https:\/\/api.w.org\/{rel}","templated":true}]}}