{"id":217954,"date":"2013-11-20T17:49:00","date_gmt":"2013-11-20T14:49:00","guid":{"rendered":"https:\/\/analyse.optim.biz\/?p=217954"},"modified":"2013-11-20T17:49:00","modified_gmt":"2013-11-20T14:49:00","slug":"decoratia-lui-l-tokes-poate-fi-retrasa-europarlamentarul-se-duce-o-campanie-dusmanoasa-impotriva-mea","status":"publish","type":"post","link":"https:\/\/analyse.optim.biz\/?p=217954","title":{"rendered":"Decora\u021bia lui L. Tokes poate fi retras\u0103. Europarlamentarul: Se duce o campanie du\u0219m\u0103noas\u0103 \u00eempotriva mea"},"content":{"rendered":"<div class=\"entry data-app-meta data-app-meta-article\" data-embed-base-url-canonical=\"https:\/\/www.digi24.ro\/embed\/stiri\/actualitate\/politica\/decoratia-lui-l-tokes-poate-fi-retrasa-europarlamentarul-se-duce-o-campanie-dusmanoasa-impotriva-mea-155420\">\n<p data-index=\"1\"><img decoding=\"async\" src=\"https:\/\/analyse.optim.biz\/wp-content\/uploads\/2024\/09\/anbnjnc9odawjmhhc2g9zmrkyje0zwywm2iznzjlndvkmgm0ntlinjrlzgnkyju-thumb_.jpg\" data-skip-htmlfix=\"1\" title=\"anbnjnc9odawjmhhc2g9zmrkyje0zwywm2iznzjlndvkmgm0ntlinjrlzgnkyju-thumb_\"><\/p>\n<p data-index=\"2\">Comisia de la Academia Rom\u00e2n\u0103 a decis, dup\u0103 a treia am\u00e2nare, c\u0103 decora\u021bia Steaua Rom\u00e2niei, acordat\u0103 europarlamentarului Laszlo Tokes, poate fi retras\u0103.\u00a0<\/p>\n<p data-index=\"3\">Juristul Eckstein-Kovacs Peter, fost senator \u0219i consilier preziden\u021bial, membru al ordinului, a detaliat, la \u201eJurnalul de sear\u0103\u201d, din 18 septembrie, <a href=\"https:\/\/www.digi24.ro\/Stiri\/Digi24\/Actualitate\/Stiri\/Alegeri+pentru+forul+care+va+decide+daca+i+se+retrage+Steaua+Rom\" target=\"_blank\" data-skip-linkfix=\"1\" rel=\"noopener\">care este procedura pentru alegerea Consiliului de Onoare<\/a>.<\/p>\n<p data-index=\"4\">Pre\u0219edintele Consiliului de Onoare, <strong>Ionel Haiduc<\/strong>, pre\u0219edintele Academiei Rom\u00e2ne, a explicat faptul c\u0103 propunerea de retragere a decora\u021biei, care a primit cinci voturi \u201epentru\u201d \u0219i o ab\u021binere, urmeaz\u0103 s\u0103 fie transmis\u0103 pre\u0219edintelului.<\/p>\n<p data-index=\"5\">\u201eDecizia este a pre\u0219edintelului Rom\u00e2niei, noi facem propunerea pe care domnia sa o aprop\u0103 sau nu printr-un decret\u201d, a spus Ionel Haiduc.<\/p>\n<p data-index=\"6\"><a href=\"http:\/\/canord.presidency.ro\/HG_1511_2005.pdf\" target=\"_blank\" data-skip-linkfix=\"1\" rel=\"noopener\">Conform regulamentului<\/a>, consiliile de onoare ale fiec\u0103rui ordin \u201ejudec\u0103 faptele dezonorante care aduc prejudicii morale cavalerilor ordinelor na\u021bionale respective, altele dec\u00e2t faptele penale sanc\u021bionare cu pedeapsa privativ\u0103 de libertate prin hot\u0103r\u00e2re judec\u0103toreasc\u0103 r\u0103mas\u0103 definitiv\u0103.<\/p>\n<p data-index=\"7\">Consiliile de onoare sunt formate din \u0219apte membri, pentru un mandat de cinci ani.<\/p>\n<p data-index=\"8\">\u201eCavalerii unui ordin na\u021bional pot semnala Concelariei Ordinelor atitudini \u0219i fapte pe care le consider\u0103 dezonorante, comise de al\u021bi cavaleri ai respectivului ordin, \u0219i care le aduc prejudicii morale \u0219i ating demnitatea \u0219i onoarea ordinului\u201d, arat\u0103 legea.<\/p>\n<p data-index=\"9\">Dup\u0103 primirea sesiz\u0103rii, Cancelaria Ordinelor va convoca Consiliul de Onoare \u0219i va invitya persoana \u00eenvinuit\u0103 la \u0219edin\u021b\u0103, care trebuie s\u0103 aib\u0103 loc \u00een cel mult 45 de zile de la primire.<\/p>\n<p data-index=\"10\">Dac\u0103 persoana \u00eenvinuit\u0103, \u00een acest caz Laszlo Tokes, nu se prezint\u0103, se poate stabili un nou termen sau se poate decide judecarea sesiz\u0103rii \u00een lips\u0103.<\/p>\n<p data-index=\"11\">Consiliul adopt\u0103 hot\u0103r\u00e2ri cu votul majorit\u0103\u021bii membrilor, prin vot secret, acestea se comunic\u0103 Cancelariei Ordinelor, cu propunere de retragere a decora\u021biei sau se respingere a sesiz\u0103rii, care se \u00eenainteaz\u0103 \u0219efului statului spre aprobare, prin decret.<\/p>\n<p data-index=\"12\">\u201ePre\u0219edintele poate s\u0103 \u0219i refuze (s\u0103 semneze decretul \u2013 n.r. ), c\u0103 a refuzat \u0219i la numirea mini\u0219trilor, dar \u00een mod normal, numai consemneaz\u0103 cele stabilite de acest Consiliu de Onoare\u201d, a precizat Eckstein-Kovacs Peter, membru UDMR.<\/p>\n<h5>Traseul sesiz\u0103rii<\/h5>\n<p data-index=\"13\">Azi a fost a patra \u015fedin\u0163\u0103 a acestui consiliu \u015fi, pentru prima dat\u0103, a fost prezent \u015fi Laszlo Tokes. Acum o lun\u0103, eurodeputatul Laszlo Tokes a cerut am\u00e2narea lu\u0103rii \u00een discu\u0163ie de c\u0103tre Consiliul de Onoare a retragerii Ordinului \u201eSteaua Rom\u00e2niei\u201d, invoc\u00e2nd faptul c\u0103 are alte obliga\u0163ii \u00een ziua programat\u0103 pentru \u015fedin\u0163\u0103, iar avocatul s\u0103u nu se afl\u0103 \u00een \u0163ar\u0103.<\/p>\n<p data-index=\"14\">Dup\u0103 \u015fedin\u0163a de ast\u0103zi, europarlamentarul a spus c\u0103 nici nu a avut de g\u00e2nd s\u0103 se apere singur \u0219i c\u0103 \u201eacest proces este unul umilitor\u201d, intentat \u00eempotriva sa.<\/p>\n<p data-index=\"15\">\u201eSe duce o campanie du\u0219m\u0103noas\u0103 \u00eempotriva persoanei mele\u201d, a spus Laszlo Tokes. Ieri, echipa de comunicare a europarlamentarului Laszlo Tokes, amenin\u021bat cu retragerea ordinului \u201eSteaua Rom\u00e2niei\u201d, anun\u021ba c\u0103 <a href=\"https:\/\/www.digi24.ro\/Stiri\/Digi24\/Actualitate\/Politica\/Retragerea+ordinului+lui+Laszlo+Tokes+interpelare+in+Camera+Lorz\" target=\"_blank\" data-skip-linkfix=\"1\" rel=\"noopener\">un membru al Parlamentului britanic a transmis o interpelare Guvernului<\/a>, prin care solicit\u0103 informa\u021bii cu privire la demersurile f\u0103cute \u00een acest context.<\/p>\n<p data-index=\"16\">Europarlamentarul transmisese un comunicat \u00een \u00eent\u00e2mpinarea \u0219edin\u021bei Consiliului de Onoare de azi:<\/p>\n<p data-index=\"17\">\u201eEste \u00eentru totul ne\u00eentemeiat\u0103 afirma\u021bia ap\u0103rut\u0103 \u00een pres\u0103 conform c\u0103reia: \u201eDeputatul \u00een Parlamentul European Tokes Laszlo a luat hot\u0103r\u00e2rea de a se prezenta personal, dup\u0103 ce pre\u0219edintele Consiliului de Onoare, Ionel Haiduc, nu a fost de acord ca la \u0219edin\u021ba de miercuri a consiliului, europarlamentarul s\u0103 fie reprezentat de avocatul s\u0103u\u201d. Realitatea este tocmai contrar\u0103 acestor afirma\u021bii: p\u00e2n\u0103 acum nu m-am prezentat \u00een fa\u021ba Consiliului de Onoare, deoarece nu mi se asigurase dreptul fundamental de a beneficia de asisten\u0163a avocatului meu. De aceast\u0103 dat\u0103 \u00eens\u0103, am s\u0103 m\u0103 prezint \u00een fa\u021ba consiliului, deoarece \u00eentre timp, prin decizia Uniunii Barourilor Na\u0163ionale din Rom\u00e2nia a constatat f\u0103r\u0103 echivoc c\u0103 am dreptul constitu\u021bional de a fi reprezentat de avocat \u015fi \u00een afara s\u0103lii de judecat\u0103\u201d, transmitea Laszlo Tokes, \u00eenaintea \u0219edin\u021bei.<\/p>\n<p data-index=\"18\">\u201eUn alt motiv care m-a determinat s\u0103 fiu prezent personal, este faptul c\u0103 eventuala retragere a ordinului o consider nu at\u00e2t o problem\u0103 personal\u0103, ci mult mai mult o problem\u0103 de interes public, \u0219i o problem\u0103 minoritar\u0103. Este vorba de o problem\u0103 de interes public, deoarece fusesem decorat pentru meritele mele c\u00e2\u0219tigate \u00een eliberarea Rom\u00e2niei de sub domina\u021bia comunist\u0103. Sunt dator s\u0103 stau cu capul ridicat nu \u00een fa\u021ba consiliului de onoare \u2013 constituit ca un adev\u0103rat tribunal de partid \u2013, ci mai degrab\u0103 \u00een fa\u021ba societ\u0103\u021bii rom\u00e2ne\u0219ti, tocmai cum am f\u0103cut-o \u0219i pe timpul regimului lui Nicolae Ceau\u015fescu\u201d, a precizat europarlamentarul.<\/p>\n<p data-index=\"19\">\u201eConsider c\u0103 este o problem\u0103 minoritar\u0103 \u00een sensul c\u0103 primisem decora\u021bia ca lider al comunit\u0103\u021bii reformate maghiare din Timi\u0219oara, comunitate care a jucat un rol de frunte \u00een declan\u0219area revolu\u021biei din 1989 de la Timi\u0219oara; pe de alt\u0103 parte, calomniile care stau la baza propunerii de retragere a Ordinului Na\u021bional Steaua Rom\u00e2niei sunt de natur\u0103 antiminoritar\u0103 \u0219i antimaghiar\u0103. \u00cen consecin\u021b\u0103, prin prezen\u021ba mea doresc s\u0103 ap\u0103r onoarea \u0219i drepturile comunit\u0103\u021bii mele maghiare din Rom\u00e2nia\u201d, sublinia Laszlo Lokes.<\/p>\n<p data-index=\"20\"><strong>Alte declara\u021bii:<\/strong><\/p>\n<p data-index=\"21\">\u201ePrezen\u021ba mea la \u0219edin\u021ba Consiliului de Onoare s-a f\u0103cut posibil\u0103 tocmai prin faptul c\u0103 nu sunt nevoit s\u0103 m\u0103 ap\u0103r singur, deorece dreptul la asisten\u021b\u0103 juridic\u0103 este asigurat\u0103 chiar de Constitu\u021bie, respectiv de Legea Avocaturii. Ar fi dealtfel nedemn \u201es\u0103 m\u0103 ap\u0103r personal\u201d fa\u021b\u0103 de atacurile la persoan\u0103, acuzele nefondate \u0219i partinice ce mi s-au adus. Nu vreau sub nici o form\u0103 s\u0103 fiu \u201epartener\u201d la umilirea mea institu\u021bionalizat\u0103 bazat\u0103 pe isteria antimaghiar\u0103 generat\u0103.<\/p>\n<p data-index=\"22\">Cu privire la problema de fond a cauzei, nu pot dec\u00e2t s\u0103 repet, c\u0103 declara\u021bia mea f\u0103cut\u0103 la B\u0103ile Tu\u0219nad, care reprezint\u0103 dealtfel punctul de plecare al tuturor acuzelor ce mi se aduc, nu poate constitui ca form\u0103 \u015fi con\u021binut motivul unei sanc\u021biuni morale.<\/p>\n<p data-index=\"23\">\u00centr-un stat de drept democratic opinia politic\u0103 exprimat\u0103 nu poate fi sanc\u021bionat\u0103. Carta Drepturilor Fundamentale a Uniunii Europene stipuleaz\u0103 dreptul la libertatea de g\u00e2ndire, de con\u015ftiin\u0163\u0103 \u0219i libera exprimare a opiniilor (articolul 3 \u0219i 1).<\/p>\n<p data-index=\"24\">Con\u021binutul declara\u021biei mele nu poate fi nici el contestat, deoarece, dac\u0103 ne referim la exemplul autonomiei din Tirolul de Sud, sau la tratatul de baz\u0103 rom\u00e2no-maghiar, \u00een ambele cazuri reiese, c\u0103 fiecare stat are dreptul de a sprijini \u0219i de a proteja minorit\u0103\u021bile lor na\u021bionale din afara grani\u0163elor \u021b\u0103rii.<\/p>\n<p data-index=\"25\">Oriunde ar duce \u201ecalea stelelor\u201d ast\u0103zi: decizia Consiliului de Onoare va reflecta fidel starea prezent\u0103 a democra\u021biei din Rom\u00e2nia \u2013 printre care \u0219i starea actual\u0103 a respect\u0103rii demnit\u0103\u021bii umane cuprinse \u00een Carta mai \u00eenainte citat\u0103 (articolul 1).<\/p>\n<p data-index=\"26\">Textul gravat pe medalia Steaua Rom\u00e2niei este: \u201eIn fide salus\u201d = \u00cen credin\u021b\u0103 e salvarea. A\u0219a cum am f\u0103cut-o \u0219i \u00een 1989, avem \u00eencredere \u00een Christos: El poate s\u0103 aduc\u0103 libertate \u021b\u0103rii noastre aflat\u0103 \u00een criz\u0103\u201d.<\/p>\n<\/div>\n<p> Source URL: https:\/\/www.digi24.ro\/stiri\/actualitate\/politica\/decoratia-lui-l-tokes-poate-fi-retrasa-europarlamentarul-se-duce-o-campanie-dusmanoasa-impotriva-mea-155420<\/p>\n","protected":false},"excerpt":{"rendered":"<p>Comisia de la Academia Rom\u00e2n\u0103 a decis, dup\u0103 a treia am\u00e2nare, c\u0103 decora\u021bia Steaua Rom\u00e2niei, acordat\u0103 europarlamentarului Laszlo Tokes, poate fi retras\u0103.\u00a0 Juristul Eckstein-Kovacs Peter, fost senator \u0219i consilier preziden\u021bial, membru al ordinului, a detaliat, la \u201eJurnalul de sear\u0103\u201d, din 18 septembrie, care este procedura pentru alegerea Consiliului de Onoare. Pre\u0219edintele Consiliului de Onoare, Ionel [&hellip;]<\/p>\n","protected":false},"author":1,"featured_media":217955,"comment_status":"open","ping_status":"","sticky":false,"template":"","format":"standard","meta":{"footnotes":""},"categories":[2],"tags":[11],"class_list":["post-217954","post","type-post","status-publish","format-standard","has-post-thumbnail","hentry","category-politics","tag-digi24"],"_links":{"self":[{"href":"https:\/\/analyse.optim.biz\/index.php?rest_route=\/wp\/v2\/posts\/217954","targetHints":{"allow":["GET"]}}],"collection":[{"href":"https:\/\/analyse.optim.biz\/index.php?rest_route=\/wp\/v2\/posts"}],"about":[{"href":"https:\/\/analyse.optim.biz\/index.php?rest_route=\/wp\/v2\/types\/post"}],"author":[{"embeddable":true,"href":"https:\/\/analyse.optim.biz\/index.php?rest_route=\/wp\/v2\/users\/1"}],"replies":[{"embeddable":true,"href":"https:\/\/analyse.optim.biz\/index.php?rest_route=%2Fwp%2Fv2%2Fcomments&post=217954"}],"version-history":[{"count":0,"href":"https:\/\/analyse.optim.biz\/index.php?rest_route=\/wp\/v2\/posts\/217954\/revisions"}],"wp:featuredmedia":[{"embeddable":true,"href":"https:\/\/analyse.optim.biz\/index.php?rest_route=\/wp\/v2\/media\/217955"}],"wp:attachment":[{"href":"https:\/\/analyse.optim.biz\/index.php?rest_route=%2Fwp%2Fv2%2Fmedia&parent=217954"}],"wp:term":[{"taxonomy":"category","embeddable":true,"href":"https:\/\/analyse.optim.biz\/index.php?rest_route=%2Fwp%2Fv2%2Fcategories&post=217954"},{"taxonomy":"post_tag","embeddable":true,"href":"https:\/\/analyse.optim.biz\/index.php?rest_route=%2Fwp%2Fv2%2Ftags&post=217954"}],"curies":[{"name":"wp","href":"https:\/\/api.w.org\/{rel}","templated":true}]}}