{"id":217932,"date":"2013-11-20T21:29:42","date_gmt":"2013-11-20T18:29:42","guid":{"rendered":"https:\/\/analyse.optim.biz\/?p=217932"},"modified":"2013-11-20T21:29:42","modified_gmt":"2013-11-20T18:29:42","slug":"vasile-dancu-victor-ponta-i-a-intins-o-capcana-lui-crin-antonescu-liderul-pnl-a-picat-testul","status":"publish","type":"post","link":"https:\/\/analyse.optim.biz\/?p=217932","title":{"rendered":"Vasile D\u00e2ncu: Victor Ponta i-a \u00eentins o capcan\u0103 lui Crin Antonescu. Liderul PNL a picat testul"},"content":{"rendered":"<div class=\"entry data-app-meta data-app-meta-article\" data-embed-base-url-canonical=\"https:\/\/www.digi24.ro\/embed\/stiri\/actualitate\/politica\/vasile-dancu-victor-ponta-i-a-intins-o-capcana-lui-crin-antonescu-liderul-pnl-a-picat-testul-155528\">\n<p data-index=\"1\"><strong>\u201eDe fapt, a fost un anun\u021b, o capcan\u0103 pentru liberali, o capcan\u0103 pentru Crin Antonescu, care a tot piruetat \u00een ultima vreme, \u00eentorc\u00e2ndu-se cu fa\u021ba c\u0103tre Traian B\u0103sescu, au tot fost, a\u0219a, lucruri fine care au fost transmise \u0219i atunci cred c\u0103 Ponta a vrut s\u0103 fac\u0103 o \u00eencercare, s\u0103-l verifice pe Crin Antonescu, \u0219i a picat \u00een capcan\u0103, a picat testul\u201d<\/strong>, a spus Vasile D\u00e2ncu la Digi24, preciz\u00e2nd c\u0103 este doar o ipotez\u0103 personal\u0103.<\/p>\n<p data-index=\"2\">Sociologul a conchis c\u0103 astfel, liberali au demonstrat c\u0103 lucreaz\u0103 al\u0103turi de Traian B\u0103sescu.<\/p>\n<p data-index=\"3\">Deputatul liberal <strong>Ludovic Orban<\/strong>, invitat \u0219i el \u00een \u201eJurnalul de sear\u0103\u201d de la Digi24, nu a fost de acord cu aceast\u0103 explica\u021bie.<\/p>\n<p data-index=\"4\">El a demontat, r\u00e2z\u00e2nd, unul dintre mesajele vehiculate \u00een mediul public, conform c\u0103ruia PNL l-ar proteja pe Traian B\u0103sescu: \u201eCred c\u0103 este lipsit de credibilitate acest mesaj, pentru c\u0103 nu e adev\u0103rat! Cum s\u0103-l protej\u0103m pe Traian B\u0103sescu?\u201d.<\/p>\n<p data-index=\"5\">\u00centrebat unde a survenit ne\u00een\u021belegerea dintre PSD \u0219i PNL cu privire la comisia de anchet\u0103, deputatul PNL Ludovic Orban a r\u0103spuns: \u201eAt\u00e2t domnul Ponta, c\u00e2t \u0219i domnul Zgonea au dezinformat opinia public\u0103: PNL nu a fost \u00een\u0219tiin\u021bat cu privire la \u00eenfiin\u021barea acestei comisii. E un element care \u021bine, cum se spune, de rela\u021bii \u0219i de comunicare, \u00eentre PNL \u0219i PSD, dup\u0103 care e \u0219i o chestiune c\u0103 nu po\u021bi s\u0103 dai anun\u021buri \u00een numele PNL. Dac\u0103 vrea, s\u0103 dea \u00een numele Guvernului Victor Ponta sau \u00een numele PSD, c\u0103 e pre\u0219edinte PSD\u201d.<\/p>\n<p data-index=\"6\">\u201eIar \u00een chestiunea \u00een sine risc\u0103m s\u0103 pic\u0103m \u00eentr-o pant\u0103&#8230; Uita\u021bi numai la ce s-a \u00eentmplat: lumea \u00een loc s\u0103 comenteze ce s-a \u00eent\u00e2mplat, o afacere extrem de dubioas\u0103 privitoare la achizi\u021bionarea acestui teren de c\u0103tre fata pre\u0219edintelui&#8230; Lumea vorbe\u0219te \u0219i despre afacere, dar vorbe\u0219te \u0219i despre inabilitatea lui Victor Ponta \u0219i de ne\u00een\u021belegerile din USL, \u00een loc s\u0103 vorbeasc\u0103 strict de aceast\u0103 afacere\u201d, a spus Ludovic Orban.<\/p>\n<p data-index=\"7\"><strong>\u201eDe ce s\u0103 mai \u00eenfiin\u021bezi o comisie de anchet\u0103? Ca s\u0103 verifici ce? O retrocedare? P\u0103i atunci ar trebui s\u0103 facem o comisie de anchet\u0103 pentru fiecare retrocedare din Rom\u00e2nia, au fost zeci \u0219i sute de mii de retroced\u0103ri. S\u0103 facem o comisie de anchet\u0103 pentru o retrocedare din Rom\u00e2nia \u0219i eventuale ulterioare v\u00e2nz\u0103ri pe traseu? Nu mise pare corect, nu e obiectul Parlamentului, foarte serios\u201d<\/strong>, a comentat Ludovic Orban.<\/p>\n<p data-index=\"8\">Comisia de anchet\u0103 pentru terenul familiei B\u0103sescu a produs <a href=\"https:\/\/www.digi24.ro\/Stiri\/Digi24\/Actualitate\/Politica\/Dispute+PNL-PSD+pentru+comisia+de+ancheta+privind+cazul+Calarasi\" target=\"_blank\" data-skip-linkfix=\"1\" rel=\"noopener\">noi tensiuni \u00eentre PNL \u015fi PSD.<\/a> Practic, cele dou\u0103 p\u0103r\u0163i se acuz\u0103 reciproc de minciun\u0103. \u00cen acest context a avut loc o \u00eent\u00e2lnire \u00eentre Crin Antonescu \u0219i Victor Ponta.<\/p>\n<\/div>\n<p> Source URL: https:\/\/www.digi24.ro\/stiri\/actualitate\/politica\/vasile-dancu-victor-ponta-i-a-intins-o-capcana-lui-crin-antonescu-liderul-pnl-a-picat-testul-155528<\/p>\n","protected":false},"excerpt":{"rendered":"<p>\u201eDe fapt, a fost un anun\u021b, o capcan\u0103 pentru liberali, o capcan\u0103 pentru Crin Antonescu, care a tot piruetat \u00een ultima vreme, \u00eentorc\u00e2ndu-se cu fa\u021ba c\u0103tre Traian B\u0103sescu, au tot fost, a\u0219a, lucruri fine care au fost transmise \u0219i atunci cred c\u0103 Ponta a vrut s\u0103 fac\u0103 o \u00eencercare, s\u0103-l verifice pe Crin Antonescu, \u0219i [&hellip;]<\/p>\n","protected":false},"author":1,"featured_media":217933,"comment_status":"open","ping_status":"","sticky":false,"template":"","format":"standard","meta":{"footnotes":""},"categories":[2],"tags":[11],"class_list":["post-217932","post","type-post","status-publish","format-standard","has-post-thumbnail","hentry","category-politics","tag-digi24"],"_links":{"self":[{"href":"https:\/\/analyse.optim.biz\/index.php?rest_route=\/wp\/v2\/posts\/217932","targetHints":{"allow":["GET"]}}],"collection":[{"href":"https:\/\/analyse.optim.biz\/index.php?rest_route=\/wp\/v2\/posts"}],"about":[{"href":"https:\/\/analyse.optim.biz\/index.php?rest_route=\/wp\/v2\/types\/post"}],"author":[{"embeddable":true,"href":"https:\/\/analyse.optim.biz\/index.php?rest_route=\/wp\/v2\/users\/1"}],"replies":[{"embeddable":true,"href":"https:\/\/analyse.optim.biz\/index.php?rest_route=%2Fwp%2Fv2%2Fcomments&post=217932"}],"version-history":[{"count":0,"href":"https:\/\/analyse.optim.biz\/index.php?rest_route=\/wp\/v2\/posts\/217932\/revisions"}],"wp:featuredmedia":[{"embeddable":true,"href":"https:\/\/analyse.optim.biz\/index.php?rest_route=\/wp\/v2\/media\/217933"}],"wp:attachment":[{"href":"https:\/\/analyse.optim.biz\/index.php?rest_route=%2Fwp%2Fv2%2Fmedia&parent=217932"}],"wp:term":[{"taxonomy":"category","embeddable":true,"href":"https:\/\/analyse.optim.biz\/index.php?rest_route=%2Fwp%2Fv2%2Fcategories&post=217932"},{"taxonomy":"post_tag","embeddable":true,"href":"https:\/\/analyse.optim.biz\/index.php?rest_route=%2Fwp%2Fv2%2Ftags&post=217932"}],"curies":[{"name":"wp","href":"https:\/\/api.w.org\/{rel}","templated":true}]}}