{"id":217921,"date":"2013-11-20T22:21:25","date_gmt":"2013-11-20T19:21:25","guid":{"rendered":"https:\/\/analyse.optim.biz\/?p=217921"},"modified":"2013-11-20T22:21:25","modified_gmt":"2013-11-20T19:21:25","slug":"jurnalul-de-seara-t-baconschi-crin-e-impulsiv-nu-are-inclinatii-spre-mitomanie-si-oricum-nu-are-doctoratul","status":"publish","type":"post","link":"https:\/\/analyse.optim.biz\/?p=217921","title":{"rendered":"Jurnalul de sear\u0103. T. Baconschi: \u201eCrin e impulsiv, nu are \u00eenclina\u021bii spre mitomanie \u0219i oricum nu are doctoratul\u201d"},"content":{"rendered":"<div class=\"entry data-app-meta data-app-meta-article\" data-embed-base-url-canonical=\"https:\/\/www.digi24.ro\/embed\/stiri\/actualitate\/politica\/jurnalul-de-seara-t-baconschi-crin-e-impulsiv-nu-are-inclinatii-spre-mitomanie-si-oricum-nu-are-doctoratul-155540\">\n<p data-index=\"1\">\u201e<span>Am vorbit cu domnul Antonescu la telefon luni, era \u0219i Daniel Constantin, luni, am discutat despre comisii de anchet\u0103. Ast\u0103zi ne-am l\u0103murit c\u0103 eu am vorbit de comisia mare, iar domnul Antonescu a \u00een\u021beles c\u0103 era vorba de cea de la Senat pentru care a \u0219i votat\u201d, a afirmat premierul.<\/span><\/p>\n<p data-index=\"2\">\u00cenainte de \u00eent\u00e2lnirea celor doi de miercuri seara, <a href=\"https:\/\/www.digi24.ro\/Stiri\/Digi24\/Actualitate\/Politica\/Ponta+A+fost+o+neintelegere+cu+Antonescu+credea+ca+vorbesc+despr\" target=\"_blank\" data-skip-linkfix=\"1\" rel=\"noopener\">Victor Ponta<\/a> le spusese jurnali\u0219tilor c\u0103 l-a sunat pe Crin Antonescu pentru a discuta despre aceast\u0103 comisie de anchet\u0103 \u0219i c\u0103 liderul liberalilor \u0219i-a dat acordul. Crin Antonescu a declarat \u00eens\u0103 pentru gandul.info c\u0103 nu a avut loc o astfel de discu\u021bie.<\/p>\n<p data-index=\"3\">\u201e<span><strong>Ponta recurge la minciuni at\u00e2t de frecvent \u00eenc\u00e2t ele s-au banalizat. Crin e impulsiv, derapeaz\u0103, dar nu s-a caracterizat prin \u00eenclina\u0163ia spre mitomanie. \u015ei oricum nu are doctoratul. Analiz\u0103m vocile pe care le aude Victor Ponta la un telefon imaginar.<\/strong> Oamenii politici serio\u015fi ar trebui s\u0103 spun\u0103 vrem sau nu asta. At\u00e2ta energie speculativ\u0103 irosit\u0103 \u00een dezbateri ample pe tema unui telefon imaginar mi se pare c\u0103 ne proiectezea ca \u0163ar\u0103 \u015fi societate dincolo de orice bun sim\u0163\u201d, a criticat Teodor Baconschi \u00een emisiunea \u201eJurnalul de sear\u0103\u201d.<\/span><\/p>\n<p data-index=\"4\">Ludovic Orban, deputat PNL, a afirmat c\u0103, dup\u0103 ce a studiat comunicarea public\u0103 \u00een cinci \u021b\u0103ri, a ajuns la concluzia c\u0103 \u00een nicio \u021bar\u0103 <span>premierul nu petrece foarte mult timp d\u00e2nd declara\u021bii televiziunilor.<\/span><\/p>\n<p data-index=\"5\">\u201e<span><strong>Nu exist\u0103 nicio \u0163ar\u0103 \u00een care s\u0103 vezi de diminea\u0163\u0103 p\u00e2n\u0103 sear\u0103 premierul la TV, intervenind telefonic, vorbind pe o sut\u0103 de teme. <\/strong>Comisia de anchet\u0103 la nivel parlamentar nu trebuie anun\u0163at\u0103 de premier. Frecven\u0163a declara\u0163iilor premierilor e cam de una pe s\u0103pt\u0103m\u00e2na. \u00cen general iese s\u0103 spun\u0103 un lucru important, nu flec\u0103re\u015fte. Ca formul\u0103 de comunicare, de ce s\u0103 intervii telefonic la dou\u0103 televiziuni, c\u0103 e\u015fti prieten cu patronul sau cu directorul?\u201d, a declarat deputatul.\u00a0<\/span><\/p>\n<p data-index=\"6\">Acesta este de p\u0103rere c\u0103 liderul PNL nu minte \u0219i l-a sf\u0103tuit pe Victor Ponta s\u0103 \u00ee\u0219i aduc\u0103 aminte c\u0103 este pre\u0219edintele PSD, dar nu \u0219i pre\u0219edintele PNL.\u00a0<\/p>\n<\/div>\n<p> Source URL: https:\/\/www.digi24.ro\/stiri\/actualitate\/politica\/jurnalul-de-seara-t-baconschi-crin-e-impulsiv-nu-are-inclinatii-spre-mitomanie-si-oricum-nu-are-doctoratul-155540<\/p>\n","protected":false},"excerpt":{"rendered":"<p>\u201eAm vorbit cu domnul Antonescu la telefon luni, era \u0219i Daniel Constantin, luni, am discutat despre comisii de anchet\u0103. Ast\u0103zi ne-am l\u0103murit c\u0103 eu am vorbit de comisia mare, iar domnul Antonescu a \u00een\u021beles c\u0103 era vorba de cea de la Senat pentru care a \u0219i votat\u201d, a afirmat premierul. \u00cenainte de \u00eent\u00e2lnirea celor doi [&hellip;]<\/p>\n","protected":false},"author":1,"featured_media":217922,"comment_status":"open","ping_status":"","sticky":false,"template":"","format":"standard","meta":{"footnotes":""},"categories":[2],"tags":[11],"class_list":["post-217921","post","type-post","status-publish","format-standard","has-post-thumbnail","hentry","category-politics","tag-digi24"],"_links":{"self":[{"href":"https:\/\/analyse.optim.biz\/index.php?rest_route=\/wp\/v2\/posts\/217921","targetHints":{"allow":["GET"]}}],"collection":[{"href":"https:\/\/analyse.optim.biz\/index.php?rest_route=\/wp\/v2\/posts"}],"about":[{"href":"https:\/\/analyse.optim.biz\/index.php?rest_route=\/wp\/v2\/types\/post"}],"author":[{"embeddable":true,"href":"https:\/\/analyse.optim.biz\/index.php?rest_route=\/wp\/v2\/users\/1"}],"replies":[{"embeddable":true,"href":"https:\/\/analyse.optim.biz\/index.php?rest_route=%2Fwp%2Fv2%2Fcomments&post=217921"}],"version-history":[{"count":0,"href":"https:\/\/analyse.optim.biz\/index.php?rest_route=\/wp\/v2\/posts\/217921\/revisions"}],"wp:featuredmedia":[{"embeddable":true,"href":"https:\/\/analyse.optim.biz\/index.php?rest_route=\/wp\/v2\/media\/217922"}],"wp:attachment":[{"href":"https:\/\/analyse.optim.biz\/index.php?rest_route=%2Fwp%2Fv2%2Fmedia&parent=217921"}],"wp:term":[{"taxonomy":"category","embeddable":true,"href":"https:\/\/analyse.optim.biz\/index.php?rest_route=%2Fwp%2Fv2%2Fcategories&post=217921"},{"taxonomy":"post_tag","embeddable":true,"href":"https:\/\/analyse.optim.biz\/index.php?rest_route=%2Fwp%2Fv2%2Ftags&post=217921"}],"curies":[{"name":"wp","href":"https:\/\/api.w.org\/{rel}","templated":true}]}}