{"id":217904,"date":"2013-11-20T23:19:26","date_gmt":"2013-11-20T20:19:26","guid":{"rendered":"https:\/\/analyse.optim.biz\/?p=217904"},"modified":"2013-11-20T23:19:26","modified_gmt":"2013-11-20T20:19:26","slug":"t-basescu-despre-legea-referendumului-o-voi-promulga-la-10-zile-dupa-hotararea-ccr-la-23-si-59-de-minute","status":"publish","type":"post","link":"https:\/\/analyse.optim.biz\/?p=217904","title":{"rendered":"T. B\u0103sescu, despre legea referendumului: O voi promulga la 10 zile dup\u0103 hot\u0103r\u00e2rea CCR, la 23 \u015fi 59 de minute"},"content":{"rendered":"<div class=\"entry data-app-meta data-app-meta-article\" data-embed-base-url-canonical=\"https:\/\/www.digi24.ro\/embed\/stiri\/actualitate\/politica\/t-basescu-despre-legea-referendumului-o-voi-promulga-la-10-zile-dupa-hotararea-ccr-la-23-si-59-de-minute-155550\">\n<p data-index=\"1\">USL vrea s\u0103 fac\u0103 referendum pentru noua Constitu\u0163ie \u00een aceea\u015fi zi cu preziden\u0163ialele, pe 24 sau 30 noiembrie anul viitor. Liderii USL au redus la 30 la sut\u0103 prezen\u0163a a referendum pentru a fi siguri c\u0103 noua Constitu\u0163ie va fi aprobat\u0103 de popor.<\/p>\n<p data-index=\"2\">Curtea a decis c\u0103 acest prag poate fi aplicat doar la un an de la intrarea legii \u00een vigoare. Traian B\u0103sescu a spus c\u0103 va trage de timp cu promulgarea legii at\u00e2t c\u00e2t \u00eei va permite Constitu\u0163ia. \u00cen opinia lui, USL dore\u015fte ca noul pre\u015fedinte s\u0103 fie o marionet\u0103 f\u0103r\u0103 atribu\u0163ii, de aceea insist\u0103 s\u0103 modfice actuala Constitu\u0163ie.<\/p>\n<p data-index=\"3\"><strong>\u201e<\/strong><span><strong>PSD ar fi foarte mul\u0163umit dac\u0103 reu\u015fe\u015fte s\u0103 modifice Constitu\u0163ia odat\u0103 cu alegerile preziden\u0163iale pentru a diminua puterea pre\u015fedintelui \u00een a\u015fa fel \u00eenc\u00e2t s\u0103 pun\u0103 la Cotroceni o maimu\u0163\u0103 \u015fi la Palatul Victoria s\u0103 fie preaputernicul prim-ministru. Voi promulga legea \u00een a zecea zi la ora 23 \u015fi 59 de minute, \u00eencerc\u00e2nd s\u0103 pre\u00eent\u00e2mpin\u0103m un astfel de dezastru\u201d<\/strong>, a declarat Traian B\u0103sescu &#8211; pre\u015fedintele Rom\u00e2niei, la un post de televiziune.\u00a0<\/span><\/p>\n<\/div>\n<p> Source URL: https:\/\/www.digi24.ro\/stiri\/actualitate\/politica\/t-basescu-despre-legea-referendumului-o-voi-promulga-la-10-zile-dupa-hotararea-ccr-la-23-si-59-de-minute-155550<\/p>\n","protected":false},"excerpt":{"rendered":"<p>USL vrea s\u0103 fac\u0103 referendum pentru noua Constitu\u0163ie \u00een aceea\u015fi zi cu preziden\u0163ialele, pe 24 sau 30 noiembrie anul viitor. Liderii USL au redus la 30 la sut\u0103 prezen\u0163a a referendum pentru a fi siguri c\u0103 noua Constitu\u0163ie va fi aprobat\u0103 de popor. Curtea a decis c\u0103 acest prag poate fi aplicat doar la un [&hellip;]<\/p>\n","protected":false},"author":1,"featured_media":217905,"comment_status":"open","ping_status":"","sticky":false,"template":"","format":"standard","meta":{"footnotes":""},"categories":[2],"tags":[11],"class_list":["post-217904","post","type-post","status-publish","format-standard","has-post-thumbnail","hentry","category-politics","tag-digi24"],"_links":{"self":[{"href":"https:\/\/analyse.optim.biz\/index.php?rest_route=\/wp\/v2\/posts\/217904","targetHints":{"allow":["GET"]}}],"collection":[{"href":"https:\/\/analyse.optim.biz\/index.php?rest_route=\/wp\/v2\/posts"}],"about":[{"href":"https:\/\/analyse.optim.biz\/index.php?rest_route=\/wp\/v2\/types\/post"}],"author":[{"embeddable":true,"href":"https:\/\/analyse.optim.biz\/index.php?rest_route=\/wp\/v2\/users\/1"}],"replies":[{"embeddable":true,"href":"https:\/\/analyse.optim.biz\/index.php?rest_route=%2Fwp%2Fv2%2Fcomments&post=217904"}],"version-history":[{"count":0,"href":"https:\/\/analyse.optim.biz\/index.php?rest_route=\/wp\/v2\/posts\/217904\/revisions"}],"wp:featuredmedia":[{"embeddable":true,"href":"https:\/\/analyse.optim.biz\/index.php?rest_route=\/wp\/v2\/media\/217905"}],"wp:attachment":[{"href":"https:\/\/analyse.optim.biz\/index.php?rest_route=%2Fwp%2Fv2%2Fmedia&parent=217904"}],"wp:term":[{"taxonomy":"category","embeddable":true,"href":"https:\/\/analyse.optim.biz\/index.php?rest_route=%2Fwp%2Fv2%2Fcategories&post=217904"},{"taxonomy":"post_tag","embeddable":true,"href":"https:\/\/analyse.optim.biz\/index.php?rest_route=%2Fwp%2Fv2%2Ftags&post=217904"}],"curies":[{"name":"wp","href":"https:\/\/api.w.org\/{rel}","templated":true}]}}