{"id":217893,"date":"2013-11-21T00:54:43","date_gmt":"2013-11-20T21:54:43","guid":{"rendered":"https:\/\/analyse.optim.biz\/?p=217893"},"modified":"2013-11-21T00:54:43","modified_gmt":"2013-11-20T21:54:43","slug":"daniel-constantin-spune-ca-ruptura-cu-pnl-s-a-produs-pentru-ca-nu-a-sprijinit-lupta-impotriva-numirii-lui-kovesi-la-dna","status":"publish","type":"post","link":"https:\/\/analyse.optim.biz\/?p=217893","title":{"rendered":"Daniel Constantin spune c\u0103 ruptura cu PNL s-a produs pentru c\u0103 nu a sprijinit \u201elupta \u00eempotriva numirii lui Kovesi la DNA\u201d"},"content":{"rendered":"<div class=\"entry data-app-meta data-app-meta-article\" data-embed-base-url-canonical=\"https:\/\/www.digi24.ro\/embed\/stiri\/actualitate\/politica\/daniel-constantin-spune-ca-ruptura-cu-pnl-s-a-produs-pentru-ca-nu-a-sprijinit-lupta-impotriva-numirii-lui-kovesi-la-dna-155567\">\n<p data-index=\"1\">\u201eNu-mi doresc s\u0103 amplific un conflict cu Crin Antonescu, decen\u021ba \u00eemi spune c\u0103 nu trebuie s\u0103-l atac pe Crin Antonescu, mai ales personal. (&#8230;) S\u0103pt\u0103m\u00e2na trecut\u0103 eram pentru dl. Antonescu pre\u0219edinte, acum sunt subordonatul domnului Ponta\u201d, a spus Daniel Constantin.<\/p>\n<p data-index=\"2\">El a ad\u0103ugat c\u0103 apreciaz\u0103 c\u0103 Victor Ponta a \u00eencercat s\u0103 \u00eempace situa\u021bia, dar a negat c\u0103 ar fi avut discu\u021bii cu liderul social-democrat \u00een vederea unei alian\u021be interpartinice. A evitat s\u0103 spun\u0103, \u00eens\u0103, dac\u0103 va urm\u0103ri pe viitor o asemenea alian\u021b\u0103 cui PSD.<\/p>\n<p data-index=\"3\">\u201e<span>Am \u00een\u021beles c\u0103 mi se repro\u0219a c\u0103 eram la locul de munc\u0103 \u0219i c\u0103 munceam, s\u0103-mi fac\u0103 \u00een continuare repro\u0219uri de genul asta!\u201d, a men\u021bionat liderul PC, referindu-se la Crin Antonescu.<\/span><\/p>\n<p data-index=\"4\">\u201e<span>Domnul Antonescu probabil c\u0103 voia s\u0103 fiu al\u0103turi de d\u00e2nsul \u00een lupta \u00eempotriva numirii doamnei Kovesi la DNA. I-am explicat c\u0103 nu am atribu\u021bii, din punct de vedere al pre\u0219edintelui PC, s\u0103 m\u0103 exprim public cu privire la numirea unui procuror \u0219i probabil c\u0103 lucrul acesta nu a fost pe placul lui Crin Antonescu\u201d, a punctat Daniel Constantin.<\/span><\/p>\n<p data-index=\"5\">Cu toate acestea, el a spus c\u0103 e foarte bine ca USL s\u0103 continue ca alian\u021b\u0103 \u0219i ca fo\u0219tii parteneri s\u0103 se \u00een\u021beleag\u0103 bine la nivel guvernamental.<\/p>\n<p data-index=\"6\">\u00cen ceea ce prive\u0219te <a href=\"https:\/\/www.digi24.ro\/Stiri\/Digi24\/Actualitate\/Politica\/Ponta+A+fost+o+neintelegere+cu+Antonescu+credea+ca+vorbesc+despr\" target=\"_blank\" data-skip-linkfix=\"1\" rel=\"noopener\">controversatul telefon<\/a> dat de Victor Ponta lui Crin Antonescu, Daniel Constantin a confirmat c\u0103 era de fa\u021b\u0103, a\u0219a cum a spus \u0219i premierul, dar a precizat c\u0103 nu a dat aten\u021bie discu\u021biei, din polite\u021be, \u0219i <a href=\"https:\/\/www.digi24.ro\/Stiri\/Digi24\/Actualitate\/Politica\/Dispute+PNL-PSD+pentru+comisia+de+ancheta+privind+cazul+Calarasi\" target=\"_blank\" data-skip-linkfix=\"1\" rel=\"noopener\">nu \u0219tie despre care dintre comisiile parlamentare au vorbit.<\/a><\/p>\n<p data-index=\"7\">Urm\u0103ri\u021bi declara\u021biile lui Daniel Constantin \u00een materialul video de mai sus.<\/p>\n<\/div>\n<p> Source URL: https:\/\/www.digi24.ro\/stiri\/actualitate\/politica\/daniel-constantin-spune-ca-ruptura-cu-pnl-s-a-produs-pentru-ca-nu-a-sprijinit-lupta-impotriva-numirii-lui-kovesi-la-dna-155567<\/p>\n","protected":false},"excerpt":{"rendered":"<p>\u201eNu-mi doresc s\u0103 amplific un conflict cu Crin Antonescu, decen\u021ba \u00eemi spune c\u0103 nu trebuie s\u0103-l atac pe Crin Antonescu, mai ales personal. (&#8230;) S\u0103pt\u0103m\u00e2na trecut\u0103 eram pentru dl. Antonescu pre\u0219edinte, acum sunt subordonatul domnului Ponta\u201d, a spus Daniel Constantin. El a ad\u0103ugat c\u0103 apreciaz\u0103 c\u0103 Victor Ponta a \u00eencercat s\u0103 \u00eempace situa\u021bia, dar a [&hellip;]<\/p>\n","protected":false},"author":1,"featured_media":217894,"comment_status":"open","ping_status":"","sticky":false,"template":"","format":"standard","meta":{"footnotes":""},"categories":[2],"tags":[11],"class_list":["post-217893","post","type-post","status-publish","format-standard","has-post-thumbnail","hentry","category-politics","tag-digi24"],"_links":{"self":[{"href":"https:\/\/analyse.optim.biz\/index.php?rest_route=\/wp\/v2\/posts\/217893","targetHints":{"allow":["GET"]}}],"collection":[{"href":"https:\/\/analyse.optim.biz\/index.php?rest_route=\/wp\/v2\/posts"}],"about":[{"href":"https:\/\/analyse.optim.biz\/index.php?rest_route=\/wp\/v2\/types\/post"}],"author":[{"embeddable":true,"href":"https:\/\/analyse.optim.biz\/index.php?rest_route=\/wp\/v2\/users\/1"}],"replies":[{"embeddable":true,"href":"https:\/\/analyse.optim.biz\/index.php?rest_route=%2Fwp%2Fv2%2Fcomments&post=217893"}],"version-history":[{"count":0,"href":"https:\/\/analyse.optim.biz\/index.php?rest_route=\/wp\/v2\/posts\/217893\/revisions"}],"wp:featuredmedia":[{"embeddable":true,"href":"https:\/\/analyse.optim.biz\/index.php?rest_route=\/wp\/v2\/media\/217894"}],"wp:attachment":[{"href":"https:\/\/analyse.optim.biz\/index.php?rest_route=%2Fwp%2Fv2%2Fmedia&parent=217893"}],"wp:term":[{"taxonomy":"category","embeddable":true,"href":"https:\/\/analyse.optim.biz\/index.php?rest_route=%2Fwp%2Fv2%2Fcategories&post=217893"},{"taxonomy":"post_tag","embeddable":true,"href":"https:\/\/analyse.optim.biz\/index.php?rest_route=%2Fwp%2Fv2%2Ftags&post=217893"}],"curies":[{"name":"wp","href":"https:\/\/api.w.org\/{rel}","templated":true}]}}