{"id":217890,"date":"2013-11-21T01:38:35","date_gmt":"2013-11-20T22:38:35","guid":{"rendered":"https:\/\/analyse.optim.biz\/?p=217890"},"modified":"2013-11-21T01:38:35","modified_gmt":"2013-11-20T22:38:35","slug":"traian-basescu-in-usl-este-o-lupta-pentru-a-decide-cine-e-jupan-in-alianta","status":"publish","type":"post","link":"https:\/\/analyse.optim.biz\/?p=217890","title":{"rendered":"Traian B\u0103sescu: \u00cen USL este o lupt\u0103 pentru a decide cine e \u201ejup\u00e2n\u201d \u00een alian\u021b\u0103"},"content":{"rendered":"<div class=\"entry data-app-meta data-app-meta-article\" data-embed-base-url-canonical=\"https:\/\/www.digi24.ro\/embed\/stiri\/actualitate\/politica\/traian-basescu-in-usl-este-o-lupta-pentru-a-decide-cine-e-jupan-in-alianta-155574\">\n<p data-index=\"1\"><img decoding=\"async\" src=\"https:\/\/analyse.optim.biz\/wp-content\/uploads\/2024\/09\/ptnjnzyznzrhodyynjqwzmuznty4zwfhyzczmtqxy2y1-thumb_.jpg\" data-skip-htmlfix=\"1\" title=\"ptnjnzyznzrhodyynjqwzmuznty4zwfhyzczmtqxy2y1-thumb_\">\u201e<span>Nu \u015ftiu care s\u0103 pun\u0103 comisia sub control, v\u0103 da\u0163i seama ce pl\u0103cut ar fi un partid s\u0103 ias\u0103 s\u0103 spun\u0103 concluziile &#8211; &#8220;\u00cen concluzie, se sesizeaz\u0103 Parchetul&#8221;. Nu mai bine, dac\u0103 sunt cinsti\u0163i, \u015fi nu vor s\u0103 fac\u0103 un joc politic \u015fi vor s\u0103 afle adev\u0103rul, nu mai bine fac o pl\u00e2ngere la Parchet, acum?&#8221;, a declarat pre\u0219edintele B\u0103sescu, miercuri seara, \u00eentr-o emisiune televizat\u0103.<\/span><\/p>\n<p data-index=\"2\">Traian B\u0103sescu a declarat, miercuri sear\u0103, c\u0103 terenul din C\u0103l\u0103ra\u015fi a fost achizi\u0163ionat cinsitit, fiind vorba despre o afacere de familie. El a men\u0163ionat c\u0103 nu \u015fi-ar fi permis ilegalit\u0103\u0163i \u015fi c\u0103, de fapt, USL \u00een ansamblu face un joc politic. CEC Bank a fost aleas\u0103 \u00eentruc\u00e2t este singura banc\u0103 ce finan\u021beaz\u0103 agricultura, a explicat pre\u0219edintele. El a dezv\u0103luut c\u0103 familia sa ar dori s\u0103 mai achizi\u0163ioneze teren p\u00e2n\u0103 la 500 de hectare, pentru a face rentabil\u0103 \u015fi achizi\u0163ia de ma\u015fini agricole \u00een leasing.<\/p>\n<p data-index=\"3\">\u0218eful statului a precizat, \u00eens\u0103, c\u0103 nu va ie\u015fi din politic\u0103 \u015fi nici nu va cultiva singur acest p\u0103m\u00e2nt.<\/p>\n<p data-index=\"4\">Pre\u015fedintele a ar\u0103tat c\u0103 s-a consultat cu mai mul\u0163i agricultori \u015fi oameni din domeniu, nu doar cu consilierul preziden\u0163ial Adrian R\u0103dulescu, dar nu le va spune numele, pentru c\u0103, probabil de a doua zi se face o comisie de anchet\u0103 \u015fi pentru ei.<\/p>\n<p data-index=\"5\">\u201eAstea-s vremurile, v\u0103d c\u0103 e o comisie la Senat, se mai face una cu Camerele reunite, notarii au f\u0103cut \u015fi ei o comisie (..) Cred c\u0103 \u015fi \u0103\u015ftia, Uniunea Compozitorilor, trebuie s\u0103 fac\u0103 o comisie, pentru c\u0103, prin lanul de gr\u00e2u care a r\u0103s\u0103rit, c\u00e2nt\u0103 greieri, \u015fi mai trebuie o comisie, s\u0103 vedem de ce c\u00e2nt\u0103 greierii pe tarlaua familiei B\u0103sescu&#8221;, a spus \u015feful statului.<\/p>\n<h5>Cine e jup\u00e2n \u00een USL?<\/h5>\n<p data-index=\"6\">Pre\u015fedintele a repetat p\u0103rerea sa, enun\u021bat\u0103 \u00een mai multe r\u00e2nduri, c\u0103 USL nu se va rupe, dar a apreciat c\u0103 acum are loc \u00een interior o lupt\u0103, pentru a se vedea \u201ecine este jup\u00e2n \u00een alian\u0163\u0103\u201d. \u00cen context, el a spus c\u0103 \u201ePonta este mai lipsit de caracter dec\u00e2t Antonescu, vrea s\u0103 par\u0103 \u00eentotdeauna st\u0103p\u00e2nul inelelor&#8221;.<\/p>\n<p data-index=\"7\">\u201eVor merge \u00eempreun\u0103, pentru c\u0103 este o miz\u0103, \u015fi anume PSD ar fi foarte mul\u0163umit dac\u0103 referendumul pentru revizuirea Constitu\u0163iei va avea loc odat\u0103 cu preziden\u0163ialele, pentru a diminua puterile pre\u015fedintelui \u00een a\u015fa fel \u00eenc\u00e2t s\u0103 pun\u0103 la Cotroceni o maimu\u0163\u0103 \u015fi la Palatul Victoria s\u0103 fie preaputernicul premier&#8221;, a comentat Traian B\u0103sescu.<\/p>\n<p data-index=\"8\">\u00cen opinia pre\u015fedintelui, acesta este motivul pentru care PSD pune problema refrendumului pentru func\u0163ia preziden\u0163ial\u0103 simultan cu revizuirea Constitu\u0163iei.<\/p>\n<h5>Pactul, \u00eenc\u0103 \u00een analiz\u0103<\/h5>\n<p data-index=\"9\">\u00centrebat despre faptul c\u0103 declara, \u00een urm\u0103 cu o vreme, c\u0103 analizeaz\u0103 dac\u0103 pactul de coabitare a fost \u00eenc\u0103lcat de premier, exist\u00e2nd posibilitatea s\u0103 \u00eel denun\u0163e, pre\u0219edintele a spus, r\u00e2z\u00e2nd, c\u0103 nu a terminat \u00eenc\u0103 analiza.<\/p>\n<p data-index=\"10\">\u201eCe s\u0103 spun despre pactul \u0103sta? St\u0103m \u00een Constitu\u0163ie, \u00een legi, \u00een cooperarea institu\u0163ional\u0103. Ce s\u0103 mai spun despre el?&#8221;, a comentat pre\u015fedintele Traian B\u0103sescu.<\/p>\n<p data-index=\"11\">Pre\u015fedintele Traian B\u0103sescu a povestit c\u0103 a vorbit recent cu un cadru universitar, de la o universitate de Drept din Bucure\u015fti, care are un ciclu de trei conferin\u0163e la Sorbona, unul din puncte fiind pactul de coabitare dintre pre\u015fedintele Rom\u00e2niei \u015fi prim-ministrul Guvernului, la catedra de drept constitu\u0163ional de la Sorbona.<\/p>\n<p data-index=\"12\">\u00a0\u201eE o noutate constitu\u0163ional\u0103 absolut\u0103 (&#8230;) Era o \u015fans\u0103 uria\u015f\u0103 pentru Ponta s\u0103 fac\u0103 un doctorat pe acest pact de coabitare, pentru c\u0103 sigur nu ar fi putut fi plagiat, pentru c\u0103 este unic \u00een istoria Uniunii Europene, un pact de coabitare. Francezii au avut tradi\u0163ional\u0103 coabitarea, dar f\u0103r\u0103 s\u0103 fie un document scris&#8221;, a spus B\u0103sescu.<\/p>\n<p data-index=\"13\">\u015eeful statului a mai spus c\u0103 cine va face un doctorat pe pact, sigur nu va putea fi acuzat de plagiat.<\/p>\n<p data-index=\"14\">\u00a0\u201eO idee pentru Ponta, poate \u00ee\u015fi reface titlul de doctor\u201d, a men\u0163ionat Traian B\u0103sescu.<\/p>\n<p data-index=\"15\">El a mai ar\u0103tat c\u0103 nu are cum s\u0103 \u00eel ierte pe premier pentru c\u0103, \u201ea\u015fa cum a furat \u015ftiin\u0163\u0103 altora \u015fi \u015fi-a \u00eensu\u015fit-o, a\u015fa fur\u0103 adev\u0103ruri \u00een guvernare&#8221;.<\/p>\n<p data-index=\"16\">&#8220;Omul \u0103sta minte minte ori de c\u00e2te ori are ocazia, \u015fi o s\u0103 vede\u0163i, c\u00e2nd e \u00eentr-o situa\u0163ie dificil\u0103, minte \u015fi mai mult&#8221;, a mai spus B\u0103sescu.<\/p>\n<\/div>\n<p> Source URL: https:\/\/www.digi24.ro\/stiri\/actualitate\/politica\/traian-basescu-in-usl-este-o-lupta-pentru-a-decide-cine-e-jupan-in-alianta-155574<\/p>\n","protected":false},"excerpt":{"rendered":"<p>\u201eNu \u015ftiu care s\u0103 pun\u0103 comisia sub control, v\u0103 da\u0163i seama ce pl\u0103cut ar fi un partid s\u0103 ias\u0103 s\u0103 spun\u0103 concluziile &#8211; &#8220;\u00cen concluzie, se sesizeaz\u0103 Parchetul&#8221;. Nu mai bine, dac\u0103 sunt cinsti\u0163i, \u015fi nu vor s\u0103 fac\u0103 un joc politic \u015fi vor s\u0103 afle adev\u0103rul, nu mai bine fac o pl\u00e2ngere la Parchet, [&hellip;]<\/p>\n","protected":false},"author":1,"featured_media":217891,"comment_status":"open","ping_status":"","sticky":false,"template":"","format":"standard","meta":{"footnotes":""},"categories":[2],"tags":[11],"class_list":["post-217890","post","type-post","status-publish","format-standard","has-post-thumbnail","hentry","category-politics","tag-digi24"],"_links":{"self":[{"href":"https:\/\/analyse.optim.biz\/index.php?rest_route=\/wp\/v2\/posts\/217890","targetHints":{"allow":["GET"]}}],"collection":[{"href":"https:\/\/analyse.optim.biz\/index.php?rest_route=\/wp\/v2\/posts"}],"about":[{"href":"https:\/\/analyse.optim.biz\/index.php?rest_route=\/wp\/v2\/types\/post"}],"author":[{"embeddable":true,"href":"https:\/\/analyse.optim.biz\/index.php?rest_route=\/wp\/v2\/users\/1"}],"replies":[{"embeddable":true,"href":"https:\/\/analyse.optim.biz\/index.php?rest_route=%2Fwp%2Fv2%2Fcomments&post=217890"}],"version-history":[{"count":0,"href":"https:\/\/analyse.optim.biz\/index.php?rest_route=\/wp\/v2\/posts\/217890\/revisions"}],"wp:featuredmedia":[{"embeddable":true,"href":"https:\/\/analyse.optim.biz\/index.php?rest_route=\/wp\/v2\/media\/217891"}],"wp:attachment":[{"href":"https:\/\/analyse.optim.biz\/index.php?rest_route=%2Fwp%2Fv2%2Fmedia&parent=217890"}],"wp:term":[{"taxonomy":"category","embeddable":true,"href":"https:\/\/analyse.optim.biz\/index.php?rest_route=%2Fwp%2Fv2%2Fcategories&post=217890"},{"taxonomy":"post_tag","embeddable":true,"href":"https:\/\/analyse.optim.biz\/index.php?rest_route=%2Fwp%2Fv2%2Ftags&post=217890"}],"curies":[{"name":"wp","href":"https:\/\/api.w.org\/{rel}","templated":true}]}}