{"id":217879,"date":"2013-11-21T01:48:12","date_gmt":"2013-11-20T22:48:12","guid":{"rendered":"https:\/\/analyse.optim.biz\/?p=217879"},"modified":"2013-11-21T01:48:12","modified_gmt":"2013-11-20T22:48:12","slug":"daniel-constantin-orice-ministru-al-agriculturii-ar-fi-bucuros-daca-presedintele-s-ar-orienta-catre-agricultura","status":"publish","type":"post","link":"https:\/\/analyse.optim.biz\/?p=217879","title":{"rendered":"Daniel Constantin: Orice ministru al Agriculturii ar fi bucuros dac\u0103 pre\u0219edintele s-ar orienta c\u0103tre agricultur\u0103"},"content":{"rendered":"<div class=\"entry data-app-meta data-app-meta-article\" data-embed-base-url-canonical=\"https:\/\/www.digi24.ro\/embed\/stiri\/actualitate\/politica\/daniel-constantin-orice-ministru-al-agriculturii-ar-fi-bucuros-daca-presedintele-s-ar-orienta-catre-agricultura-155580\">\n<p data-index=\"1\">\u201eSigur, eu cred c\u0103 s-a \u00eendreptat c\u0103tre agricultur\u0103 nu numai din motive de eficien\u021b\u0103 economic\u0103, cred c\u0103 e \u0219i pu\u021bin\u0103 demagogie aici, mai ales c\u0103 zona de agricultur\u0103, \u00een momentul \u00een care a \u00eenceput s\u0103 se dezvolte, de c\u00e2\u021biva ani de zile, atrage \u0219i din punct de vedere electoral. Dar pentru mine, ca ministru al Agriculturii, e o recunoa\u0219tere a faptului c\u0103 \u00een agricultur\u0103 exist\u0103 viitor \u0219i exist\u0103 un poten\u021bial de dezvoltare de afacerilor \u0219i de creare a locurilor de munc\u0103\u201d, a spus <strong>Daniel Constantin<\/strong> \u00een emisiunea <strong>\u201eImpar\u021bial\u201d de la Digi24<\/strong>.<\/p>\n<p data-index=\"2\">Ministrul a vorbit \u0219i despre comisia parlamentar\u0103 de anchet\u0103 pe tema achizi\u021bion\u0103rii terenului de la C\u0103l\u0103ra\u0219i de c\u0103tre familia B\u0103sescu. El a subliniat c\u0103 niciodat\u0103 nu a vorbit de legalitate sau ilegalitate cu privire la Ioana B\u0103sescu sau la pre\u0219edinte ca persoane fizice.<\/p>\n<p data-index=\"3\">Ministrul Agriculturii a recunoscut c\u0103 pre\u0219edintele a f\u0103cut o afacere bun\u0103 \u0219i a explicat c\u0103 pre\u021bul terenului s-ar putea s\u0103 fi fost mai mare pentru c\u0103 este vorba de o suprafa\u021b\u0103 \u00eentins\u0103, dar compact\u0103, ceea ce e mai greu de g\u0103sit.<\/p>\n<p data-index=\"4\">Totu\u0219i, Daniel Constantin a eviden\u021biat dou\u0103 aspecte care ridic\u0103 dubii \u0219i care \u021bin de \u201emeseria\u201d sa. Primul ar fi legat de plata subven\u021biilor c\u0103tre persoana care a avut \u00een exploatare terenul \u00eenainte de a-l \u00eenstr\u0103ina. Acea persoan\u0103 ar fi trebuit s\u0103 fac\u0103 dovada c\u0103 \u00eel exploateaz\u0103 p\u00e2n\u0103 \u00een decembrie, altfel trebuie s\u0103 returneze banii. Al doilea aspect \u021bine de verificarea procedurii prin care s-a asigurat dreptul de preemp\u021biune.<\/p>\n<p data-index=\"5\">Urm\u0103ri\u021bi explica\u021biile ministrului Daniel Constantin \u00een materialul video de mai sus.<\/p>\n<\/div>\n<p> Source URL: https:\/\/www.digi24.ro\/stiri\/actualitate\/politica\/daniel-constantin-orice-ministru-al-agriculturii-ar-fi-bucuros-daca-presedintele-s-ar-orienta-catre-agricultura-155580<\/p>\n","protected":false},"excerpt":{"rendered":"<p>\u201eSigur, eu cred c\u0103 s-a \u00eendreptat c\u0103tre agricultur\u0103 nu numai din motive de eficien\u021b\u0103 economic\u0103, cred c\u0103 e \u0219i pu\u021bin\u0103 demagogie aici, mai ales c\u0103 zona de agricultur\u0103, \u00een momentul \u00een care a \u00eenceput s\u0103 se dezvolte, de c\u00e2\u021biva ani de zile, atrage \u0219i din punct de vedere electoral. Dar pentru mine, ca ministru al [&hellip;]<\/p>\n","protected":false},"author":1,"featured_media":217880,"comment_status":"open","ping_status":"","sticky":false,"template":"","format":"standard","meta":{"footnotes":""},"categories":[2],"tags":[11],"class_list":["post-217879","post","type-post","status-publish","format-standard","has-post-thumbnail","hentry","category-politics","tag-digi24"],"_links":{"self":[{"href":"https:\/\/analyse.optim.biz\/index.php?rest_route=\/wp\/v2\/posts\/217879","targetHints":{"allow":["GET"]}}],"collection":[{"href":"https:\/\/analyse.optim.biz\/index.php?rest_route=\/wp\/v2\/posts"}],"about":[{"href":"https:\/\/analyse.optim.biz\/index.php?rest_route=\/wp\/v2\/types\/post"}],"author":[{"embeddable":true,"href":"https:\/\/analyse.optim.biz\/index.php?rest_route=\/wp\/v2\/users\/1"}],"replies":[{"embeddable":true,"href":"https:\/\/analyse.optim.biz\/index.php?rest_route=%2Fwp%2Fv2%2Fcomments&post=217879"}],"version-history":[{"count":0,"href":"https:\/\/analyse.optim.biz\/index.php?rest_route=\/wp\/v2\/posts\/217879\/revisions"}],"wp:featuredmedia":[{"embeddable":true,"href":"https:\/\/analyse.optim.biz\/index.php?rest_route=\/wp\/v2\/media\/217880"}],"wp:attachment":[{"href":"https:\/\/analyse.optim.biz\/index.php?rest_route=%2Fwp%2Fv2%2Fmedia&parent=217879"}],"wp:term":[{"taxonomy":"category","embeddable":true,"href":"https:\/\/analyse.optim.biz\/index.php?rest_route=%2Fwp%2Fv2%2Fcategories&post=217879"},{"taxonomy":"post_tag","embeddable":true,"href":"https:\/\/analyse.optim.biz\/index.php?rest_route=%2Fwp%2Fv2%2Ftags&post=217879"}],"curies":[{"name":"wp","href":"https:\/\/api.w.org\/{rel}","templated":true}]}}