{"id":217865,"date":"2013-11-21T10:36:50","date_gmt":"2013-11-21T07:36:50","guid":{"rendered":"https:\/\/analyse.optim.biz\/?p=217865"},"modified":"2013-11-21T10:36:50","modified_gmt":"2013-11-21T07:36:50","slug":"traian-basescu-ameninta-ca-intoarce-bugetul-daca-ramane-asa-il-voi-trimite-inapoi","status":"publish","type":"post","link":"https:\/\/analyse.optim.biz\/?p=217865","title":{"rendered":"Traian B\u0103sescu amenin\u021b\u0103 c\u0103 \u00eentoarce bugetul: \u201eDac\u0103 r\u0103m\u00e2ne a\u0219a, \u00eel voi trimite \u00eenapoi\u201d"},"content":{"rendered":"<div class=\"entry data-app-meta data-app-meta-article\" data-embed-base-url-canonical=\"https:\/\/www.digi24.ro\/embed\/stiri\/actualitate\/politica\/traian-basescu-ameninta-ca-intoarce-bugetul-daca-ramane-asa-il-voi-trimite-inapoi-155694\">\n<p data-index=\"1\">\u201e<span><strong>Eu voi trimite bugetul \u00eenapoi dac\u0103 r\u0103m\u00e2ne a\u0219a. \u0218i v\u0103 dau argumentul unde: am v\u0103zut la ministerul domnului Dragnea este o cre\u0219tere a bugetului cu vreo 1.500 de miliarde. S\u0103 vede\u021bi unde merge cre\u0219terea asta: regenerare urban\u0103, programe de regenerare urban\u0103 a municipiilor \u0219i ora\u0219elor\u201d,<\/strong> a declarat \u0219eful statului \u00eentr-o emisiune televizat\u0103.<\/span><\/p>\n<p data-index=\"2\">Se anun\u021b\u0103 discu\u0163ii aprinse \u00een privin\u0163a proiectului de buget. Nu toat\u0103 lumea prime\u015fte bani \u00een plus anul viitor. C\u00e2\u015ftig\u0103 ceva bani \u00een plus Administra\u0163ia Preziden\u0163ial\u0103, Senatul, Camera Deputa\u0163ilor, Ministerul Dezvolt\u0103rii. Pierd \u00eens\u0103 Ministerul Justi\u0163iei, Ministerul Culturii, Ministerul de Interne \u015fi Ministerul S\u0103n\u0103t\u0103\u0163ii.<\/p>\n<\/div>\n<p> Source URL: https:\/\/www.digi24.ro\/stiri\/actualitate\/politica\/traian-basescu-ameninta-ca-intoarce-bugetul-daca-ramane-asa-il-voi-trimite-inapoi-155694<\/p>\n","protected":false},"excerpt":{"rendered":"<p>\u201eEu voi trimite bugetul \u00eenapoi dac\u0103 r\u0103m\u00e2ne a\u0219a. \u0218i v\u0103 dau argumentul unde: am v\u0103zut la ministerul domnului Dragnea este o cre\u0219tere a bugetului cu vreo 1.500 de miliarde. S\u0103 vede\u021bi unde merge cre\u0219terea asta: regenerare urban\u0103, programe de regenerare urban\u0103 a municipiilor \u0219i ora\u0219elor\u201d, a declarat \u0219eful statului \u00eentr-o emisiune televizat\u0103. Se anun\u021b\u0103 discu\u0163ii [&hellip;]<\/p>\n","protected":false},"author":1,"featured_media":217866,"comment_status":"open","ping_status":"","sticky":false,"template":"","format":"standard","meta":{"footnotes":""},"categories":[2],"tags":[11],"class_list":["post-217865","post","type-post","status-publish","format-standard","has-post-thumbnail","hentry","category-politics","tag-digi24"],"_links":{"self":[{"href":"https:\/\/analyse.optim.biz\/index.php?rest_route=\/wp\/v2\/posts\/217865","targetHints":{"allow":["GET"]}}],"collection":[{"href":"https:\/\/analyse.optim.biz\/index.php?rest_route=\/wp\/v2\/posts"}],"about":[{"href":"https:\/\/analyse.optim.biz\/index.php?rest_route=\/wp\/v2\/types\/post"}],"author":[{"embeddable":true,"href":"https:\/\/analyse.optim.biz\/index.php?rest_route=\/wp\/v2\/users\/1"}],"replies":[{"embeddable":true,"href":"https:\/\/analyse.optim.biz\/index.php?rest_route=%2Fwp%2Fv2%2Fcomments&post=217865"}],"version-history":[{"count":0,"href":"https:\/\/analyse.optim.biz\/index.php?rest_route=\/wp\/v2\/posts\/217865\/revisions"}],"wp:featuredmedia":[{"embeddable":true,"href":"https:\/\/analyse.optim.biz\/index.php?rest_route=\/wp\/v2\/media\/217866"}],"wp:attachment":[{"href":"https:\/\/analyse.optim.biz\/index.php?rest_route=%2Fwp%2Fv2%2Fmedia&parent=217865"}],"wp:term":[{"taxonomy":"category","embeddable":true,"href":"https:\/\/analyse.optim.biz\/index.php?rest_route=%2Fwp%2Fv2%2Fcategories&post=217865"},{"taxonomy":"post_tag","embeddable":true,"href":"https:\/\/analyse.optim.biz\/index.php?rest_route=%2Fwp%2Fv2%2Ftags&post=217865"}],"curies":[{"name":"wp","href":"https:\/\/api.w.org\/{rel}","templated":true}]}}