{"id":217854,"date":"2013-11-21T10:48:13","date_gmt":"2013-11-21T07:48:13","guid":{"rendered":"https:\/\/analyse.optim.biz\/?p=217854"},"modified":"2013-11-21T10:48:13","modified_gmt":"2013-11-21T07:48:13","slug":"traian-basescu-varianta-de-descentralizare-a-guvernului-este-o-crima-administrativa","status":"publish","type":"post","link":"https:\/\/analyse.optim.biz\/?p=217854","title":{"rendered":"Traian B\u0103sescu: Varianta de descentralizare a Guvernului este \u201eo crim\u0103 administrativ\u0103\u201d"},"content":{"rendered":"<div class=\"entry data-app-meta data-app-meta-article\" data-embed-base-url-canonical=\"https:\/\/www.digi24.ro\/embed\/stiri\/actualitate\/politica\/traian-basescu-varianta-de-descentralizare-a-guvernului-este-o-crima-administrativa-155710\">\n<p data-index=\"1\">\u201eRom\u00e2nia va fi r\u0103v\u0103\u0219it\u0103 \u00een interes electoral. Pur \u0219i simplu se d\u0103 o lovitur\u0103 func\u021bion\u0103rii institu\u021biilor din Rom\u00e2nia\u201d, a spus pre\u0219edintele.<\/p>\n<p data-index=\"2\">\u201eNu vreau s\u0103 fiu alarmist, dar avertizez public c\u0103 e o crim\u0103 administrativ\u0103. \u0218i nu neap\u0103rat pentru c\u0103 s-ar da peste cap func\u021bionarea acestor institu\u021bii. V\u0103 dau scris c\u0103 dac\u0103 vor face aceast\u0103 mi\u0219care care este antina\u021bional\u0103 vor trebui, \u00een c\u00e2teva s\u0103pt\u0103m\u00e2ni, luni, s\u0103 re\u00eenfiin\u021beze direc\u021bii, pentru c\u0103 ce dai baronului nu mai iei \u00eenapoi. Cum va face Ministerul S\u0103n\u0103t\u0103\u021bii politica s\u0103n\u0103t\u0103\u021bii, dac\u0103 nu mai are direc\u021biile din teritoriu?\u201d, a spus Traian B\u0103sescu.<\/p>\n<\/div>\n<p> Source URL: https:\/\/www.digi24.ro\/stiri\/actualitate\/politica\/traian-basescu-varianta-de-descentralizare-a-guvernului-este-o-crima-administrativa-155710<\/p>\n","protected":false},"excerpt":{"rendered":"<p>\u201eRom\u00e2nia va fi r\u0103v\u0103\u0219it\u0103 \u00een interes electoral. Pur \u0219i simplu se d\u0103 o lovitur\u0103 func\u021bion\u0103rii institu\u021biilor din Rom\u00e2nia\u201d, a spus pre\u0219edintele. \u201eNu vreau s\u0103 fiu alarmist, dar avertizez public c\u0103 e o crim\u0103 administrativ\u0103. \u0218i nu neap\u0103rat pentru c\u0103 s-ar da peste cap func\u021bionarea acestor institu\u021bii. V\u0103 dau scris c\u0103 dac\u0103 vor face aceast\u0103 mi\u0219care [&hellip;]<\/p>\n","protected":false},"author":1,"featured_media":217855,"comment_status":"open","ping_status":"","sticky":false,"template":"","format":"standard","meta":{"footnotes":""},"categories":[2],"tags":[11],"class_list":["post-217854","post","type-post","status-publish","format-standard","has-post-thumbnail","hentry","category-politics","tag-digi24"],"_links":{"self":[{"href":"https:\/\/analyse.optim.biz\/index.php?rest_route=\/wp\/v2\/posts\/217854","targetHints":{"allow":["GET"]}}],"collection":[{"href":"https:\/\/analyse.optim.biz\/index.php?rest_route=\/wp\/v2\/posts"}],"about":[{"href":"https:\/\/analyse.optim.biz\/index.php?rest_route=\/wp\/v2\/types\/post"}],"author":[{"embeddable":true,"href":"https:\/\/analyse.optim.biz\/index.php?rest_route=\/wp\/v2\/users\/1"}],"replies":[{"embeddable":true,"href":"https:\/\/analyse.optim.biz\/index.php?rest_route=%2Fwp%2Fv2%2Fcomments&post=217854"}],"version-history":[{"count":0,"href":"https:\/\/analyse.optim.biz\/index.php?rest_route=\/wp\/v2\/posts\/217854\/revisions"}],"wp:featuredmedia":[{"embeddable":true,"href":"https:\/\/analyse.optim.biz\/index.php?rest_route=\/wp\/v2\/media\/217855"}],"wp:attachment":[{"href":"https:\/\/analyse.optim.biz\/index.php?rest_route=%2Fwp%2Fv2%2Fmedia&parent=217854"}],"wp:term":[{"taxonomy":"category","embeddable":true,"href":"https:\/\/analyse.optim.biz\/index.php?rest_route=%2Fwp%2Fv2%2Fcategories&post=217854"},{"taxonomy":"post_tag","embeddable":true,"href":"https:\/\/analyse.optim.biz\/index.php?rest_route=%2Fwp%2Fv2%2Ftags&post=217854"}],"curies":[{"name":"wp","href":"https:\/\/api.w.org\/{rel}","templated":true}]}}