{"id":217840,"date":"2013-11-21T12:19:23","date_gmt":"2013-11-21T09:19:23","guid":{"rendered":"https:\/\/analyse.optim.biz\/?p=217840"},"modified":"2013-11-21T12:19:23","modified_gmt":"2013-11-21T09:19:23","slug":"pnl-amana-decizia-privind-infiintarea-comisiei-de-ancheta-pentru-terenul-ioanei-basescu","status":"publish","type":"post","link":"https:\/\/analyse.optim.biz\/?p=217840","title":{"rendered":"PNL am\u00e2n\u0103 decizia privind \u00eenfiin\u021barea comisiei de anchet\u0103 pentru terenul Ioanei B\u0103sescu"},"content":{"rendered":"<div class=\"entry data-app-meta data-app-meta-article\" data-embed-base-url-canonical=\"https:\/\/www.digi24.ro\/embed\/stiri\/actualitate\/politica\/pnl-amana-decizia-privind-infiintarea-comisiei-de-ancheta-pentru-terenul-ioanei-basescu-155780\">\n<p data-index=\"1\"><img decoding=\"async\" src=\"https:\/\/analyse.optim.biz\/wp-content\/uploads\/2024\/09\/jnc9odawjmhhc2g9mgnln2q2nzqxmthjodhlmdq2mwu5zmvmnjuzyjrjmjq-thumb_.jpg\" data-skip-htmlfix=\"1\" title=\"jnc9odawjmhhc2g9mgnln2q2nzqxmthjodhlmdq2mwu5zmvmnjuzyjrjmjq-thumb_\"><\/p>\n<p data-index=\"2\"><strong>ACTUALIZARE 12.35.<\/strong> Pre\u0219edintele PNL Crin Antonescu face declara\u021bii de pres\u0103 la ora 14.00.<\/p>\n<p data-index=\"3\">________________________<\/p>\n<p data-index=\"4\">Ast\u0103zi se confirm\u0103 ceea ce era evident \u00eenc\u0103 de ieri, c\u0103 liberalii nu vor s\u0103 ia discu\u021biile pe care le-au avut cu social-democra\u021bii drept ultimatum. \u00cen \u0219edin\u021ba USL de ieri, PSD le-a cerut s\u0103 ia o decizie p\u00e2n\u0103 ast\u0103zi, dac\u0103 sus\u021bin sau nu comisia de anchet\u0103, av\u00e2nd \u00een vedere c\u0103 \u00een aceast\u0103 dup\u0103-amiaz\u0103 este o \u0219edin\u021b\u0103 a conducerii Parlamentului \u00een care ar fi trebuit s\u0103 se stabileasc\u0103 prin vot dac\u0103 s\u0103 se \u00eenfiin\u021beze sau nu aceast\u0103 comisie.<\/p>\n<p data-index=\"5\">Liberii <a href=\"https:\/\/www.digi24.ro\/Stiri\/Digi24\/Actualitate\/Politica\/Dispute+PNL-PSD+pentru+comisia+de+ancheta+privind+cazul+Calarasi\" target=\"_blank\" data-skip-linkfix=\"1\" rel=\"noopener\"><strong>spuneau \u00eenc\u0103 de ieri<\/strong><\/a> c\u0103 nu este nicio grab\u0103 \u0219i c\u0103 \u00een niciun caz nu vor s\u0103 reac\u021bioneze la comanda social-democra\u021bilor.<\/p>\n<p data-index=\"6\">\u00cen acest context, cei de la PSD au redactat un proiect al acestei comisii de anchet\u0103, document pe care nu vor s\u0103 \u00eel trimit\u0103 liberalilor, p\u00e2n\u0103 c\u00e2nd ace\u0219tia nu se pronun\u021b\u0103 dac\u0103 sunt sau nu de acord cu aceast\u0103 comisie.<\/p>\n<p data-index=\"7\">Victor Ponta le-a spus jurnali\u0219tilor c\u0103 l-a sunat pe Crin Antonescu pentru a discuta despre aceast\u0103 comisie de anchet\u0103 \u0219i c\u0103 liderul liberalilor \u0219i-a dat acordul. Crin Antonescu a declarat \u00eens\u0103 pentru gandul.info c\u0103 nu a avut loc o astfel de discu\u021bie.<\/p>\n<p data-index=\"8\">De cealalt\u0103 parte, social-democra\u0163ii insist\u0103 pe existen\u0163a unui acord cu liberalii \u015fi spun c\u0103 la discu\u0163ia pe aceast\u0103 tem\u0103 au participat mini\u015ftrii liberali Daniel Chi\u0163oiu, Radu Stroe \u015fi Mariana C\u00e2mpeanu.<\/p>\n<\/div>\n<p> Source URL: https:\/\/www.digi24.ro\/stiri\/actualitate\/politica\/pnl-amana-decizia-privind-infiintarea-comisiei-de-ancheta-pentru-terenul-ioanei-basescu-155780<\/p>\n","protected":false},"excerpt":{"rendered":"<p>ACTUALIZARE 12.35. Pre\u0219edintele PNL Crin Antonescu face declara\u021bii de pres\u0103 la ora 14.00. ________________________ Ast\u0103zi se confirm\u0103 ceea ce era evident \u00eenc\u0103 de ieri, c\u0103 liberalii nu vor s\u0103 ia discu\u021biile pe care le-au avut cu social-democra\u021bii drept ultimatum. \u00cen \u0219edin\u021ba USL de ieri, PSD le-a cerut s\u0103 ia o decizie p\u00e2n\u0103 ast\u0103zi, dac\u0103 sus\u021bin [&hellip;]<\/p>\n","protected":false},"author":1,"featured_media":217841,"comment_status":"open","ping_status":"","sticky":false,"template":"","format":"standard","meta":{"footnotes":""},"categories":[2],"tags":[11],"class_list":["post-217840","post","type-post","status-publish","format-standard","has-post-thumbnail","hentry","category-politics","tag-digi24"],"_links":{"self":[{"href":"https:\/\/analyse.optim.biz\/index.php?rest_route=\/wp\/v2\/posts\/217840","targetHints":{"allow":["GET"]}}],"collection":[{"href":"https:\/\/analyse.optim.biz\/index.php?rest_route=\/wp\/v2\/posts"}],"about":[{"href":"https:\/\/analyse.optim.biz\/index.php?rest_route=\/wp\/v2\/types\/post"}],"author":[{"embeddable":true,"href":"https:\/\/analyse.optim.biz\/index.php?rest_route=\/wp\/v2\/users\/1"}],"replies":[{"embeddable":true,"href":"https:\/\/analyse.optim.biz\/index.php?rest_route=%2Fwp%2Fv2%2Fcomments&post=217840"}],"version-history":[{"count":0,"href":"https:\/\/analyse.optim.biz\/index.php?rest_route=\/wp\/v2\/posts\/217840\/revisions"}],"wp:featuredmedia":[{"embeddable":true,"href":"https:\/\/analyse.optim.biz\/index.php?rest_route=\/wp\/v2\/media\/217841"}],"wp:attachment":[{"href":"https:\/\/analyse.optim.biz\/index.php?rest_route=%2Fwp%2Fv2%2Fmedia&parent=217840"}],"wp:term":[{"taxonomy":"category","embeddable":true,"href":"https:\/\/analyse.optim.biz\/index.php?rest_route=%2Fwp%2Fv2%2Fcategories&post=217840"},{"taxonomy":"post_tag","embeddable":true,"href":"https:\/\/analyse.optim.biz\/index.php?rest_route=%2Fwp%2Fv2%2Ftags&post=217840"}],"curies":[{"name":"wp","href":"https:\/\/api.w.org\/{rel}","templated":true}]}}