{"id":217828,"date":"2013-11-21T14:16:09","date_gmt":"2013-11-21T11:16:09","guid":{"rendered":"https:\/\/analyse.optim.biz\/?p=217828"},"modified":"2013-11-21T14:16:09","modified_gmt":"2013-11-21T11:16:09","slug":"crin-antonescu-cere-demisia-lui-traian-basescu","status":"publish","type":"post","link":"https:\/\/analyse.optim.biz\/?p=217828","title":{"rendered":"Crin Antonescu cere demisia lui Traian B\u0103sescu"},"content":{"rendered":"<div class=\"entry data-app-meta data-app-meta-article\" data-embed-base-url-canonical=\"https:\/\/www.digi24.ro\/embed\/stiri\/actualitate\/politica\/crin-antonescu-cere-demisia-lui-traian-basescu-155909\">\n<p data-index=\"1\"><img decoding=\"async\" src=\"https:\/\/analyse.optim.biz\/wp-content\/uploads\/2024\/09\/zda5zja1ndczmmy4n2njyzeynte1mmnlnw-thumb_.jpg\" data-skip-htmlfix=\"1\" title=\"zda5zja1ndczmmy4n2njyzeynte1mmnlnw-thumb_\"><\/p>\n<p data-index=\"2\">O astfel de decizie \u201ear scuti \u021bara de un subiect jenant\u201d \u0219i de \u201e\u00eenc\u0103 un an de r\u0103zboi politic de tran\u0219ee \u00een care se trage cu toate armele din dotare \u0219i care nu face bine \u021b\u0103rii\u201d, spune Crin Antonescu.<\/p>\n<p data-index=\"3\">\u00cen opinia pre\u0219edintelui PNL, \u201enu este acceptabil ca pre\u0219edintele unei \u021b\u0103ri ca Rom\u00e2nia, cu at\u00e2tea probleme, cu at\u00e2tea frustr\u0103ri, cu at\u00e2tea \u00eentreb\u0103ri, s\u0103 comunice a nu \u0219tiu c\u00e2ta oar\u0103 public, ca despre o problem\u0103 important\u0103, bun\u0103starea propriei familii\u201d.<\/p>\n<p data-index=\"4\">Crin Antonescu a declarat c\u0103 fiecare om are dreptul la via\u021ba privat\u0103 \u0219i la ac\u021biuni \u00een limita legii, \u201edar niciun demnitar nu are voie s\u0103 vorbeasc\u0103 public despre un astfel de lucru \u00eentr-o \u021bar\u0103 \u00een care mul\u021bi tineri, chiar \u0219i cu calificarea fiicei pre\u0219edintelui, chiar \u0219i cu veniturile fiicei sale, ob\u021bin cu greu credite\u201d.<\/p>\n<p data-index=\"5\">\u201e<span>Nu mai vorbesc de cei afla\u021bi \u00eentr-o situa\u021bie mai grea. E indecent ca pre\u0219edintele \u021b\u0103rii (&#8230;) s\u0103 mai cad\u0103 o treapt\u0103 acum\u201d, a ad\u0103ugat el.<\/span><\/p>\n<p data-index=\"6\"><em><span>\u00cen curs de actualizare.<\/span><\/em><\/p>\n<\/div>\n<p> Source URL: https:\/\/www.digi24.ro\/stiri\/actualitate\/politica\/crin-antonescu-cere-demisia-lui-traian-basescu-155909<\/p>\n","protected":false},"excerpt":{"rendered":"<p>O astfel de decizie \u201ear scuti \u021bara de un subiect jenant\u201d \u0219i de \u201e\u00eenc\u0103 un an de r\u0103zboi politic de tran\u0219ee \u00een care se trage cu toate armele din dotare \u0219i care nu face bine \u021b\u0103rii\u201d, spune Crin Antonescu. \u00cen opinia pre\u0219edintelui PNL, \u201enu este acceptabil ca pre\u0219edintele unei \u021b\u0103ri ca Rom\u00e2nia, cu at\u00e2tea probleme, [&hellip;]<\/p>\n","protected":false},"author":1,"featured_media":217829,"comment_status":"open","ping_status":"","sticky":false,"template":"","format":"standard","meta":{"footnotes":""},"categories":[2],"tags":[11],"class_list":["post-217828","post","type-post","status-publish","format-standard","has-post-thumbnail","hentry","category-politics","tag-digi24"],"_links":{"self":[{"href":"https:\/\/analyse.optim.biz\/index.php?rest_route=\/wp\/v2\/posts\/217828","targetHints":{"allow":["GET"]}}],"collection":[{"href":"https:\/\/analyse.optim.biz\/index.php?rest_route=\/wp\/v2\/posts"}],"about":[{"href":"https:\/\/analyse.optim.biz\/index.php?rest_route=\/wp\/v2\/types\/post"}],"author":[{"embeddable":true,"href":"https:\/\/analyse.optim.biz\/index.php?rest_route=\/wp\/v2\/users\/1"}],"replies":[{"embeddable":true,"href":"https:\/\/analyse.optim.biz\/index.php?rest_route=%2Fwp%2Fv2%2Fcomments&post=217828"}],"version-history":[{"count":0,"href":"https:\/\/analyse.optim.biz\/index.php?rest_route=\/wp\/v2\/posts\/217828\/revisions"}],"wp:featuredmedia":[{"embeddable":true,"href":"https:\/\/analyse.optim.biz\/index.php?rest_route=\/wp\/v2\/media\/217829"}],"wp:attachment":[{"href":"https:\/\/analyse.optim.biz\/index.php?rest_route=%2Fwp%2Fv2%2Fmedia&parent=217828"}],"wp:term":[{"taxonomy":"category","embeddable":true,"href":"https:\/\/analyse.optim.biz\/index.php?rest_route=%2Fwp%2Fv2%2Fcategories&post=217828"},{"taxonomy":"post_tag","embeddable":true,"href":"https:\/\/analyse.optim.biz\/index.php?rest_route=%2Fwp%2Fv2%2Ftags&post=217828"}],"curies":[{"name":"wp","href":"https:\/\/api.w.org\/{rel}","templated":true}]}}