{"id":217817,"date":"2013-11-21T14:26:07","date_gmt":"2013-11-21T11:26:07","guid":{"rendered":"https:\/\/analyse.optim.biz\/?p=217817"},"modified":"2013-11-21T14:26:07","modified_gmt":"2013-11-21T11:26:07","slug":"c-antonescu-comisia-pentru-cazul-calarasi-sa-fie-condusa-de-senatorul-psd-ilie-sarbu-v-ponta-cred-ca-a-fost-o-gluma","status":"publish","type":"post","link":"https:\/\/analyse.optim.biz\/?p=217817","title":{"rendered":"C. Antonescu: Comisia pentru \u201ecazul C\u0103l\u0103ra\u0219i\u201d s\u0103 fie condus\u0103 de senatorul PSD Ilie S\u00e2rbu. V. Ponta: Cred c\u0103 a fost o glum\u0103"},"content":{"rendered":"<div class=\"entry data-app-meta data-app-meta-article\" data-embed-base-url-canonical=\"https:\/\/www.digi24.ro\/embed\/stiri\/actualitate\/politica\/c-antonescu-comisia-pentru-cazul-calarasi-sa-fie-condusa-de-senatorul-psd-ilie-sarbu-v-ponta-cred-ca-a-fost-o-gluma-155919\">\n<p data-index=\"1\">\u201eAsta e propunerea noastr\u0103. Decizia oficial\u0103 o vom lua m\u00e2ine, poim\u00e2ine, dar nu azi, nu cumva dintr-o informa\u0163ie gre\u015fit\u0103, dintr-un comentariu pripit, s\u0103 poat\u0103 interpreta cineva c\u0103 ne poate da ultimatumuri\u201d, a declarat\u00a0<strong>Crin Antonescu<\/strong>\u00a0joi, \u00eentr-o conferin\u021b\u0103 de pres\u0103.<\/p>\n<p data-index=\"2\">Acesta a mai spus c\u0103 PNL este \u201eun partid serios, care nu va ajunge niciodat\u0103 s\u0103 adopte decizii pe care oamenii din afara partidului le anun\u021b\u0103 la televizor\u201d.<\/p>\n<p data-index=\"3\">\u201ePNL nu ia decizii \u00een func\u021bie de comanda dat\u0103 la televizor, ci \u00een cadrele statutare\u201d, a subliniat liderul liberal.<\/p>\n<p data-index=\"4\"><em><strong>Victor Ponta le-a spus jurnali\u0219tilor, miercuri, c\u0103 l-a sunat pe Crin Antonescu pentru a discuta despre aceast\u0103 comisie de anchet\u0103 \u0219i c\u0103 liderul liberalilor \u0219i-a dat acordul.<\/strong><\/em><\/p>\n<p data-index=\"5\">Crin Antonescu a declarat reiterat \u00eens\u0103, joi, c\u0103 nu a avut loc o astfel de discu\u021bie.<\/p>\n<p data-index=\"6\">\u00cen \u0219edin\u021ba USL de ieri, <a href=\"https:\/\/www.digi24.ro\/Stiri\/Digi24\/Actualitate\/Politica\/PNL+amana+decizia+privind+infiintarea+comisiei+de+ancheta+pentru\" target=\"_blank\" data-skip-linkfix=\"1\" rel=\"noopener\"><strong>PSD le-a cerut liberalilor<\/strong><\/a> s\u0103 decid\u0103, ast\u0103zi, dac\u0103 sus\u021bin sau nu comisia de anchet\u0103 privind terenul achizi\u0163ionat de Ioana B\u0103sescu. <\/p>\n<p data-index=\"7\">Liberalii\u00a0spuneau \u00eenc\u0103 de ieri\u00a0c\u0103 nu este nicio grab\u0103 \u0219i c\u0103 \u00een niciun caz nu vor s\u0103 reac\u021bioneze la comanda social-democra\u021bilor.<\/p>\n<p data-index=\"8\">\u00cen acest context, cei de la PSD au redactat un proiect al acestei comisii de anchet\u0103, document pe care nu vor s\u0103 \u00eel trimit\u0103 liberalilor, p\u00e2n\u0103 c\u00e2nd ace\u0219tia nu se pronun\u021b\u0103 dac\u0103 sunt sau nu de acord cu aceast\u0103 comisie.<\/p>\n<p data-index=\"9\">Premierul Victor Ponta a reac\u021bionat la propunerea lui Crin Antonescu \u00een leg\u0103tur\u0103 cu \u0219efia comisiei de anchet\u0103: <strong>\u201eB\u0103nuiesc c\u0103 a fost o glum\u0103. Glumele domnului Antonescu sunt bune, unele dintre ele. Nu toate\u201d.<\/strong><\/p>\n<p data-index=\"10\">Liderul liberalilor i-a r\u0103spuns imediat primului ministru: <strong>\u201eE un personaj cu greutate politic\u0103, e liderul grupului din senat al PSD \u0219i l-am v\u0103zut \u0219i ieri \u0219i alalt\u0103ieri foarte dedicat. Cum adic\u0103 s\u0103 fie o glum\u0103? \u0102sta e un afront la domnul S\u00e2rbu\u201d.<\/strong><\/p>\n<p data-index=\"11\">Propunerea ca senatorul Ilie S\u00e2rbu, socrul premierului, s\u0103 fie \u0219eful comisiei parlamentare vine dup\u0103 ce acesta a declarat, la un <a href=\"http:\/\/www.b1.ro\" target=\"_blank\" data-skip-linkfix=\"1\" rel=\"noopener\">post de televiziune<\/a>, c\u0103 nu-\u0219i poate permite s\u0103 se opun\u0103 constituirii unei comisii de anchet\u0103 care se ocup\u0103 indirect de situa\u021bia pre\u0219edintelui Traian B\u0103sescu.<\/p>\n<p data-index=\"12\">\u201e<span>Acum sunt dou\u0103 variante: dl. Crin Antonescu s-a sup\u0103rat c\u0103 s-a ie\u0219it \u00eenainte de a discuta cu d\u00e2nsul sau colegii nu l-au informat s\u0103 spun\u0103: noi am discutat. Victor Ponta spune c\u0103 a discutat la telefon, \u00een\u021beleg c\u0103 \u0219i telefonul acum s-a dat, nu s-a dat. Colegii mei &#8211; eu am plecat mai repede, dar am vorbit cu ceilal\u021bi &#8211; spun c\u0103 s-a discutat la telefon. Sau e cealalt\u0103 variant\u0103, c\u0103 a fost sup\u0103rarea pe ideea constituirii unei comisii nefiind de acord cu ea din start, ceea ce este de ne\u00een\u021beles. Nu cred c\u0103 PNL \u00ee\u0219i permite lucrul \u0103sta, s\u0103 nu accepte m\u0103car despre o comisie care s\u0103 analizeze situa\u021bia lui Traian B\u0103sescu c\u0103, p\u00e2n\u0103 la urm\u0103, lucrurile acolo duc\u201d, a spus Ilie S\u00e2rbu.<\/span><\/p>\n<p data-index=\"13\">De altfel, Crin Antonescu \u0219i-a \u00eenceput conferin\u021ba de pres\u0103 afirm\u00e2nd c\u0103\u00a0\u201e<span>PNL \u0219i Crin Antonescu au \u00eentotdeauna de ales, pentru c\u0103 suntem liberi, cu excep\u021bia angajamentelor pe care le lu\u0103m fa\u021b\u0103 de aleg\u0103torii no\u0219tri. Restul, propagand\u0103, amenin\u021b\u0103ri, gimnastic\u0103 electoral\u0103, nu ne fac mai pu\u021bin liberi\u201d.<\/span><\/p>\n<p data-index=\"14\">Crin Antonescu <a href=\"https:\/\/www.digi24.ro\/Stiri\/Digi24\/Actualitate\/Politica\/Crin+Antonescu+cere+demisia+lui+Traian+Basescu\" target=\"_blank\" data-skip-linkfix=\"1\" rel=\"noopener\"><strong>a cerut apoi demisia pre\u0219edintelui Traian B\u0103sescu<\/strong><\/a>, afirm\u00e2nd c\u0103 o astfel de decizie \u201ear scuti \u021bara de un subiect jenant\u201d \u0219i de \u201e\u00eenc\u0103 un an de r\u0103zboi politic de tran\u0219ee \u00een care se trage cu toate armele din dotare \u0219i care nu face bine \u021b\u0103rii\u201d, spune Crin Antonescu.<\/p>\n<\/div>\n<p> Source URL: https:\/\/www.digi24.ro\/stiri\/actualitate\/politica\/c-antonescu-comisia-pentru-cazul-calarasi-sa-fie-condusa-de-senatorul-psd-ilie-sarbu-v-ponta-cred-ca-a-fost-o-gluma-155919<\/p>\n","protected":false},"excerpt":{"rendered":"<p>\u201eAsta e propunerea noastr\u0103. Decizia oficial\u0103 o vom lua m\u00e2ine, poim\u00e2ine, dar nu azi, nu cumva dintr-o informa\u0163ie gre\u015fit\u0103, dintr-un comentariu pripit, s\u0103 poat\u0103 interpreta cineva c\u0103 ne poate da ultimatumuri\u201d, a declarat\u00a0Crin Antonescu\u00a0joi, \u00eentr-o conferin\u021b\u0103 de pres\u0103. Acesta a mai spus c\u0103 PNL este \u201eun partid serios, care nu va ajunge niciodat\u0103 s\u0103 adopte [&hellip;]<\/p>\n","protected":false},"author":1,"featured_media":217818,"comment_status":"open","ping_status":"","sticky":false,"template":"","format":"standard","meta":{"footnotes":""},"categories":[2],"tags":[11],"class_list":["post-217817","post","type-post","status-publish","format-standard","has-post-thumbnail","hentry","category-politics","tag-digi24"],"_links":{"self":[{"href":"https:\/\/analyse.optim.biz\/index.php?rest_route=\/wp\/v2\/posts\/217817","targetHints":{"allow":["GET"]}}],"collection":[{"href":"https:\/\/analyse.optim.biz\/index.php?rest_route=\/wp\/v2\/posts"}],"about":[{"href":"https:\/\/analyse.optim.biz\/index.php?rest_route=\/wp\/v2\/types\/post"}],"author":[{"embeddable":true,"href":"https:\/\/analyse.optim.biz\/index.php?rest_route=\/wp\/v2\/users\/1"}],"replies":[{"embeddable":true,"href":"https:\/\/analyse.optim.biz\/index.php?rest_route=%2Fwp%2Fv2%2Fcomments&post=217817"}],"version-history":[{"count":0,"href":"https:\/\/analyse.optim.biz\/index.php?rest_route=\/wp\/v2\/posts\/217817\/revisions"}],"wp:featuredmedia":[{"embeddable":true,"href":"https:\/\/analyse.optim.biz\/index.php?rest_route=\/wp\/v2\/media\/217818"}],"wp:attachment":[{"href":"https:\/\/analyse.optim.biz\/index.php?rest_route=%2Fwp%2Fv2%2Fmedia&parent=217817"}],"wp:term":[{"taxonomy":"category","embeddable":true,"href":"https:\/\/analyse.optim.biz\/index.php?rest_route=%2Fwp%2Fv2%2Fcategories&post=217817"},{"taxonomy":"post_tag","embeddable":true,"href":"https:\/\/analyse.optim.biz\/index.php?rest_route=%2Fwp%2Fv2%2Ftags&post=217817"}],"curies":[{"name":"wp","href":"https:\/\/api.w.org\/{rel}","templated":true}]}}