{"id":217814,"date":"2013-11-21T15:23:33","date_gmt":"2013-11-21T12:23:33","guid":{"rendered":"https:\/\/analyse.optim.biz\/?p=217814"},"modified":"2013-11-21T15:23:33","modified_gmt":"2013-11-21T12:23:33","slug":"george-maior-nu-dorim-ca-sri-sa-fie-atras-in-procesul-electoral-care-se-deschide-in-2014","status":"publish","type":"post","link":"https:\/\/analyse.optim.biz\/?p=217814","title":{"rendered":"George Maior: Nu dorim ca SRI s\u0103 fie atras \u00een procesul electoral care se deschide \u00een 2014"},"content":{"rendered":"<div class=\"entry data-app-meta data-app-meta-article\" data-embed-base-url-canonical=\"https:\/\/www.digi24.ro\/embed\/stiri\/actualitate\/politica\/george-maior-nu-dorim-ca-sri-sa-fie-atras-in-procesul-electoral-care-se-deschide-in-2014-155973\">\n<p data-index=\"1\"><img decoding=\"async\" src=\"https:\/\/analyse.optim.biz\/wp-content\/uploads\/2024\/09\/jnc9odawjmhhc2g9yzi4yjk2zmzjymu1ntazzwy5yzq1ywmzztnky2eyy2m-thumb_.jpg\" data-skip-htmlfix=\"1\" title=\"jnc9odawjmhhc2g9yzi4yjk2zmzjymu1ntazzwy5yzq1ywmzztnky2eyy2m-thumb_\"><\/p>\n<p data-index=\"2\"><strong>\u201eNu vreau s\u0103 comentez despre aspecte care \u0163in de aceast\u0103 foarte interesant\u0103 dinamic\u0103 intern\u0103. Suntem o institu\u0163ie neutr\u0103 \u015fi independent\u0103. Nu dorim s\u0103 fim atra\u015fi, de\u015fi unii doresc s\u0103 fac\u0103 acest lucru, \u00een acest proces electoral care se deschide \u00een 2014 \u00een leg\u0103tur\u0103 cu pre\u015fedin\u0163ia Rom\u00e2niei. Vom evita orice fel de comentarii, de discu\u0163ii sau activit\u0103\u0163i care pot fi legate de acest subiect\u201d<\/strong>, a precizat George Maior, citat de Mediafax.<\/p>\n<p data-index=\"3\">\u0218eful SRI a \u0163inut s\u0103 precizeze c\u0103 nu va comenta nici declara\u0163iile pre\u015fedintelui \u015fi nici ale liderului PNL Crin Antonescu. \u201eR\u0103m\u00e2n fixat \u00een aceast\u0103 pozi\u0163ie \u00een care cred c\u0103 suntem ancora\u0163i de ani buni de zile, de independen\u0163\u0103 \u015fi neutralitate\u201d, a spus el.<\/p>\n<p data-index=\"4\">Pre\u015fedintele comisiei parlamentare pentru controlul SRI, deputatul PSD Georgian Pop, a precizat, la r\u00e2ndul s\u0103u, c\u0103 invit\u0103 pe oricine are probe, nu doar declara\u0163ii, sau supozi\u0163ii, la el la birou \u015fi s\u0103 se fac\u0103 cercet\u0103rile necesare.<\/p>\n<p data-index=\"5\">\u201eHaide\u0163i s\u0103 \u00eencepem s\u0103 discut\u0103m \u015fi despre probe. A\u015fa, pe declara\u0163ii politice, sigur, e o zon\u0103 care face parte din fi\u015fa postuloui nostru, a politicienilor\u201d, a spus pre\u015fedintele comisiei parlamentare.<\/p>\n<p data-index=\"6\">Pre\u015fedintele PNL, Crin Antonescu, a declarat, luni sear\u0103, c\u0103 \u00een opinia sa sunt persoane \u201einfluente \u00een servicii\u201d care fac presiuni ca premierul Victor Ponta s\u0103 candideze la alegerile preziden\u0163iale de anul viitor, el men\u0163ion\u00e2nd totodat\u0103 c\u0103 nu \u201ebag\u0103 m\u00e2na \u00een foc\u201d c\u0103 PSD nu va face acest pas.<\/p>\n<p data-index=\"7\">Antonescu a sus\u0163inut c\u0103 \u00een ceea ce prive\u015fte candidatura la preziden\u0163iale nu poate s\u0103 bage \u201em\u00e2na \u00een foc c\u0103 PSD \u015fi \u00eensu\u015fi Victor Ponta nu pot s\u0103 ia la un moment dat aceast\u0103 decizie, din diferite motive\u201d.<\/p>\n<p data-index=\"8\">Pre\u015fedintele Traian B\u0103sescu a declarat, miercuri, la un post de televiziune, r\u0103spunz\u00e2nd la o \u00eentrebare, c\u0103 nu vede posibil un scenariu \u00een care directorul SRI, George Maior, va candida la preziden\u0163iale, ar\u0103t\u00e2nd c\u0103, din c\u00e2te \u015ftie, acesta are cu totul alte planuri pentru moment.<\/p>\n<p data-index=\"9\">El a fost \u00eentrebat despre faptul c\u0103 Elena Udrea a vorbit despre o posibil\u0103 candidatur\u0103 a lui George Maior la preziden\u0163iale.<\/p>\n<p data-index=\"10\">\u201ePrima dat\u0103 c\u00e2nd o s\u0103 vin\u0103 doamna Udrea aici, ruga\u0163i-o s\u0103 comenteze ce am spus eu, dar nu m\u0103 pune\u0163i pe mine s\u0103 comentez declara\u0163iile doamnei Udrea\u201d, a r\u0103spuns \u015feful statului.<\/p>\n<p data-index=\"11\">\u00centrebat dac\u0103 vede posibil, \u00een scenarul preziden\u0163ialelor de anul viitor, un candidat George Maior, pre\u015fedintele a r\u0103spuns: \u201eNu. M-a\u0163i \u00eentrebat, mi-am dat o p\u0103rere. \u015etiu c\u0103 Maior are cu totul alte planuri pentru moment\u201d.<\/p>\n<\/div>\n<p> Source URL: https:\/\/www.digi24.ro\/stiri\/actualitate\/politica\/george-maior-nu-dorim-ca-sri-sa-fie-atras-in-procesul-electoral-care-se-deschide-in-2014-155973<\/p>\n","protected":false},"excerpt":{"rendered":"<p>\u201eNu vreau s\u0103 comentez despre aspecte care \u0163in de aceast\u0103 foarte interesant\u0103 dinamic\u0103 intern\u0103. Suntem o institu\u0163ie neutr\u0103 \u015fi independent\u0103. Nu dorim s\u0103 fim atra\u015fi, de\u015fi unii doresc s\u0103 fac\u0103 acest lucru, \u00een acest proces electoral care se deschide \u00een 2014 \u00een leg\u0103tur\u0103 cu pre\u015fedin\u0163ia Rom\u00e2niei. Vom evita orice fel de comentarii, de discu\u0163ii sau [&hellip;]<\/p>\n","protected":false},"author":1,"featured_media":217815,"comment_status":"open","ping_status":"","sticky":false,"template":"","format":"standard","meta":{"footnotes":""},"categories":[2],"tags":[11],"class_list":["post-217814","post","type-post","status-publish","format-standard","has-post-thumbnail","hentry","category-politics","tag-digi24"],"_links":{"self":[{"href":"https:\/\/analyse.optim.biz\/index.php?rest_route=\/wp\/v2\/posts\/217814","targetHints":{"allow":["GET"]}}],"collection":[{"href":"https:\/\/analyse.optim.biz\/index.php?rest_route=\/wp\/v2\/posts"}],"about":[{"href":"https:\/\/analyse.optim.biz\/index.php?rest_route=\/wp\/v2\/types\/post"}],"author":[{"embeddable":true,"href":"https:\/\/analyse.optim.biz\/index.php?rest_route=\/wp\/v2\/users\/1"}],"replies":[{"embeddable":true,"href":"https:\/\/analyse.optim.biz\/index.php?rest_route=%2Fwp%2Fv2%2Fcomments&post=217814"}],"version-history":[{"count":0,"href":"https:\/\/analyse.optim.biz\/index.php?rest_route=\/wp\/v2\/posts\/217814\/revisions"}],"wp:featuredmedia":[{"embeddable":true,"href":"https:\/\/analyse.optim.biz\/index.php?rest_route=\/wp\/v2\/media\/217815"}],"wp:attachment":[{"href":"https:\/\/analyse.optim.biz\/index.php?rest_route=%2Fwp%2Fv2%2Fmedia&parent=217814"}],"wp:term":[{"taxonomy":"category","embeddable":true,"href":"https:\/\/analyse.optim.biz\/index.php?rest_route=%2Fwp%2Fv2%2Fcategories&post=217814"},{"taxonomy":"post_tag","embeddable":true,"href":"https:\/\/analyse.optim.biz\/index.php?rest_route=%2Fwp%2Fv2%2Ftags&post=217814"}],"curies":[{"name":"wp","href":"https:\/\/api.w.org\/{rel}","templated":true}]}}