{"id":217658,"date":"2013-11-19T04:41:01","date_gmt":"2013-11-19T01:41:01","guid":{"rendered":"https:\/\/analyse.optim.biz\/?p=217658"},"modified":"2013-11-19T04:41:01","modified_gmt":"2013-11-19T01:41:01","slug":"senatul-a-respins-proiectul-de-lege-privind-rosia-montana","status":"publish","type":"post","link":"https:\/\/analyse.optim.biz\/?p=217658","title":{"rendered":"Senatul a respins proiectul de lege privind Ro\u015fia Montan\u0103"},"content":{"rendered":"<div class=\"entry data-app-meta data-app-meta-article\" data-embed-base-url-canonical=\"https:\/\/www.digi24.ro\/embed\/stiri\/actualitate\/politica\/senatul-a-respins-proiectul-de-lege-privind-rosia-montana-154285\">\n<p data-index=\"1\"><img decoding=\"async\" src=\"https:\/\/analyse.optim.biz\/wp-content\/uploads\/2024\/09\/mmnmy2jjmtrjmdc0mzc1zmu2nzg1otaymmvjy2zkotg-thumb_.jpg\" data-skip-htmlfix=\"1\" title=\"mmnmy2jjmtrjmdc0mzc1zmu2nzg1otaymmvjy2zkotg-thumb_\"><\/p>\n<p data-index=\"2\"><strong>ACTUALIZARE 13.10.<\/strong> Senatul a respins proiectul de lege privind Ro\u015fia Montan\u0103, \u00een forma transmis\u0103 de Guvern.<\/p>\n<p data-index=\"3\">Senatul a adoptat, astfel, cu voturi 119 voturi &#8220;pentru&#8221;, 3 voturi &#8220;\u00eempotriv\u0103&#8221; \u015fi 6 ab\u0163ineri, Raportul elaborat de Comisia parlamentar\u0103 special\u0103 pentru Ro\u015fia Montan\u0103, care este de respingere a proiectului de lege \u00een forma transmis\u0103 de Guvern.<\/p>\n<p data-index=\"4\">Actul normativ are caracter organic, iar Senatul este prima camer\u0103 sesizat\u0103, Camera Deputa\u0163ilor fiind forul decizional.<\/p>\n<hr>\n<p data-index=\"5\">\u00centrebat de ce s-a renun\u0163at la dezbaterea proiectului la Comisia economic\u0103 \u015fi la Comisia pentru administra\u0163ie public\u0103, vicepre\u015fedintele Senatului, Cristian Dumitrescu, a r\u0103spuns c\u0103 <strong>un proiect de lege poate s\u0103 intre \u00een plen \u015fi f\u0103r\u0103 raport, dac\u0103 raportul nu a fost depus la timp sau nu a fost finalizat \u00een termen.<\/strong><\/p>\n<p data-index=\"6\">&#8220;<strong>Nu se \u00eencalc\u0103 \u00een niciu fel regulamentul, e perfect acoperit din punct de vedere procedural, ba chiar a\u015f putea spune c\u0103 e decizie \u00een\u0163eleapt\u0103, pentru ca s\u0103 termin\u0103m c\u00e2t mai repede printr-un vot, s\u0103 ar\u0103t\u0103m c\u0103 nu avem nimic de ascuns, ci, din contr\u0103, c\u0103 dorim s\u0103 finaliz\u0103m c\u00e2t mai repede aceast\u0103 procedur\u0103<\/strong>&#8220;, a mai declarat <strong>Cristian Dumitrescu.<\/strong><\/p>\n<p data-index=\"7\">Acesta a spus c\u0103 proiectul a fost programat pentru mar\u0163i diminea\u0163a pentru a acorda suficient timp pentru dezbaterea raportului comisiei speciale.<\/p>\n<p data-index=\"8\">&#8220;Probabil, se va stabili un timp rezonabil la propunerea pre\u015fdintelui de comisie, care va fi \u00eemp\u0103r\u0163it \u00een a\u015fa fel \u00eenc\u00e2t fiecare dintre grupurile parlamentare s\u0103 \u00ee\u015fi poat\u0103 exprima pozi\u0163ia fa\u0163\u0103 de raportul de respingere&#8221;, a precizat el.<\/p>\n<p data-index=\"9\">Senatul va dezbate acest proiect de lege, care are caracter organic, \u00een calitate de prim\u0103 Camer\u0103 sesizat\u0103. <strong>Termenul de adoptare tacit\u0103 a acestui proiect de act normativ este 27 noiembrie.<\/strong><\/p>\n<p data-index=\"10\"><a href=\"https:\/\/www.digi24.ro\/Stiri\/Digi24\/Actualitate\/Politica\/Proiectul+Rosia+Montana+a+primit+aviz+negativ+in+comisia+special\" data-skip-linkfix=\"1\">Comisia parlamentar\u0103 special\u0103 a respins, \u00een 11 noiembrie<\/a>, cu 17 voturi &#8220;pentru&#8221; \u015fi dou\u0103 ab\u0163ineri, proiectul Guvernului privind exploatarea minier\u0103 de la Ro\u015fia Montan\u0103. \u00a0<\/p>\n<\/div>\n<p> Source URL: https:\/\/www.digi24.ro\/stiri\/actualitate\/politica\/senatul-a-respins-proiectul-de-lege-privind-rosia-montana-154285<\/p>\n","protected":false},"excerpt":{"rendered":"<p>ACTUALIZARE 13.10. Senatul a respins proiectul de lege privind Ro\u015fia Montan\u0103, \u00een forma transmis\u0103 de Guvern. Senatul a adoptat, astfel, cu voturi 119 voturi &#8220;pentru&#8221;, 3 voturi &#8220;\u00eempotriv\u0103&#8221; \u015fi 6 ab\u0163ineri, Raportul elaborat de Comisia parlamentar\u0103 special\u0103 pentru Ro\u015fia Montan\u0103, care este de respingere a proiectului de lege \u00een forma transmis\u0103 de Guvern. Actul normativ [&hellip;]<\/p>\n","protected":false},"author":1,"featured_media":217659,"comment_status":"open","ping_status":"","sticky":false,"template":"","format":"standard","meta":{"footnotes":""},"categories":[2],"tags":[11],"class_list":["post-217658","post","type-post","status-publish","format-standard","has-post-thumbnail","hentry","category-politics","tag-digi24"],"_links":{"self":[{"href":"https:\/\/analyse.optim.biz\/index.php?rest_route=\/wp\/v2\/posts\/217658","targetHints":{"allow":["GET"]}}],"collection":[{"href":"https:\/\/analyse.optim.biz\/index.php?rest_route=\/wp\/v2\/posts"}],"about":[{"href":"https:\/\/analyse.optim.biz\/index.php?rest_route=\/wp\/v2\/types\/post"}],"author":[{"embeddable":true,"href":"https:\/\/analyse.optim.biz\/index.php?rest_route=\/wp\/v2\/users\/1"}],"replies":[{"embeddable":true,"href":"https:\/\/analyse.optim.biz\/index.php?rest_route=%2Fwp%2Fv2%2Fcomments&post=217658"}],"version-history":[{"count":0,"href":"https:\/\/analyse.optim.biz\/index.php?rest_route=\/wp\/v2\/posts\/217658\/revisions"}],"wp:featuredmedia":[{"embeddable":true,"href":"https:\/\/analyse.optim.biz\/index.php?rest_route=\/wp\/v2\/media\/217659"}],"wp:attachment":[{"href":"https:\/\/analyse.optim.biz\/index.php?rest_route=%2Fwp%2Fv2%2Fmedia&parent=217658"}],"wp:term":[{"taxonomy":"category","embeddable":true,"href":"https:\/\/analyse.optim.biz\/index.php?rest_route=%2Fwp%2Fv2%2Fcategories&post=217658"},{"taxonomy":"post_tag","embeddable":true,"href":"https:\/\/analyse.optim.biz\/index.php?rest_route=%2Fwp%2Fv2%2Ftags&post=217658"}],"curies":[{"name":"wp","href":"https:\/\/api.w.org\/{rel}","templated":true}]}}