{"id":217646,"date":"2013-11-19T04:59:36","date_gmt":"2013-11-19T01:59:36","guid":{"rendered":"https:\/\/analyse.optim.biz\/?p=217646"},"modified":"2013-11-19T04:59:36","modified_gmt":"2013-11-19T01:59:36","slug":"guvernul-isi-angajeaza-raspunderea-in-fata-parlamentului-pe-proiectul-legii-descentralizarii","status":"publish","type":"post","link":"https:\/\/analyse.optim.biz\/?p=217646","title":{"rendered":"Guvernul \u00ee\u015fi angajeaz\u0103 r\u0103spunderea \u00een fa\u0163a Parlamentului pe proiectul legii descentraliz\u0103rii"},"content":{"rendered":"<div class=\"entry data-app-meta data-app-meta-article\" data-embed-base-url-canonical=\"https:\/\/www.digi24.ro\/embed\/stiri\/actualitate\/politica\/guvernul-isi-angajeaza-raspunderea-in-fata-parlamentului-pe-proiectul-legii-descentralizarii-154288\">\n<p data-index=\"1\"><img decoding=\"async\" src=\"https:\/\/analyse.optim.biz\/wp-content\/uploads\/2024\/09\/odawjmhhc2g9ntq5nju3mdy3zjbjm2iznjvinzy4ytg0ngu5y2nlywe-thumb_.jpg\" data-skip-htmlfix=\"1\" title=\"odawjmhhc2g9ntq5nju3mdy3zjbjm2iznjvinzy4ytg0ngu5y2nlywe-thumb_\"><\/p>\n<p data-index=\"2\"><strong>Actualizare 15.27.<\/strong> Premierul Victor Ponta supune proiectul de lege \u00een aten\u021bia plenului Parlamentului.<\/p>\n<p data-index=\"3\">Premierul a subliniat c\u0103 are \u00eencredere \u00een proiectului descentraliz\u0103rii, care ar duce la ruperea definitiv\u0103 de trecutul centralist al statului comunist de dinainte de 1989.<\/p>\n<p data-index=\"4\">Guvernul central are \u00een continuare prea multe atribu\u021bi \u0219i prea multe puteri \u0219i <strong>o \u00eemp\u0103r\u021bire a puterilor este solu\u021bia corect\u0103<\/strong>, a spus Victor Ponta.<\/p>\n<p data-index=\"5\">El a f\u0103cut referire \u0219i la pozi\u021biile \u00eempotriva proiectului \u201epropaganda b\u0103sist\u0103 \u00eempotriva ale\u0219ilor locali\u201d, care reprezint\u0103, potrivit \u0218efului Executivului, \u201eo g\u00e2ndire comunist\u0103\u201d.<\/p>\n<p data-index=\"6\"><strong>\u201eVreau s\u0103 \u00eent\u0103rim administra\u021biile locale<\/strong>\u201d, a argumentat premierul.<\/p>\n<p data-index=\"7\">Victor Ponta a detaliat nout\u0103\u0163ile pe care le proiectul de lege: reguli mai clare \u2013 explic\u0103 atribu\u021biile la nicel central \u0219i local, dar \u0219i sursele de finan\u021bare, cu scopul de a face institu\u021biile func\u021bionale \u0219i ale\u0219ii, responsabil, dar \u0219i de a reduce distan\u021bele administrative.<\/p>\n<p data-index=\"8\">\u201eSimplific\u0103m \u0219i reducem sistemul administrativ\u201d, a spus premierul, f\u0103c\u00e2nd referire la o optimizare a schemei de personal.<\/p>\n<p data-index=\"9\"><strong>Responsabilizarea cheltuirii banului public de c\u0103tre ale\u0219ii locali<\/strong> este un nou argument al premierului, ceea ce ar opri fuga de r\u0103spundere \u0219i lipsa de transparen\u021b\u0103 din prezent.<\/p>\n<p data-index=\"10\">Premierul a detaliat domeniile care se descentralizeaz\u0103 \u0219i a explicat faptul c\u0103 impactul bugetar pentru 2014 va fi unul neutru.<\/p>\n<p data-index=\"11\">Nu este finalul descentraliz\u0103rii, ci pasul cel mai important, sunt decizii pe care trebuie s\u0103 le mai lu\u0103m \u00een continuare, institu\u021bii nedescentralizare, a precizat premierul.<\/p>\n<p data-index=\"12\">\u00cen ceea ce prive\u0219te procedura, premierul a spus c\u0103 <strong>este vorba de o asumare colectiv\u0103<\/strong>, a\u0219a cum a fost \u0219i \u00een cazul cl\u0103dirilor retrocedate.<\/p>\n<p data-index=\"13\">\u201eSunt convins c\u0103 mergem \u00een direc\u021bia bun\u0103 a statului rom\u00e2n\u201d, a conchis premierul.<\/p>\n<hr>\n<p data-index=\"14\">Pre\u015fedintele Camerei Deputa\u0163ilor, Valeriu Zgonea, a anun\u0163at c\u0103 <a href=\"https:\/\/www.digi24.ro\/Stiri\/Digi24\/Actualitate\/Politica\/Un+deputat+PSD+a+depus+peste+1+700+de+amendamente+la+legea+desce\" data-skip-linkfix=\"1\">la proiectul legii descentraliz\u0103rii au fost depuse 2004 amendamente<\/a>, iar acestea au fost trimise premierului.<\/p>\n<p data-index=\"15\">Proiectul de lege privind stabilirea unor m\u0103suri de descentralizare a unor competen\u0163e exercitate de unele ministere \u015fi organe de specialitate ale administra\u0163iei publice centrale, precum \u015fi a unor m\u0103suri de reform\u0103 privind administra\u0163ia public\u0103 a fost aprobat de Guvern \u00een \u015fedin\u0163a de joi \u015fi transmis apoi Parlamentului.<\/p>\n<p data-index=\"16\">Vicepremierul Liviu Dragnea, coordonatorul proiectului de lege, a precizat c\u0103 <strong>domeniile care vor fi descentralizate, ca \u015fi competen\u0163e, atribu\u0163ii \u015fi institu\u0163ii, sunt s\u0103n\u0103tatea, agricultura, mediul, cultura, tineretul \u015fi sportul, autorizarea \u015fi clasificarea \u00een turism, cluburile \u015fi bazele sportive, taberele \u015fcolare, precum \u015fi competen\u0163ele teritoriale legate de pescuit.<\/strong><\/p>\n<p data-index=\"17\">Liviu Dragnea a ar\u0103tat c\u0103 \u00een procesul de descentralizare <strong>nu vor fi incluse porturile, pentru care \u00een perioada urm\u0103toare va exista o &#8220;abordare separat\u0103&#8221;, \u015fi nici plajele.<\/strong><\/p>\n<p data-index=\"18\">\u00cen privin\u0163a plajelor, va fi transferat doar dreptul de administrare al acestora, urm\u00e2nd s\u0103 r\u0103m\u00e2n\u0103 \u00een proprietatea public\u0103 a statului. De la transferul dreptului de administrare vor fi exceptate \u00eens\u0103 plajele unde sunt \u00een derulare proiecte cu finan\u0163are european\u0103.<\/p>\n<p data-index=\"19\">Proiectul de lege introduce totu\u015fi posibilitatea ca pe Dun\u0103re, pe anumite r\u00e2uri sau alte cursuri de ap\u0103, la solicitarea autorit\u0103\u0163ilor locale, Apele Rom\u00e2ne s\u0103 poat\u0103 da \u00een administrare por\u0163iuni de plaje naturale, care pot ap\u0103rea \u00eent\u00e2mpl\u0103tor \u015fi unde autorit\u0103\u0163ile locale pot organiza activit\u0103\u0163i de turism sau agrement.<\/p>\n<p data-index=\"20\"><strong>Cl\u0103dirile cinematografelor nu vor fi transferate autorit\u0103\u0163ilor locale<\/strong>, a mai spus Dragnea, pentru c\u0103 majoritatea acestor imobile sunt afectate de contracte de \u00eenchiriere.<\/p>\n<h5>Poli\u0163ia nu va fi descentralizat\u0103<\/h5>\n<p data-index=\"21\">D<strong>ragnea a mai spus c\u0103 poli\u0163ia nu se descentralizeaz\u0103,<\/strong> ci dimpotriv\u0103 &#8220;se \u00eent\u0103re\u015fte&#8221;, iar \u00een aceea\u015fi situa\u0163ie se afl\u0103 \u015fi Agen\u0163ia de Presta\u0163ii Sociale.<\/p>\n<p data-index=\"22\">Potrivit lui Dragnea, \u00een urma procesului, <strong>aproximativ 14.000 de oameni vor lucra \u00een institu\u0163iile descentralizate,<\/strong> fiind prelua\u0163i din subordinea ministerelor, cu toate drepturile actuale \u015fi cu cheltuielile de personal aferente, la institu\u0163iile descentralizate care vor intra \u00een subordinea autorit\u0103\u0163ilor locale.<\/p>\n<p data-index=\"23\"><strong>Descentralizarea va implica, totodat\u0103, transferul a circa 2.000 imobile din domeniul public al statului \u00een domeniul public al unit\u0103\u0163ilor teritoriale.<\/strong><\/p>\n<h5>PDL va \u00eencerca s\u0103 depun\u0103 o mo\u0163iune de cenzur\u0103<\/h5>\n<p data-index=\"24\">&#8220;<strong>PDL inten\u0163ioneaz\u0103 s\u0103 atace proiectul de lege la Curtea Constitu\u0163ional\u0103, dar \u00eenainte va \u00eencerca s\u0103 depun\u0103 o mo\u0163iune de cenzur\u0103 pe acest proiect de lege \u015fi va solicita colaborarea UDMR, PPDD chiar \u015fi a PNL. \u00cen cazul \u00een care pentru aceast\u0103 mo\u0163iune de cenzur\u0103 nu sunt str\u00e2nse semn\u0103turile necesare, va fi depus\u0103 o mo\u0163iune simpl\u0103<\/strong>&#8220;, a precizat purt\u0103torul de cuv\u00e2nt al partidului, <strong>Adriana S\u0103ftoiu.<\/strong><\/p>\n<p data-index=\"25\">Conform Constitu\u0163iei, Guvernul \u00ee\u015fi poate angaja r\u0103spunderea \u00een fa\u0163a Camerei Deputa\u0163ilor \u015fi a Senatului, \u00een \u015fedin\u0163\u0103 comun\u0103, asupra unui program, a unei declara\u0163ii de politic\u0103 general\u0103 sau a unui proiect de lege.<\/p>\n<p data-index=\"26\"><strong>Guvernul este demis dac\u0103 o mo\u0163iune de cenzur\u0103, depus\u0103 \u00een termen de 3 zile<\/strong> de la prezentarea programului, a declara\u0163iei de politic\u0103 general\u0103 sau a proiectului de lege, a fost adoptat\u0103, \u00een \u015fedin\u0163\u0103 comun\u0103, prin votul majorit\u0103\u0163ii senatorilor \u015fi deputa\u0163ilor.<\/p>\n<p data-index=\"27\">Dac\u0103 Guvernul nu a fost demis, proiectul de lege prezentat, modificat sau completat, dup\u0103 caz, cu amendamente acceptate de Guvern, se consider\u0103 adoptat, iar aplicarea programului sau a declara\u0163iei de politic\u0103 general\u0103 devine obligatorie pentru Guvern.<\/p>\n<p data-index=\"28\">\u00cen cazul \u00een care pre\u015fedintele Rom\u00e2niei cere reexaminarea legii astfel adoptate, dezbaterea acesteia se va face \u00een \u015fedin\u0163a comun\u0103 a celor dou\u0103 Camere.<\/p>\n<p data-index=\"29\">Precedenta angajare a r\u0103spunderii Guvernului, \u00een aprilie 2013, a vizat proiectul de lege privind desp\u0103gubirile pentru imobile na\u0163ionalizate. \u00a0<\/p>\n<\/div>\n<p> Source URL: https:\/\/www.digi24.ro\/stiri\/actualitate\/politica\/guvernul-isi-angajeaza-raspunderea-in-fata-parlamentului-pe-proiectul-legii-descentralizarii-154288<\/p>\n","protected":false},"excerpt":{"rendered":"<p>Actualizare 15.27. Premierul Victor Ponta supune proiectul de lege \u00een aten\u021bia plenului Parlamentului. Premierul a subliniat c\u0103 are \u00eencredere \u00een proiectului descentraliz\u0103rii, care ar duce la ruperea definitiv\u0103 de trecutul centralist al statului comunist de dinainte de 1989. Guvernul central are \u00een continuare prea multe atribu\u021bi \u0219i prea multe puteri \u0219i o \u00eemp\u0103r\u021bire a puterilor [&hellip;]<\/p>\n","protected":false},"author":1,"featured_media":217647,"comment_status":"open","ping_status":"","sticky":false,"template":"","format":"standard","meta":{"footnotes":""},"categories":[2],"tags":[11],"class_list":["post-217646","post","type-post","status-publish","format-standard","has-post-thumbnail","hentry","category-politics","tag-digi24"],"_links":{"self":[{"href":"https:\/\/analyse.optim.biz\/index.php?rest_route=\/wp\/v2\/posts\/217646","targetHints":{"allow":["GET"]}}],"collection":[{"href":"https:\/\/analyse.optim.biz\/index.php?rest_route=\/wp\/v2\/posts"}],"about":[{"href":"https:\/\/analyse.optim.biz\/index.php?rest_route=\/wp\/v2\/types\/post"}],"author":[{"embeddable":true,"href":"https:\/\/analyse.optim.biz\/index.php?rest_route=\/wp\/v2\/users\/1"}],"replies":[{"embeddable":true,"href":"https:\/\/analyse.optim.biz\/index.php?rest_route=%2Fwp%2Fv2%2Fcomments&post=217646"}],"version-history":[{"count":0,"href":"https:\/\/analyse.optim.biz\/index.php?rest_route=\/wp\/v2\/posts\/217646\/revisions"}],"wp:featuredmedia":[{"embeddable":true,"href":"https:\/\/analyse.optim.biz\/index.php?rest_route=\/wp\/v2\/media\/217647"}],"wp:attachment":[{"href":"https:\/\/analyse.optim.biz\/index.php?rest_route=%2Fwp%2Fv2%2Fmedia&parent=217646"}],"wp:term":[{"taxonomy":"category","embeddable":true,"href":"https:\/\/analyse.optim.biz\/index.php?rest_route=%2Fwp%2Fv2%2Fcategories&post=217646"},{"taxonomy":"post_tag","embeddable":true,"href":"https:\/\/analyse.optim.biz\/index.php?rest_route=%2Fwp%2Fv2%2Ftags&post=217646"}],"curies":[{"name":"wp","href":"https:\/\/api.w.org\/{rel}","templated":true}]}}