{"id":217610,"date":"2013-11-25T14:11:55","date_gmt":"2013-11-25T11:11:55","guid":{"rendered":"https:\/\/analyse.optim.biz\/?p=217610"},"modified":"2013-11-25T14:11:55","modified_gmt":"2013-11-25T11:11:55","slug":"pnl-a-aprobat-comisia-calarasi-crin-antonescu-isi-mentine-propunerea-ca-presedintele-sa-fie-ilie-sarbu","status":"publish","type":"post","link":"https:\/\/analyse.optim.biz\/?p=217610","title":{"rendered":"PNL a aprobat comisia \u201eC\u0103l\u0103ra\u0219i\u201d. Crin Antonescu \u00ee\u0219i men\u021bine propunerea ca pre\u0219edintele s\u0103 fie Ilie S\u00e2rbu"},"content":{"rendered":"<div class=\"entry data-app-meta data-app-meta-article\" data-embed-base-url-canonical=\"https:\/\/www.digi24.ro\/embed\/stiri\/actualitate\/politica\/pnl-a-aprobat-comisia-calarasi-crin-antonescu-isi-mentine-propunerea-ca-presedintele-sa-fie-ilie-sarbu-157854\">\n<p data-index=\"1\"><strong>Actualizare 14:40:<\/strong> \u201e<span>Am luat decizia, suntem favorabili form\u0103rii comisiei. Am discutat \u00een principiu \u0219i numele colegilor care vor face parte din ea. Decizia efectiv\u0103 va fi luat\u0103 la grupurile parlamentare, dar, ca decizie politic\u0103, particip\u0103m la formarea comisiei. Suntem pentru. Vom discuta cu colegii din PSD \u0219i celelalte grupuri parlamentare. La noi vor fi probabil mandata\u021bi de grupurile parlamentare domnii deputa\u021bi Cup\u0219a (Ioan Cup\u0219a \u2013 n.r.) \u0219i Dobrinescu (Traian Dobrinescu \u2013 n.r.) \u0219i domnul senator Dobra (Dorin-Mircea Dobra \u2013 n.r.)\u201d, a declarat liderul PNL, Crin Antonescu.<\/span><\/p>\n<p data-index=\"2\">Crin Antonescu a mai spus c\u0103 \u00ee\u0219i men\u021bine propunerea ca Ilie S\u00e2rbu, PSD, s\u0103 fie pre\u0219edintele comisiei C\u0103l\u0103ra\u0219i.<\/p>\n<p data-index=\"3\">\u201e<span>Da, dar nu vreau s\u0103 se interpreteze ca o presiune a mea asupra PSD. Partidul Social Democrat decide, eu am f\u0103cut propunerea \u0219i, din punctul meu de vedere, r\u0103m\u00e2ne cea mai bun\u0103 formul\u0103, dar nu decid eu\u201d, a completat Antonescu.<\/span><\/p>\n<p data-index=\"4\">\u201e<span>Menirea principal\u0103 a acestei comisii este s\u0103 fac\u0103 lumin\u0103 \u00eentr-o chestiune \u00een care \u00een opinia public\u0103 exist\u0103 suspiciuni privitoare la trafic de influen\u021b\u0103, privitoare la \u00eenc\u0103lcarea unor proceduri bancare, privitoare la alte lucruri care nu ar fi \u00een ordine \u00een toat\u0103 aceast\u0103 tranzac\u021bie\u201d, a mai spus pre\u0219edintele PNL.\u00a0<\/span><\/p>\n<hr>\n<p data-index=\"5\"><img decoding=\"async\" src=\"https:\/\/analyse.optim.biz\/wp-content\/uploads\/2024\/09\/jnc9odawjmhhc2g9ntu4oddkodblngvizjhmmdhhymexyjnkzwrimja0yze-thumb_.jpg\" data-skip-htmlfix=\"1\" title=\"jnc9odawjmhhc2g9ntu4oddkodblngvizjhmmdhhymexyjnkzwrimja0yze-thumb_\"><\/p>\n<p data-index=\"6\">BNP al PNL a decis s\u0103 dea curs solicit\u0103rilor colegilor de la PSD privind \u00eenfiin\u021barea comisiei de anchet\u0103 asupra <a href=\"https:\/\/www.digi24.ro\/Stiri\/Digi24\/Actualitate\/Stiri\/Traian+Basescu+Cu+salariul+meu+de+presedinte+nu+am+putut+lua+cre\" data-skip-linkfix=\"1\">dosarului<\/a>. E o decizie oarecum previzibil\u0103, de s\u0103pt\u0103m\u00e2na trecut\u0103 Crin Antonescu anun\u021ba c\u0103 \u00een principiu liberalii sunt de acord cu comisia.<\/p>\n<p data-index=\"7\">Joi avut loc o \u00eent\u00e2lnire a liderilor USL, liberalii nu au dat atunci un r\u0103spuns clar. <a href=\"https:\/\/www.digi24.ro\/Stiri\/Digi24\/Actualitate\/Politica\/PNL+amana+decizia+privind+infiintarea+comisiei+de+ancheta+pentru\" data-skip-linkfix=\"1\">Victor Ponta a spus c\u0103 a\u0219teapt\u0103 o decizie a liberalilor vineri,<\/a> dar Antonescu a ie\u0219it public \u0219i a spus c\u0103 PNL nu va lua o astfel de decizie vineri, acuz\u00e2nd cumva presiuni f\u0103cute de PSD \u0219i c\u0103 nu vor s\u0103 r\u0103spund\u0103 unui ultimatum. \u00a0<\/p>\n<\/div>\n<p> Source URL: https:\/\/www.digi24.ro\/stiri\/actualitate\/politica\/pnl-a-aprobat-comisia-calarasi-crin-antonescu-isi-mentine-propunerea-ca-presedintele-sa-fie-ilie-sarbu-157854<\/p>\n","protected":false},"excerpt":{"rendered":"<p>Actualizare 14:40: \u201eAm luat decizia, suntem favorabili form\u0103rii comisiei. Am discutat \u00een principiu \u0219i numele colegilor care vor face parte din ea. Decizia efectiv\u0103 va fi luat\u0103 la grupurile parlamentare, dar, ca decizie politic\u0103, particip\u0103m la formarea comisiei. Suntem pentru. Vom discuta cu colegii din PSD \u0219i celelalte grupuri parlamentare. La noi vor fi probabil [&hellip;]<\/p>\n","protected":false},"author":1,"featured_media":217611,"comment_status":"open","ping_status":"","sticky":false,"template":"","format":"standard","meta":{"footnotes":""},"categories":[2],"tags":[11],"class_list":["post-217610","post","type-post","status-publish","format-standard","has-post-thumbnail","hentry","category-politics","tag-digi24"],"_links":{"self":[{"href":"https:\/\/analyse.optim.biz\/index.php?rest_route=\/wp\/v2\/posts\/217610","targetHints":{"allow":["GET"]}}],"collection":[{"href":"https:\/\/analyse.optim.biz\/index.php?rest_route=\/wp\/v2\/posts"}],"about":[{"href":"https:\/\/analyse.optim.biz\/index.php?rest_route=\/wp\/v2\/types\/post"}],"author":[{"embeddable":true,"href":"https:\/\/analyse.optim.biz\/index.php?rest_route=\/wp\/v2\/users\/1"}],"replies":[{"embeddable":true,"href":"https:\/\/analyse.optim.biz\/index.php?rest_route=%2Fwp%2Fv2%2Fcomments&post=217610"}],"version-history":[{"count":0,"href":"https:\/\/analyse.optim.biz\/index.php?rest_route=\/wp\/v2\/posts\/217610\/revisions"}],"wp:featuredmedia":[{"embeddable":true,"href":"https:\/\/analyse.optim.biz\/index.php?rest_route=\/wp\/v2\/media\/217611"}],"wp:attachment":[{"href":"https:\/\/analyse.optim.biz\/index.php?rest_route=%2Fwp%2Fv2%2Fmedia&parent=217610"}],"wp:term":[{"taxonomy":"category","embeddable":true,"href":"https:\/\/analyse.optim.biz\/index.php?rest_route=%2Fwp%2Fv2%2Fcategories&post=217610"},{"taxonomy":"post_tag","embeddable":true,"href":"https:\/\/analyse.optim.biz\/index.php?rest_route=%2Fwp%2Fv2%2Ftags&post=217610"}],"curies":[{"name":"wp","href":"https:\/\/api.w.org\/{rel}","templated":true}]}}