{"id":217588,"date":"2013-11-25T17:06:48","date_gmt":"2013-11-25T14:06:48","guid":{"rendered":"https:\/\/analyse.optim.biz\/?p=217588"},"modified":"2013-11-25T17:06:48","modified_gmt":"2013-11-25T14:06:48","slug":"reactii-la-iesirea-lui-mirel-palada-politicienii-folosesc-un-limbaj-suburban","status":"publish","type":"post","link":"https:\/\/analyse.optim.biz\/?p=217588","title":{"rendered":"Reac\u021bii la ie\u0219irea lui Mirel Palada. Politicienii folosesc un limbaj suburban"},"content":{"rendered":"<div class=\"entry data-app-meta data-app-meta-article\" data-embed-base-url-canonical=\"https:\/\/www.digi24.ro\/embed\/stiri\/actualitate\/politica\/reactii-la-iesirea-lui-mirel-palada-politicienii-folosesc-un-limbaj-suburban-158032\">\n<p data-index=\"1\">La scurt timp de la declara\u0163ia sus\u0163inut\u0103 duminic\u0103 sear\u0103 de pre\u015fedintele Traian B\u0103sescu la Cotroceni pe tema bugetului de stat, purt\u0103torul de cuv\u00e2nt al Guvernului, Mirel Palada, a postat un mesaj pe Facebook:<\/p>\n<p data-index=\"2\">\u201eCe se poate interpreta din seara asta? Simplu: Speriat, incoerent \u0219i matrafoxat. Cu mare p\u0103rere de r\u0103u, cineva trebuie s\u0103 constate c\u0103 regele e gol. Pardon, c\u0103 pre\u0219edintele e beat. Alcoolul dicteaz\u0103\u201d, a scris Mirel Palada pe Facebook.<\/p>\n<div class=\"fb-post\">\n<div class=\"fb-xfbml-parse-ignore\"><a href=\"https:\/\/www.facebook.com\/mirel.palada\/posts\/700455699966829\" data-skip-linkfix=\"1\">Post<\/a> by <a href=\"https:\/\/www.facebook.com\/mirel.palada\" data-skip-linkfix=\"1\">Mirel Palada<\/a>.<\/div>\n<\/div>\n<p data-index=\"4\">Exprimarea purt\u0103torului de cuv\u00e2nt al Guvernului a fost sanc\u0163ionat\u0103 inclusiv de reprezentan\u0163ii puterii.<\/p>\n<p data-index=\"5\">\u201e\u00cen principiu, de necomentat&#8230; \u0219i mai bine nu comentez eu\u201d, a spus Crin Antonescu, pre\u0219edintele Senatului.<\/p>\n<p data-index=\"6\">\u201eNu-mi permit s\u0103 folosesc un astfel de limbaj \u0219i nici nu-l voi folosi niciodat\u0103 \u0219i dac\u0103 vreodat\u0103 \u00eemi scap\u0103 expresii de acest gen, fi\u021bi siguri c\u0103 imediat \u00eemi voi cere scuze pentru astfel de gesturi, pentru c\u0103 ele ne descalific\u0103\u201d, a comentat Valeriu Zgonea, pre\u0219edintele Camerei Deputa\u021bilor.<\/p>\n<p data-index=\"7\">\u201eS-ar putea, \u0219i noi nu \u0219tim asta, ca Mirel Palada s\u0103-\u0219i doreasc\u0103 s\u0103 ocupe locul l\u0103sat liber de Gigi Becali pe scena discursului public. Un purt\u0103tor de cuv\u00e2nt nu se reprezint\u0103 pe sine, reprezint\u0103 institu\u021bia public\u0103\u201d, este de p\u0103rere \u0219i Adriana S\u0103ftoiu, purt\u0103tor de cuv\u00e2nt al PDL.<\/p>\n<p data-index=\"8\">\u201eTrebuie s\u0103 plece imediat domnul Palada, care e pl\u0103tit din bani publici nu pentru a se manifesta ca propagandist USL\u201d, consider\u0103 Theodor Baconschi, vicepre\u0219edinte al Mi\u0219c\u0103rii Populare.<\/p>\n<p data-index=\"9\">Limbajul licen\u0163ios \u015fi injuriile au f\u0103cut \u00eens\u0103 mereu parte din arsenalul politicienilor rom\u00e2ni. \u00cen noiembrie 2011, de exemplu, dup\u0103 ce pre\u015fedintele a chemat partidele la consult\u0103ri la Cotroceni, Victor Ponta a declarat: \u201eM\u0103 simt foarte bucuros s\u0103 vorbesc dup\u0103 Crin Antonescu. De altfel, c\u00e2nd am vorbit \u00eempreun\u0103 mar\u0163i la Cotroceni, a\u0163i v\u0103zut c\u0103 domnul B\u0103sescu c\u0103uta dup\u0103 sticl\u0103 pe jos\u201d.<\/p>\n<p data-index=\"10\">Nici pre\u015fedintele Traian B\u0103sescu nu este str\u0103in de calificativele jignitoare la adresa adversarilor politici. Una dintre \u0163intele sale preferate a fost chiar premierul Victor Ponta: \u201eEl a plagiat, eu am muncit\u201d.<\/p>\n<p data-index=\"11\">Potrivit dic\u0163ionarului de argouri, \u201ematrafoxat\u201d vine de la matrafox, \u201eb\u0103utura omului s\u0103rac, fabricat\u0103 la repezeal\u0103 din materiale disponibile. De exemplu alcool etilic, zah\u0103r ars \u015fi chimion. \u00cen pu\u015fc\u0103rii se face din parfum, zah\u0103r \u015fi past\u0103 de din\u0163i\u201d.<\/p>\n<\/div>\n<p> Source URL: https:\/\/www.digi24.ro\/stiri\/actualitate\/politica\/reactii-la-iesirea-lui-mirel-palada-politicienii-folosesc-un-limbaj-suburban-158032<\/p>\n","protected":false},"excerpt":{"rendered":"<p>La scurt timp de la declara\u0163ia sus\u0163inut\u0103 duminic\u0103 sear\u0103 de pre\u015fedintele Traian B\u0103sescu la Cotroceni pe tema bugetului de stat, purt\u0103torul de cuv\u00e2nt al Guvernului, Mirel Palada, a postat un mesaj pe Facebook: \u201eCe se poate interpreta din seara asta? Simplu: Speriat, incoerent \u0219i matrafoxat. Cu mare p\u0103rere de r\u0103u, cineva trebuie s\u0103 constate c\u0103 [&hellip;]<\/p>\n","protected":false},"author":1,"featured_media":217589,"comment_status":"open","ping_status":"","sticky":false,"template":"","format":"standard","meta":{"footnotes":""},"categories":[2],"tags":[11],"class_list":["post-217588","post","type-post","status-publish","format-standard","has-post-thumbnail","hentry","category-politics","tag-digi24"],"_links":{"self":[{"href":"https:\/\/analyse.optim.biz\/index.php?rest_route=\/wp\/v2\/posts\/217588","targetHints":{"allow":["GET"]}}],"collection":[{"href":"https:\/\/analyse.optim.biz\/index.php?rest_route=\/wp\/v2\/posts"}],"about":[{"href":"https:\/\/analyse.optim.biz\/index.php?rest_route=\/wp\/v2\/types\/post"}],"author":[{"embeddable":true,"href":"https:\/\/analyse.optim.biz\/index.php?rest_route=\/wp\/v2\/users\/1"}],"replies":[{"embeddable":true,"href":"https:\/\/analyse.optim.biz\/index.php?rest_route=%2Fwp%2Fv2%2Fcomments&post=217588"}],"version-history":[{"count":0,"href":"https:\/\/analyse.optim.biz\/index.php?rest_route=\/wp\/v2\/posts\/217588\/revisions"}],"wp:featuredmedia":[{"embeddable":true,"href":"https:\/\/analyse.optim.biz\/index.php?rest_route=\/wp\/v2\/media\/217589"}],"wp:attachment":[{"href":"https:\/\/analyse.optim.biz\/index.php?rest_route=%2Fwp%2Fv2%2Fmedia&parent=217588"}],"wp:term":[{"taxonomy":"category","embeddable":true,"href":"https:\/\/analyse.optim.biz\/index.php?rest_route=%2Fwp%2Fv2%2Fcategories&post=217588"},{"taxonomy":"post_tag","embeddable":true,"href":"https:\/\/analyse.optim.biz\/index.php?rest_route=%2Fwp%2Fv2%2Ftags&post=217588"}],"curies":[{"name":"wp","href":"https:\/\/api.w.org\/{rel}","templated":true}]}}