{"id":217512,"date":"2013-11-27T15:58:23","date_gmt":"2013-11-27T12:58:23","guid":{"rendered":"https:\/\/analyse.optim.biz\/?p=217512"},"modified":"2013-11-27T15:58:23","modified_gmt":"2013-11-27T12:58:23","slug":"premierul-chinez-in-parlament-cooperarea-bilaterala-este-ca-un-vapor-mare-care-va-taia-valurile-si-va-merge-inainte","status":"publish","type":"post","link":"https:\/\/analyse.optim.biz\/?p=217512","title":{"rendered":"Premierul chinez, \u00een Parlament: Cooperarea bilateral\u0103 este ca un vapor mare, care va t\u0103ia valurile \u0219i va merge \u00eenainte"},"content":{"rendered":"<div class=\"entry data-app-meta data-app-meta-article\" data-embed-base-url-canonical=\"https:\/\/www.digi24.ro\/embed\/stiri\/actualitate\/politica\/premierul-chinez-in-parlament-cooperarea-bilaterala-este-ca-un-vapor-mare-care-va-taia-valurile-si-va-merge-inainte-159383\">\n<p data-index=\"1\">\u201e\u0218tiu c\u00e2teva reguli de protocol, \u0219tiu c\u0103 nu trebuie s\u0103 \u00eel prive\u0219ti pe chinez neap\u0103rat \u00een ochi, a\u0219a cum se obi\u0219nuie\u0219te la noi atunci c\u00e2nd spui adev\u0103rul. La ei nu trebuie s\u0103 \u00eel prive\u0219ti neap\u0103rat s\u0103 \u00eel prive\u0219ti \u00een ochi, dar s\u0103 spui adev\u0103rul \u0219i s\u0103 te \u021bii de el\u201d, a explicat deputatul Nicolae Mircovici. \u201eAlbul la chinez \u00eenseamn\u0103 doliu. Nu cred c\u0103 folosirea unei c\u0103m\u0103\u0219i albe \u00eentr-un astfel de prilej \u00eenseamn\u0103 doliu, probabil c\u0103 folosirea unui costum\u201d, a ar\u0103tat el.<\/p>\n<p data-index=\"2\">\u201e<span>De regul\u0103, rar se se adreseaz\u0103 \u0219i numele, de regul\u0103 se folose\u0219te domnule prim-ministru, de\u0219i Li este mai u\u0219or de pronun\u021bat\u201d, a precizat deputatul.<\/span><\/p>\n<p data-index=\"3\">Nu doar cultura \u015fi civiliza\u0163ia chinez\u0103 sunt total diferite de cele europene, dar \u015fi normele politice. Obi\u015fnuit cu onorurile \u015fi fastul ceremoniilor comuniste, premierul chinez are parte la Bucure\u015fti de m\u0103suri speciale. La prezidiu va sta pe cel mai \u00eenalt scaun, iar \u00een sal\u0103 nu va fi l\u0103sat niciun loc gol. Dimpotriv\u0103, au fost aduse scaune \u00een plus, ce vor fi ocupate \u0219i de primari \u0219i pre\u0219edin\u021bi de consilii jude\u021bene, veni\u021bi special pentru ocazie \u00een Parlament.<\/p>\n<h5>Declara\u021biile premierului chinez<\/h5>\n<p data-index=\"4\">\u201eRom\u00e2nia este prima \u021bar\u0103 din Europa Central\u0103 pe care o vizitez ca premier. Nu \u0219tiu \u00een ce dat\u0103 sunt. Nu am sim\u021bit c\u00e2nd am plecat de cas\u0103. M\u0103 simt ca acas\u0103 \u00een Rom\u00e2nia\u201d<\/p>\n<p data-index=\"5\">\u201eDumneavoastr\u0103, dragi prieteni parlamentari, v\u0103 dedica\u021bi timpul prieteniei sino-rom\u00e2ne\u201d<\/p>\n<p data-index=\"6\">\u201eNu este prima dat\u0103 c\u00e2nd sunt \u00een Rom\u00e2nia. Am mai vizitat \u021bara dumneavoastr\u0103 \u00een urm\u0103 cu 20 de ani. Sunt surprins de schimb\u0103rile din \u021bara dumneavoastr\u0103\u201d<\/p>\n<p data-index=\"7\">\u201eDup\u0103 criza financiar\u0103, Rom\u00e2nia s-a manifestat ca un tigru \u00een Europa. E o \u021bar\u0103 cu o istorie \u0219i o cultur\u0103 splendide\u201d.<\/p>\n<p data-index=\"8\">\u201ePrietenia sino-rom\u00e2n\u0103 are o istorie \u00eendelungat\u0103. \u00cen secolul al XVII-lea, Nicolae Milescu Sp\u0103tarul a vizitat China \u0219i a scris despre aceast\u0103 \u021bar\u0103 &#8211; Descrierea Chinei\u201d<\/p>\n<p data-index=\"9\">\u201e\u00cen tinere\u021be, am lucrat la o baz\u0103 industrial\u0103, unde se aflau instala\u021bii rom\u00e2ne\u0219ti din anii &#8217;50. Rom\u00e2nia a avut o contribu\u021bie important\u0103 \u00een perioada de industrializare de \u00eenceput a Chinei. Acest moment nu va fi uitat niciodat\u0103 de poporul chinez\u201d.<\/p>\n<p data-index=\"10\">\u201eRela\u021biile sino-rom\u00e2ne sunt ca un vapor care vine din istorie\u201d<\/p>\n<p data-index=\"11\">\u201eRom\u00e2nia are resurse bogate \u0219i o for\u021b\u0103 de munc\u0103 de \u00eenalt\u0103 calitate, iar China are o pia\u021b\u0103 mare, o capacitate de realizare a proiectelor de infrastructur\u0103 \u0219i finan\u021bare adecvat\u0103.<em><strong> Economiile celor dou\u0103 \u021b\u0103ri sunt complementare\u201d\u00a0<\/strong><\/em><\/p>\n<p data-index=\"12\">\u201eChina consider\u0103 Rom\u00e2nia un pilon important pentru cooperarea cu Europa Central\u0103 \u0219i cu Uniunea European\u0103\u201d<\/p>\n<p data-index=\"13\">\u201eProverbul chinezesc \u201ePrietenia este \u00eenr\u0103d\u0103cinat\u0103 \u0219i va fi \u00eenfloritoare\u201d este similar celui rom\u00e2nesc &#8211; \u00a0\u201eApa trece, pietrele r\u0103m\u00e2n\u201d<\/p>\n<p data-index=\"14\">\u201ePartea chinez\u0103 este dispus\u0103 s\u0103 depun\u0103 eforturi pentru dezvoltarea comun\u0103.<em><strong> Propun aprofundarea \u00eencrederii politicie \u00eentre cele dou\u0103 state\u201d<\/strong><\/em><\/p>\n<p data-index=\"15\"><em><strong>\u201ePropun \u0219i valorificarea poten\u021bialului cooper\u0103rii pragmatice \u00een domeniul economic: comer\u021b bilateral, industrie. Trebuie s\u0103 mic\u0219or\u0103m deficitul comercial \u00een rela\u021biile bilaterale\u201d\u00a0<\/strong><\/em><\/p>\n<p data-index=\"16\">\u201eCele dou\u0103 p\u0103r\u021bi pot construi parcuri economice \u00eempreun\u0103\u201e<\/p>\n<p data-index=\"17\"><em><strong>\u201eA treia propunere se refer\u0103 la proiecte de infrastructur\u0103 de amploare<\/strong><\/em>. \u201eFabricat \u00een China\u201d a devenit o sintagm\u0103 cunoscut\u0103 \u00een \u00eentreaga lume\u201d<\/p>\n<p data-index=\"18\">\u201eVor fi \u00eenfiin\u021bate \u0219i grupuri de lucru comune pentru <em><strong>proiecte precum trenurile de mare vitez\u0103 \u0219i construirea de reactoare nucleare\u201d<\/strong><\/em><\/p>\n<p data-index=\"19\"><em><strong>\u201eTrebuie s\u0103 construim \u0219i o punte de schimburi culturale \u0219i interumane\u201d<\/strong><\/em><\/p>\n<p data-index=\"20\"><em><strong>\u201eChina va acorda 5.000 de burse \u00een Europa Central\u0103 \u0219i de Est.<\/strong><\/em> Sper\u0103m ca de acestea s\u0103 beneficieze c\u00e2t mai mul\u021bi studen\u021bi rom\u00e2ni\u201d<\/p>\n<p data-index=\"21\"><img decoding=\"async\" src=\"https:\/\/analyse.optim.biz\/wp-content\/uploads\/2024\/09\/mdamagfzad0xowuwmtcyyzbiownlm2jlmmixntkxmzvkmzq5mtllmq-thumb_.jpg\" data-skip-htmlfix=\"1\" title=\"mdamagfzad0xowuwmtcyyzbiownlm2jlmmixntkxmzvkmzq5mtllmq-thumb_\"><\/p>\n<p data-index=\"22\"><em><strong>Pre\u0219edintele Senatului, Crin Antonescu, s-a amuzat copios atunci c\u00e2nd premierul chinez a comparat rela\u021biile bilaterale cu un vapor<\/strong><\/em><\/p>\n<p data-index=\"23\"><em><strong>\u201eChina vrea s\u0103 ob\u021bin\u0103 o cre\u0219tere de 7,5% \u00een acest an. <\/strong><\/em>Vom continua reforma \u0219i deschiderea c\u0103tre exterior\u201d\u00a0<\/p>\n<p data-index=\"24\">\u201eRom\u00e2nia este un pilon strategic pentru cooperarea dintre China \u0219i Europa Central\u0103 \u0219i de Est, care, la r\u00e2ndul ei, este important\u0103 pentru cooperarea China-UE\u201d\u00a0<\/p>\n<p data-index=\"25\">\u201eCa s\u0103 mergem mai departe avem nevoie de un vapor mare, avem \u0219i v\u00e2ntul potrivit, iar acest vapor de cooperare va t\u0103ia valurile \u0219i va merge \u00eenainte\u201d<\/p>\n<\/div>\n<p> Source URL: https:\/\/www.digi24.ro\/stiri\/actualitate\/politica\/premierul-chinez-in-parlament-cooperarea-bilaterala-este-ca-un-vapor-mare-care-va-taia-valurile-si-va-merge-inainte-159383<\/p>\n","protected":false},"excerpt":{"rendered":"<p>\u201e\u0218tiu c\u00e2teva reguli de protocol, \u0219tiu c\u0103 nu trebuie s\u0103 \u00eel prive\u0219ti pe chinez neap\u0103rat \u00een ochi, a\u0219a cum se obi\u0219nuie\u0219te la noi atunci c\u00e2nd spui adev\u0103rul. La ei nu trebuie s\u0103 \u00eel prive\u0219ti neap\u0103rat s\u0103 \u00eel prive\u0219ti \u00een ochi, dar s\u0103 spui adev\u0103rul \u0219i s\u0103 te \u021bii de el\u201d, a explicat deputatul Nicolae Mircovici. [&hellip;]<\/p>\n","protected":false},"author":1,"featured_media":217513,"comment_status":"open","ping_status":"","sticky":false,"template":"","format":"standard","meta":{"footnotes":""},"categories":[2],"tags":[11],"class_list":["post-217512","post","type-post","status-publish","format-standard","has-post-thumbnail","hentry","category-politics","tag-digi24"],"_links":{"self":[{"href":"https:\/\/analyse.optim.biz\/index.php?rest_route=\/wp\/v2\/posts\/217512","targetHints":{"allow":["GET"]}}],"collection":[{"href":"https:\/\/analyse.optim.biz\/index.php?rest_route=\/wp\/v2\/posts"}],"about":[{"href":"https:\/\/analyse.optim.biz\/index.php?rest_route=\/wp\/v2\/types\/post"}],"author":[{"embeddable":true,"href":"https:\/\/analyse.optim.biz\/index.php?rest_route=\/wp\/v2\/users\/1"}],"replies":[{"embeddable":true,"href":"https:\/\/analyse.optim.biz\/index.php?rest_route=%2Fwp%2Fv2%2Fcomments&post=217512"}],"version-history":[{"count":0,"href":"https:\/\/analyse.optim.biz\/index.php?rest_route=\/wp\/v2\/posts\/217512\/revisions"}],"wp:featuredmedia":[{"embeddable":true,"href":"https:\/\/analyse.optim.biz\/index.php?rest_route=\/wp\/v2\/media\/217513"}],"wp:attachment":[{"href":"https:\/\/analyse.optim.biz\/index.php?rest_route=%2Fwp%2Fv2%2Fmedia&parent=217512"}],"wp:term":[{"taxonomy":"category","embeddable":true,"href":"https:\/\/analyse.optim.biz\/index.php?rest_route=%2Fwp%2Fv2%2Fcategories&post=217512"},{"taxonomy":"post_tag","embeddable":true,"href":"https:\/\/analyse.optim.biz\/index.php?rest_route=%2Fwp%2Fv2%2Ftags&post=217512"}],"curies":[{"name":"wp","href":"https:\/\/api.w.org\/{rel}","templated":true}]}}