{"id":217455,"date":"2013-11-27T23:01:54","date_gmt":"2013-11-27T20:01:54","guid":{"rendered":"https:\/\/analyse.optim.biz\/?p=217455"},"modified":"2013-11-27T23:01:54","modified_gmt":"2013-11-27T20:01:54","slug":"jurnalul-de-seara-de-ce-a-fost-scos-steagul-ue-din-parlament","status":"publish","type":"post","link":"https:\/\/analyse.optim.biz\/?p=217455","title":{"rendered":"\u201eJurnalul de sear\u0103\u201d. De ce a fost scos steagul UE din Parlament"},"content":{"rendered":"<div class=\"entry data-app-meta data-app-meta-article\" data-embed-base-url-canonical=\"https:\/\/www.digi24.ro\/embed\/stiri\/actualitate\/politica\/jurnalul-de-seara-de-ce-a-fost-scos-steagul-ue-din-parlament-159584\">\n<p data-index=\"1\"><img decoding=\"async\" src=\"https:\/\/analyse.optim.biz\/wp-content\/uploads\/2024\/09\/anbnjnc9odawjmhhc2g9ywvhnjdjngfhyjg1y2m5zgfkzwiynzzlywyxowrhzwm-thumb_.jpg\" data-skip-htmlfix=\"1\" title=\"anbnjnc9odawjmhhc2g9ywvhnjdjngfhyjg1y2m5zgfkzwiynzzlywyxowrhzwm-thumb_\"><\/p>\n<p data-index=\"2\">\u201eA fost un simbol \u0219i cred c\u0103 \u021bine de mai mult dec\u00e2t de o ospitalitate de moment. Nu \u0219tiu dac\u0103 cei care au g\u00e2ndit acest moment ritualic au \u021binut cont de asta, dar cred c\u0103 \u00een subcon\u0219tientul lor au \u021binut cont\u201d, a comentat Vasile D\u00e2ncu.<\/p>\n<p data-index=\"3\">\u201eCe s-a \u00eent\u00e2mplat aici: de regul\u0103, \u00een Parlamentul Rom\u00e2niei, \u0219i \u00een orice Parlament, oaspetele are un loc special, este la noi din st\u00e2nga pre\u0219edintelui, din st\u00e2nga tribunei, unde se afl\u0103 conduc\u0103torul de \u0219edin\u021b\u0103. (&#8230;) <strong>\u00cen situa\u021bia aceasta, a fost un fel de predare simbolic\u0103, dup\u0103 p\u0103rerea mea, a cheilor Rom\u00e2niei chinezilor, o zon\u0103, o mare putere care se adaug\u0103 protec\u021biei unei Rom\u00e2nii care se afl\u0103 \u00een deriv\u0103<\/strong>\u201d, a afirmat <strong>Vasile D\u00e2ncu.<\/strong><\/p>\n<p data-index=\"4\">\u201eCare n-a fost doar simbolic\u0103\u201d, a completat Andrei \u021a\u0103rnea, director executiv Institutul Aspen Rom\u00e2nia. \u201eSunt diplomat \u0219i atunci chestiunile legate de protocol sunt importante. Nu \u0219tiu dac\u0103 intr\u0103 \u00een regula obi\u0219nuit\u0103 a protocolului, pe de alt\u0103 parte, e o vorb\u0103: C\u00e2nd e\u0219ti la Roma, faci ca romanii, iar atunci c\u00e2nd e\u0219ti \u00een rela\u021bii cu \u021b\u0103ri a c\u0103ror tradi\u021bie, a\u0219 spune imperial\u0103, c\u00e2nd vorbesc de China, e important\u0103. China e o \u021bar\u0103 \u00een care simbolistica, de toate felurile, nu numai politic\u0103, e parte din cultur\u0103, mult \u00eenainte de partidul comunist \u0219i actualul regim, \u00een general, dincolo de ritual, simboluri, care au o anumit\u0103 greutate cultural\u0103. <strong>\u00cen acest sens, ospitalitatea \u0219i respectul oaspetelui acordat poart\u0103 \u00een cultura tradi\u021bional\u0103 chinez\u0103 un loc important, \u0219i atunci e de \u00een\u021beles c\u0103 organizatorii forumului au \u00eencercat s\u0103 r\u0103spund\u0103 pe m\u0103sur\u0103<\/strong>, de asemenea cei care s-au ocupat de protocol la nivelul Parlamentului Rom\u00e2niei\u201d, a afirmat <strong>Andrei \u021a\u0103rnea.<\/strong><\/p>\n<p data-index=\"5\">\u00centrebat dac\u0103 i se pare exagerat sau nu acest gest, director executiv Institutul Aspen Rom\u00e2nia a r\u0103spuns: \u201eDac\u0103 informa\u021bia e corect\u0103 (c\u0103 a fost \u00eenlocuit steagul \u2013 n.r.), eu am o problem\u0103\u201d.<\/p>\n<p data-index=\"6\">\u201e\u00cen toat\u0103 aceast\u0103 organizare a forumului, partea chinez\u0103 a venit cu tot scenariul, a fost negociat scenariul, a fost scenariul cu care au venit chinezii. Pe de alt\u0103 parte,<strong> desimbolizarea european\u0103 a spa\u021biului respectiv, legat de UE, este \u0219i un lucru firesc: nu angajau aceste discu\u021bii, aceste t\u00e2rguri care se f\u0103ceau, nu angajau UE \u00een niciun fel<\/strong> \u201d, a conchis Vasile D\u00e2ncu.<\/p>\n<p data-index=\"7\">Noi respect\u0103m toate conven\u021biile europene, dar nu era un lucru care s\u0103 angajeze UE, acesta a fost mesajul transmis, a subliniat sociologul.<\/p>\n<h5>Ce a r\u0103spuns Victor Ponta<\/h5>\n<p data-index=\"8\">\u00centrebat de ce a fost scos steagul UE din plen \u0219i a fost ridicat cel al Chinei, premierul Victor Ponta i-a \u00eendemnat pe jurnali\u0219ti s\u0103-i \u00eentrebe pe reprezentan\u021bii Parlamentului.<\/p>\n<p data-index=\"9\">\u201eNu m\u0103 ocup de protocol, \u0103sta e un lucru pe care poate s\u0103 vi-l spun\u0103 Parlamentul\u201d, a spus premierul.<\/p>\n<p data-index=\"10\">Cu aceast\u0103 ocazie, el le-a mul\u021bumit tuturor parlamentarilor, at\u00e2t de la putere, c\u00e2t \u0219i din opozi\u021bie, pentru cum s-au comportat cu aceast\u0103 ocazie, l\u0103s\u00e2nd la o parte divergen\u021bele politice.<\/p>\n<p data-index=\"11\">Azi au fost instituite <strong><a href=\"https:\/\/www.digi24.ro\/Stiri\/Digi24\/Actualitate\/Politica\/Premierul+chinez+in+Parlament+Alesii+nu+au+voie+sa+se+imbrace+in\" target=\"_blank\" data-skip-linkfix=\"1\" rel=\"noopener\">reguli stricte pentru \u015fedin\u0163a comun\u0103<\/a><\/strong> convocat\u0103 \u00een onoarea premierului chinez. Parlamentarii nu au avut voie s\u0103 se \u00eembrace \u00een alb, culoarea doliului \u00een China.<\/p>\n<p data-index=\"12\">La \u015fedin\u0163\u0103 au participat senatori \u015fi deputa\u0163i dar au fost invita\u0163i \u015fi pre\u015fedin\u0163i de Consilii jude\u0163ene, primari dar \u015fi reprezentan\u0163i ai corpului diplomatic.<\/p>\n<p data-index=\"13\">Premierul chinez a fost a\u015fezat \u00eentre pre\u015fedin\u0163ii Camerei Deputa\u0163ilor \u015fi Senatului Valeriu Zgonea \u015fi respectiv Crin Antonescu.<\/p>\n<p data-index=\"14\">Premierul Victor Ponta a stat \u00een banca rezervat\u0103 Guvernului, \u00eempreun\u0103 cu mini\u015ftii.<\/p>\n<p data-index=\"15\">Accesul pe holul Parlamentului din fa\u0163a s\u0103lii de plen a fost restric\u0163ionat cu band\u0103 delimitatoare.<\/p>\n<p data-index=\"16\">Premierul chinez a fost aplaudat la intrarea \u00een sala de plen de c\u0103tre cei prezen\u0163i.<\/p>\n<p data-index=\"17\">At\u00e2t pe pupitrele din sala de \u015fedin\u0163\u0103 a Parlamentului c\u00e2t \u015fi \u00een lojele destinate invita\u0163ilor au fost puse la dispozi\u0163ie c\u0103\u015fti pentru traducere \u00een limbile chinez\u0103, englez\u0103, francez\u0103 \u015fi rom\u00e2n\u0103.<\/p>\n<p data-index=\"18\">De altfel pe monitoarele din sala de plen a Parlamentului \u00eenainte de \u00eenceperea \u015fedin\u0163ei erau men\u0163ionate canalele corespunz\u0103toare limbilor folosite.<\/p>\n<\/div>\n<p> Source URL: https:\/\/www.digi24.ro\/stiri\/actualitate\/politica\/jurnalul-de-seara-de-ce-a-fost-scos-steagul-ue-din-parlament-159584<\/p>\n","protected":false},"excerpt":{"rendered":"<p>\u201eA fost un simbol \u0219i cred c\u0103 \u021bine de mai mult dec\u00e2t de o ospitalitate de moment. Nu \u0219tiu dac\u0103 cei care au g\u00e2ndit acest moment ritualic au \u021binut cont de asta, dar cred c\u0103 \u00een subcon\u0219tientul lor au \u021binut cont\u201d, a comentat Vasile D\u00e2ncu. \u201eCe s-a \u00eent\u00e2mplat aici: de regul\u0103, \u00een Parlamentul Rom\u00e2niei, \u0219i [&hellip;]<\/p>\n","protected":false},"author":1,"featured_media":217456,"comment_status":"open","ping_status":"","sticky":false,"template":"","format":"standard","meta":{"footnotes":""},"categories":[2],"tags":[11],"class_list":["post-217455","post","type-post","status-publish","format-standard","has-post-thumbnail","hentry","category-politics","tag-digi24"],"_links":{"self":[{"href":"https:\/\/analyse.optim.biz\/index.php?rest_route=\/wp\/v2\/posts\/217455","targetHints":{"allow":["GET"]}}],"collection":[{"href":"https:\/\/analyse.optim.biz\/index.php?rest_route=\/wp\/v2\/posts"}],"about":[{"href":"https:\/\/analyse.optim.biz\/index.php?rest_route=\/wp\/v2\/types\/post"}],"author":[{"embeddable":true,"href":"https:\/\/analyse.optim.biz\/index.php?rest_route=\/wp\/v2\/users\/1"}],"replies":[{"embeddable":true,"href":"https:\/\/analyse.optim.biz\/index.php?rest_route=%2Fwp%2Fv2%2Fcomments&post=217455"}],"version-history":[{"count":0,"href":"https:\/\/analyse.optim.biz\/index.php?rest_route=\/wp\/v2\/posts\/217455\/revisions"}],"wp:featuredmedia":[{"embeddable":true,"href":"https:\/\/analyse.optim.biz\/index.php?rest_route=\/wp\/v2\/media\/217456"}],"wp:attachment":[{"href":"https:\/\/analyse.optim.biz\/index.php?rest_route=%2Fwp%2Fv2%2Fmedia&parent=217455"}],"wp:term":[{"taxonomy":"category","embeddable":true,"href":"https:\/\/analyse.optim.biz\/index.php?rest_route=%2Fwp%2Fv2%2Fcategories&post=217455"},{"taxonomy":"post_tag","embeddable":true,"href":"https:\/\/analyse.optim.biz\/index.php?rest_route=%2Fwp%2Fv2%2Ftags&post=217455"}],"curies":[{"name":"wp","href":"https:\/\/api.w.org\/{rel}","templated":true}]}}