{"id":217431,"date":"2013-11-28T10:55:09","date_gmt":"2013-11-28T07:55:09","guid":{"rendered":"https:\/\/analyse.optim.biz\/?p=217431"},"modified":"2013-11-28T10:55:09","modified_gmt":"2013-11-28T07:55:09","slug":"victor-ponta-i-am-atras-atentia-domnului-palada-cu-privire-la-ce-a-scris-pe-facebook","status":"publish","type":"post","link":"https:\/\/analyse.optim.biz\/?p=217431","title":{"rendered":"Victor Ponta: I-am atras aten\u021bia domnului Palada cu privire la ce a scris pe Facebook"},"content":{"rendered":"<div class=\"entry data-app-meta data-app-meta-article\" data-embed-base-url-canonical=\"https:\/\/www.digi24.ro\/embed\/stiri\/actualitate\/politica\/victor-ponta-i-am-atras-atentia-domnului-palada-cu-privire-la-ce-a-scris-pe-facebook-159714\">\n<p data-index=\"1\">\u201e<span>Nu sunt de acord cu aceste declara\u021bii \u0219i i-am spus domnului Palada. Dar, \u00een acela\u0219i timp, to\u021bi deontologii b\u0103si\u0219ti care s-au sup\u0103rat de declara\u021bia deplasat\u0103 sau ce-a scris pe Facebook, n-a fost o declara\u021bie \u0219tiu c\u0103 \u00eencurajeaz\u0103 \u00een fiecare zi declara\u021bii de zece ori mai rele cu tricolorul \u0219i \u00eensemnul pre\u0219edin\u021biei \u00een spate f\u0103cute de domnul purt\u0103tor de cuv\u00e2nt Oprea \u0219i chiar de pre\u0219edintele B\u0103sescu. \u0218tiu c\u0103 domnia sa n-are nicio conferin\u021b\u0103 de pres\u0103 \u00een care s\u0103 nu foloseasc\u0103 la adresa mea, sau la adresa domnului Antonescu, sau la adresa jurnali\u0219tilor jigniri mult mai mari dec\u00e2t termenul care a f\u0103cut istorie \u00een ultima s\u0103pt\u0103m\u00e2n\u0103. Matrafoxatul. Domnia sa le spune pe rom\u00e2ne\u0219te la adresa tuturor \u0219i nu se mai sup\u0103rau deontologii \u0219i andronicii. Andronicul este unitatea de m\u0103sur\u0103. \u0218i nu se mai sup\u0103rau, bai chiar se l\u0103udau: bine a zis B\u0103sescu, uite ce i-a jignit\u201d, a spus premierul Victor Ponta.<\/span><\/p>\n<p data-index=\"2\">Prim-ministrul a ad\u0103ugat c\u0103 nu sprijin\u0103 astfel de declara\u021bii.<\/p>\n<p data-index=\"3\">\u201e<span>I-am spus domnului Palada c\u0103 are anumite obliga\u021bii \u00een calitatea public\u0103 pe care o ocup\u0103 \u0219i sunt convins c\u0103 le va respecta, a\u0219a cum sunt convins\u0103 c\u0103 jignirile de la Cotroceni la adresa noastr\u0103 a tuturor vor continua \u00een acela\u0219i ritm\u201d, a mai spus Victor Ponta.<\/span><\/p>\n<p data-index=\"4\"><a href=\"https:\/\/www.digi24.ro\/Stiri\/Digi24\/Actualitate\/Politica\/Reactia+purtatorului+de+cuvant+al+Guvernului+Pentru+a-si+invinge\" data-skip-linkfix=\"1\">S\u0103pt\u0103m\u00e2na trecut\u0103<\/a>, Mirel Palada a avut o reac\u021bie ironic\u0103 la\u00a0declara\u021biile lui Traian B\u0103sescu. Purt\u0103torul de cuv\u00e2nt al Guvernului a scris pe Facebook, printre altele, c\u0103\u00a0\u201ecineva trebuie s\u0103 constate c\u0103 regele e gol. Pardon, c\u0103 pre\u0219edintele e beat. Nu numai de putere\u201d.<\/p>\n<\/div>\n<p> Source URL: https:\/\/www.digi24.ro\/stiri\/actualitate\/politica\/victor-ponta-i-am-atras-atentia-domnului-palada-cu-privire-la-ce-a-scris-pe-facebook-159714<\/p>\n","protected":false},"excerpt":{"rendered":"<p>\u201eNu sunt de acord cu aceste declara\u021bii \u0219i i-am spus domnului Palada. Dar, \u00een acela\u0219i timp, to\u021bi deontologii b\u0103si\u0219ti care s-au sup\u0103rat de declara\u021bia deplasat\u0103 sau ce-a scris pe Facebook, n-a fost o declara\u021bie \u0219tiu c\u0103 \u00eencurajeaz\u0103 \u00een fiecare zi declara\u021bii de zece ori mai rele cu tricolorul \u0219i \u00eensemnul pre\u0219edin\u021biei \u00een spate f\u0103cute de [&hellip;]<\/p>\n","protected":false},"author":1,"featured_media":217432,"comment_status":"open","ping_status":"","sticky":false,"template":"","format":"standard","meta":{"footnotes":""},"categories":[2],"tags":[11],"class_list":["post-217431","post","type-post","status-publish","format-standard","has-post-thumbnail","hentry","category-politics","tag-digi24"],"_links":{"self":[{"href":"https:\/\/analyse.optim.biz\/index.php?rest_route=\/wp\/v2\/posts\/217431","targetHints":{"allow":["GET"]}}],"collection":[{"href":"https:\/\/analyse.optim.biz\/index.php?rest_route=\/wp\/v2\/posts"}],"about":[{"href":"https:\/\/analyse.optim.biz\/index.php?rest_route=\/wp\/v2\/types\/post"}],"author":[{"embeddable":true,"href":"https:\/\/analyse.optim.biz\/index.php?rest_route=\/wp\/v2\/users\/1"}],"replies":[{"embeddable":true,"href":"https:\/\/analyse.optim.biz\/index.php?rest_route=%2Fwp%2Fv2%2Fcomments&post=217431"}],"version-history":[{"count":0,"href":"https:\/\/analyse.optim.biz\/index.php?rest_route=\/wp\/v2\/posts\/217431\/revisions"}],"wp:featuredmedia":[{"embeddable":true,"href":"https:\/\/analyse.optim.biz\/index.php?rest_route=\/wp\/v2\/media\/217432"}],"wp:attachment":[{"href":"https:\/\/analyse.optim.biz\/index.php?rest_route=%2Fwp%2Fv2%2Fmedia&parent=217431"}],"wp:term":[{"taxonomy":"category","embeddable":true,"href":"https:\/\/analyse.optim.biz\/index.php?rest_route=%2Fwp%2Fv2%2Fcategories&post=217431"},{"taxonomy":"post_tag","embeddable":true,"href":"https:\/\/analyse.optim.biz\/index.php?rest_route=%2Fwp%2Fv2%2Ftags&post=217431"}],"curies":[{"name":"wp","href":"https:\/\/api.w.org\/{rel}","templated":true}]}}