{"id":217420,"date":"2013-11-28T12:00:26","date_gmt":"2013-11-28T09:00:26","guid":{"rendered":"https:\/\/analyse.optim.biz\/?p=217420"},"modified":"2013-11-28T12:00:26","modified_gmt":"2013-11-28T09:00:26","slug":"fmi-nu-este-de-acord-cu-pensii-marite-pentru-cei-cu-grupa-i-de-munca-mariana-campeanu-este-puterea-deplina-a-parlamentului","status":"publish","type":"post","link":"https:\/\/analyse.optim.biz\/?p=217420","title":{"rendered":"FMI nu este de acord cu pensii m\u0103rite pentru cei cu grupa I de munc\u0103. Mariana C\u00e2mpeanu: Este puterea deplin\u0103 a Parlamentului"},"content":{"rendered":"<div class=\"entry data-app-meta data-app-meta-article\" data-embed-base-url-canonical=\"https:\/\/www.digi24.ro\/embed\/stiri\/actualitate\/politica\/fmi-nu-este-de-acord-cu-pensii-marite-pentru-cei-cu-grupa-i-de-munca-mariana-campeanu-este-puterea-deplina-a-parlamentului-159780\">\n<p data-index=\"1\"><strong>Actualizare ora 12.00<\/strong>.\u00a0Mariana C\u00e2mpeanu a declarat c\u0103 a aflat de la televizor despre decizia ale\u015filor \u0219i sustine c\u0103 nu cunoa\u015fte motivele pentru care parlamentarii au hot\u0103r\u00e2t s\u0103 am\u00e2ne introducerea pe ordinea de zi a proiectului. Ea a explicat c\u0103 banii necesari ar putea veni printr-o rectificare bugetar\u0103, la mijlocul anului viitor.<\/p>\n<p data-index=\"2\">Ministrul Muncii, Mariana C\u00e2mpeanu, a declarat c\u0103 nu a fost contactat\u0103 de nimeni de la FMI care s\u0103-i spun\u0103 c\u0103 institu\u021bia financiar\u0103 nu este de acord cu aceast\u0103 m\u0103sur\u0103. \u201eEste puterea deplin\u0103 a Parlamentului\u201d, a spus ministrul, repet\u00e2nd c\u0103 ea personal nu se opune proiectului, pentru c\u0103 ar fi vorba despre repararea unei discrimin\u0103ri. Ministrul nu a putut face o estimare exact\u0103 a num\u0103rului de persoane care s-ar pensiona, dar a men\u021bionat ca un \u201ecalcul foarte estimativ\u201d al ministerului num\u0103rul de 20.000 de pension\u0103ri care ar intereveni \u00een 2014.<\/p>\n<p data-index=\"3\">&#8212;&#8212;&#8212;&#8212;&#8212;&#8212;&#8212;&#8212;&#8212;&#8212;&#8212;&#8212;&#8212;&#8212;&#8211;<\/p>\n<p data-index=\"4\">Legea a fost ini\u0163iat\u0103 de PNL \u015fi votat\u0103 \u00een unanimitate de deputa\u0163ii din Comisia de munc\u0103. Camera Deputa\u0163ilor este decizional\u0103 \u00een acest caz.<\/p>\n<p data-index=\"5\">Pre\u015fedintele Comisiei de munc\u0103 din Camera Deputa\u0163ilor a spus \u0219i el c\u0103 bugetul poate sus\u0163ine aceste m\u0103suri, dar a invocat acordul cu FMI.<\/p>\n<p data-index=\"6\">De partea cealalt\u0103, opozi\u021bia acuz\u0103 Guvernul c\u0103 folose\u015fte FMI ca pretext pentru a bloca actul normativ.<\/p>\n<p data-index=\"7\">Proiectul a fost retras de pe agend\u0103 pe motiv c\u0103 Fondul Monetar Interna\u021bional nu este de acord cu majorarea pensiilor pentru cei care au lucrat \u00een condi\u021bii grele.<\/p>\n<p data-index=\"8\">Proiectul a fost de la bun \u00eenceput unul controversat, care nu a fost sus\u021binut de Guvern, dar a fost votat de c\u0103tre parlamentari, inclusiv cei de la PSD \u0219i PNL. Ini\u021bial, ale\u0219ii au sus\u021binut c\u0103 nu implic\u0103 niciun efort bugetar aceast\u0103 m\u0103sur\u0103 \u0219i c\u0103 repar\u0103, practic, o nedreptate f\u0103cut\u0103 de Guvernul Boc, care a scos aceast\u0103 categorie a celor care au muncit \u00een condi\u021bii grele \u0219i care puteau ie\u0219i mai devreme la pensie, dar \u0219i cu un spor de condi\u021bii grele.<\/p>\n<p data-index=\"9\">\u00cen cele din urm\u0103, s-a dovedit c\u0103 efortul bugetar pentru 2014 ar fi destul de \u00eensemnat, pentru c\u0103 din 2010 de c\u00e2nd se aplica legea \u0219i p\u00e2n\u0103 acum nu a mai ie\u0219it nimeni la pensie, ceea ce ar fi dus la o cre\u0219tere considerabil\u0103 a unor pension\u0103ri concomitente. Ar fi vorba de circa 63.000 de pension\u0103ri p\u00e2n\u0103 \u00een 2016.<\/p>\n<p data-index=\"10\">Ini\u021bial, ministrul Muncii, Mariana C\u00e2mpeanu, le-a transmis parlamentarilor c\u0103 ar avea bani pentru 2014, dar, potrivit unor surse parlamentare, FMI a intervenit ulterior pentru c\u0103 ar fi fost f\u0103cute eforturi bugetare \u00een plus care nu au fost convenite cu institu\u021bia financiar\u0103 interna\u021bional\u0103. M\u0103rimea acestui efort bugetar nu a fost precizat\u0103 \u00eens\u0103.<\/p>\n<p data-index=\"11\">Parlamentarii nu se dau \u00eens\u0103 b\u0103tu\u021bi \u0219i vor \u00eencerca s\u0103 voteze proiectul s\u0103pt\u0103m\u00e2na viitoare, \u00een speran\u021ba c\u0103 vor da un r\u0103gaz Guvernului pentru discu\u021bii cu FMI. \u00a0<\/p>\n<\/div>\n<p> Source URL: https:\/\/www.digi24.ro\/stiri\/actualitate\/politica\/fmi-nu-este-de-acord-cu-pensii-marite-pentru-cei-cu-grupa-i-de-munca-mariana-campeanu-este-puterea-deplina-a-parlamentului-159780<\/p>\n","protected":false},"excerpt":{"rendered":"<p>Actualizare ora 12.00.\u00a0Mariana C\u00e2mpeanu a declarat c\u0103 a aflat de la televizor despre decizia ale\u015filor \u0219i sustine c\u0103 nu cunoa\u015fte motivele pentru care parlamentarii au hot\u0103r\u00e2t s\u0103 am\u00e2ne introducerea pe ordinea de zi a proiectului. Ea a explicat c\u0103 banii necesari ar putea veni printr-o rectificare bugetar\u0103, la mijlocul anului viitor. Ministrul Muncii, Mariana C\u00e2mpeanu, [&hellip;]<\/p>\n","protected":false},"author":1,"featured_media":217421,"comment_status":"open","ping_status":"","sticky":false,"template":"","format":"standard","meta":{"footnotes":""},"categories":[2],"tags":[11],"class_list":["post-217420","post","type-post","status-publish","format-standard","has-post-thumbnail","hentry","category-politics","tag-digi24"],"_links":{"self":[{"href":"https:\/\/analyse.optim.biz\/index.php?rest_route=\/wp\/v2\/posts\/217420","targetHints":{"allow":["GET"]}}],"collection":[{"href":"https:\/\/analyse.optim.biz\/index.php?rest_route=\/wp\/v2\/posts"}],"about":[{"href":"https:\/\/analyse.optim.biz\/index.php?rest_route=\/wp\/v2\/types\/post"}],"author":[{"embeddable":true,"href":"https:\/\/analyse.optim.biz\/index.php?rest_route=\/wp\/v2\/users\/1"}],"replies":[{"embeddable":true,"href":"https:\/\/analyse.optim.biz\/index.php?rest_route=%2Fwp%2Fv2%2Fcomments&post=217420"}],"version-history":[{"count":0,"href":"https:\/\/analyse.optim.biz\/index.php?rest_route=\/wp\/v2\/posts\/217420\/revisions"}],"wp:featuredmedia":[{"embeddable":true,"href":"https:\/\/analyse.optim.biz\/index.php?rest_route=\/wp\/v2\/media\/217421"}],"wp:attachment":[{"href":"https:\/\/analyse.optim.biz\/index.php?rest_route=%2Fwp%2Fv2%2Fmedia&parent=217420"}],"wp:term":[{"taxonomy":"category","embeddable":true,"href":"https:\/\/analyse.optim.biz\/index.php?rest_route=%2Fwp%2Fv2%2Fcategories&post=217420"},{"taxonomy":"post_tag","embeddable":true,"href":"https:\/\/analyse.optim.biz\/index.php?rest_route=%2Fwp%2Fv2%2Ftags&post=217420"}],"curies":[{"name":"wp","href":"https:\/\/api.w.org\/{rel}","templated":true}]}}