{"id":217408,"date":"2013-11-28T14:54:21","date_gmt":"2013-11-28T11:54:21","guid":{"rendered":"https:\/\/analyse.optim.biz\/?p=217408"},"modified":"2013-11-28T14:54:21","modified_gmt":"2013-11-28T11:54:21","slug":"liberalii-se-plang-ca-patrimoniul-institutiilor-ce-vor-fi-descentralizate-este-luat-de-ministere","status":"publish","type":"post","link":"https:\/\/analyse.optim.biz\/?p=217408","title":{"rendered":"Liberalii se pl\u00e2ng c\u0103 patrimoniul institu\u021biilor ce vor fi descentralizate este luat de ministere"},"content":{"rendered":"<div class=\"entry data-app-meta data-app-meta-article\" data-embed-base-url-canonical=\"https:\/\/www.digi24.ro\/embed\/stiri\/actualitate\/politica\/liberalii-se-plang-ca-patrimoniul-institutiilor-ce-vor-fi-descentralizate-este-luat-de-ministere-159946\">\n<p data-index=\"1\"><img decoding=\"async\" src=\"https:\/\/analyse.optim.biz\/wp-content\/uploads\/2024\/09\/zyz3ptgwmczoyxnoptm3mtmyyzqyzmq2odm2otc4zmrmmzg5zdczytvkntiy-thumb_.jpg\" data-skip-htmlfix=\"1\" title=\"zyz3ptgwmczoyxnoptm3mtmyyzqyzmq2odm2otc4zmrmmzg5zdczytvkntiy-thumb_\"><strong>Horea Uioreanu, pre\u0219edintele CJ Cluj FOTO: MEDIAFAX<\/strong><\/p>\n<p data-index=\"2\">Pre\u0219edintele Consiliului Jude\u021bean Cluj, liberalul Horea Uioreanu, spune c\u0103 \u201ecineva are interesul s\u0103 compromit\u0103 descentralizarea\u201d \u0219i vorbe\u0219te despre \u201edevalizare\u201d. El i-a trimis o scrisoare premierului \u00een care atrage aten\u021bia asupra unei circulare emise \u00een urm\u0103 cu dou\u0103 zile de Ministerul Mediului, care cere agen\u021biilor de mediu teritoriale s\u0103 transfere ma\u0219inile pe care le au \u00een dotare c\u0103tre Garda de Mediu.<\/p>\n<p data-index=\"3\">Agen\u021biile teritoriale de mediu urmeaz\u0103 s\u0103 treac\u0103 \u00een subordinea consiliilor jude\u021bene de la 1 ianuarie 2014, \u00een timp ce Garda de Mediu r\u0103m\u00e2ne \u00een subordinea ministerului.<\/p>\n<p data-index=\"4\">Horea Uioreanu a explicat la Digi24 c\u0103 dac\u0103 acest gen de decizii se va perpetua \u0219i \u00een cazul altor obiecte de patrimoniu \u0219i al altor institu\u021bii ce urmeaz\u0103 a fi descentralizate, la 1 ianuarie consiliile jude\u021bele \u201evor primi o cheie \u00een m\u00e2n\u0103 \u0219i nu vor g\u0103si nicio u\u0219\u0103\u201d. Uioreanu a precizat c\u0103 nu a discutat personal cu premierul \u0219i nici nu \u0219tie de alte ac\u021biuni asem\u0103n\u0103toare \u00een cazul altor institu\u021bii, dar dore\u0219te s\u0103 trag\u0103 un semnal de alarm\u0103, convins c\u0103 Victor Ponta nici nu a fost informat. \u201eNu e o critic\u0103, \u00eencerc s\u0103-l ajut\u201d, a precizat Horea Uioreanu referindu-se la premier.<\/p>\n<p data-index=\"5\">El a mai declarat c\u0103 a aflat de circulara Ministerului Mediului \u2013 semnat\u0103 de un anume secretar de stat sau director \u201eDiaconu\u201d &#8211; \u00een urm\u0103 cu dou\u0103 zile \u0219i ini\u021bial a crezut c\u0103 e vorba doar despre Cluj. Ulterior, a \u00een\u021beles c\u0103 decizia prive\u0219te toate agen\u021biile de mediu, din toat\u0103 \u021bara, c\u0103rora li s-a cerut s\u0103 transfere ma\u0219inile pe care le au \u00een dotare c\u0103tre Garda de Mediu.<\/p>\n<\/div>\n<p> Source URL: https:\/\/www.digi24.ro\/stiri\/actualitate\/politica\/liberalii-se-plang-ca-patrimoniul-institutiilor-ce-vor-fi-descentralizate-este-luat-de-ministere-159946<\/p>\n","protected":false},"excerpt":{"rendered":"<p>Horea Uioreanu, pre\u0219edintele CJ Cluj FOTO: MEDIAFAX Pre\u0219edintele Consiliului Jude\u021bean Cluj, liberalul Horea Uioreanu, spune c\u0103 \u201ecineva are interesul s\u0103 compromit\u0103 descentralizarea\u201d \u0219i vorbe\u0219te despre \u201edevalizare\u201d. El i-a trimis o scrisoare premierului \u00een care atrage aten\u021bia asupra unei circulare emise \u00een urm\u0103 cu dou\u0103 zile de Ministerul Mediului, care cere agen\u021biilor de mediu teritoriale s\u0103 [&hellip;]<\/p>\n","protected":false},"author":1,"featured_media":217409,"comment_status":"open","ping_status":"","sticky":false,"template":"","format":"standard","meta":{"footnotes":""},"categories":[2],"tags":[11],"class_list":["post-217408","post","type-post","status-publish","format-standard","has-post-thumbnail","hentry","category-politics","tag-digi24"],"_links":{"self":[{"href":"https:\/\/analyse.optim.biz\/index.php?rest_route=\/wp\/v2\/posts\/217408","targetHints":{"allow":["GET"]}}],"collection":[{"href":"https:\/\/analyse.optim.biz\/index.php?rest_route=\/wp\/v2\/posts"}],"about":[{"href":"https:\/\/analyse.optim.biz\/index.php?rest_route=\/wp\/v2\/types\/post"}],"author":[{"embeddable":true,"href":"https:\/\/analyse.optim.biz\/index.php?rest_route=\/wp\/v2\/users\/1"}],"replies":[{"embeddable":true,"href":"https:\/\/analyse.optim.biz\/index.php?rest_route=%2Fwp%2Fv2%2Fcomments&post=217408"}],"version-history":[{"count":0,"href":"https:\/\/analyse.optim.biz\/index.php?rest_route=\/wp\/v2\/posts\/217408\/revisions"}],"wp:featuredmedia":[{"embeddable":true,"href":"https:\/\/analyse.optim.biz\/index.php?rest_route=\/wp\/v2\/media\/217409"}],"wp:attachment":[{"href":"https:\/\/analyse.optim.biz\/index.php?rest_route=%2Fwp%2Fv2%2Fmedia&parent=217408"}],"wp:term":[{"taxonomy":"category","embeddable":true,"href":"https:\/\/analyse.optim.biz\/index.php?rest_route=%2Fwp%2Fv2%2Fcategories&post=217408"},{"taxonomy":"post_tag","embeddable":true,"href":"https:\/\/analyse.optim.biz\/index.php?rest_route=%2Fwp%2Fv2%2Ftags&post=217408"}],"curies":[{"name":"wp","href":"https:\/\/api.w.org\/{rel}","templated":true}]}}