{"id":217373,"date":"2013-11-29T06:12:28","date_gmt":"2013-11-29T03:12:28","guid":{"rendered":"https:\/\/analyse.optim.biz\/?p=217373"},"modified":"2013-11-29T06:12:28","modified_gmt":"2013-11-29T03:12:28","slug":"politicienii-si-oamenii-de-afaceri-se-orienteaza-catre-cumpararea-de-terenuri-ce-subventii-primeste-ioana-basescu","status":"publish","type":"post","link":"https:\/\/analyse.optim.biz\/?p=217373","title":{"rendered":"Politicienii \u015fi oamenii de afaceri se orienteaz\u0103 c\u0103tre cump\u0103rarea de terenuri. Ce subven\u0163ii prime\u015fte Ioana B\u0103sescu"},"content":{"rendered":"<div class=\"entry data-app-meta data-app-meta-article\" data-embed-base-url-canonical=\"https:\/\/www.digi24.ro\/embed\/stiri\/actualitate\/politica\/politicienii-si-oamenii-de-afaceri-se-orienteaza-catre-cumpararea-de-terenuri-ce-subventii-primeste-ioana-basescu-160303\">\n<p data-index=\"1\"><span><strong>Politicienii \u015fi oamenii de afaceri caut\u0103 cartea c\u00e2\u015ftig\u0103toare \u00een agricultur\u0103. Tonul a fost dat de fiica pre\u015fedintelui, Ioana B\u0103sescu, care a cump\u0103rat aproape 300 de hectare de teren agricol \u00een jude\u0163ul C\u0103l\u0103ra\u015fi, cu ajutorul unui credit ipotecar de un milion de euro. Joi, <a href=\"https:\/\/www.digi24.ro\/Stiri\/Digi24\/Actualitate\/Stiri\/Elena+Udrea+vrea+sa+investeasca+in+agricultura+A+cumparat+deja+t\" target=\"_blank\" data-skip-linkfix=\"1\" rel=\"noopener\">Elena Udrea a anun\u0163at la r\u00e2ndul s\u0103u c\u0103 va cump\u0103ra circa 100 de hectare de teren<\/a>.<\/strong><\/span><\/p>\n<p data-index=\"2\"><span><span><img decoding=\"async\" src=\"https:\/\/analyse.optim.biz\/wp-content\/uploads\/2024\/09\/zwexmzbjyzc1zmzmnzm2mwmwn2m3mmzkntezyjnl-thumb_.jpg\" data-skip-htmlfix=\"1\" title=\"zwexmzbjyzc1zmzmnzm2mwmwn2m3mmzkntezyjnl-thumb_\"><\/span><\/span><\/p>\n<p data-index=\"3\"><span><span>Pre\u015fedintele Traian B\u0103sescu spune c\u0103 el este cel care a \u00eendrumat-o pe fiica cea mare spre agricultur\u0103 \u015fi c\u0103 el nu ar fi putut s\u0103 ob\u0163in\u0103 un credit a\u015fa mare din cauza salariului: \u201e<\/span><\/span><span><span><em><strong>Eu am convins-o s\u0103 fac\u0103 acest lucru, pentru c\u0103 mi-am dorit eu s\u0103 cump\u0103r\u0103m p\u0103m\u00e2nt. Fiind credit ipotecar, deci pe termen lung, de 30 de ani, problema e \u015fi ce v\u00e2rst\u0103 ai &#8211; te \u00eentreab\u0103 b\u0103ncile. Dar cine pl\u0103te\u015fte dac\u0103 se \u00eent\u00e2mpl\u0103 ceva?<\/strong><\/em><\/span><\/span><span><span>\u201d, se \u00eentreab\u0103 \u015feful statului.<\/span><\/span><\/p>\n<p data-index=\"4\"><span><span>Ioana B\u0103sescu poate primi aceea\u015fi subven\u0163ie ca orice fermier. 139 de euro &#8211; contribu\u0163ia european\u0103 -, la care se adaug\u0103 21 de euro contribu\u0163ia de la bugetul de stat, deci 160 de euro pe hectar, de \u00eenmul\u0163it cu 290 de hectare, adic\u0103 46.000 de euro, \u00een total.<\/span><\/span><\/p>\n<p data-index=\"5\">Creditul luat de la CEC Bank de fiica pre\u015fedintelui a declan\u015fat un amplu r\u0103zboi politic chiar \u00een USL. \u00cen Parlament a \u00eenceput o dubl\u0103 anchet\u0103, iar PSD a cerut o comisie special\u0103 care s\u0103 verifice <a href=\"https:\/\/www.digi24.ro\/Stiri\/Digi24\/Economie\/Stiri\/BNR+face+ancheta+la+CEC+Bank\" target=\"_blank\" data-skip-linkfix=\"1\" rel=\"noopener\"><strong>implicarea institu\u0163iilor statului \u00een tranzac\u0163ia familiei B\u0103sescu<\/strong><\/a>.<\/p>\n<p data-index=\"6\">Premierul Victor Ponta s-a gr\u0103bit s\u0103 spun\u0103 c\u0103 Radu Gra\u0163ian Ghe\u0163ea nu va mai r\u0103m\u00e2ne la conducerea CEC. A nuan\u0163at apoi, d\u00e2nd de \u00een\u0163eles c\u0103 se bazeaz\u0103 pe ministrul Finan\u0163elor s\u0103 propun\u0103 m\u0103surile care se impun.<\/p>\n<p data-index=\"7\">Dup\u0103 Ioana B\u0103sescu, deputatul PDL Elena Udrea a anun\u0163at c\u0103 \u00ee\u015fi vinde toate propriet\u0103\u0163ile \u015fi va cheltui to\u0163i banii din conturi pentru a investi \u00een agricultur\u0103. Ea vrea s\u0103 lucreze circa 1000 de hectare, \u00een parte cump\u0103rate, \u00een parte luate \u00een arend\u0103.\u00a0P\u00e2n\u0103 \u00een prezent, negociaz\u0103 pentru 80 de hectare, dar sper\u0103 ca de la anul s\u0103 intre \u00een posesia a 100 de hectare de teren arabil, toate \u00een aproprierea Capitalei.<\/p>\n<p data-index=\"8\">Strategia Elenei Udrea: cump\u0103r\u0103 parcele mici, apoi le comaseaz\u0103, pentru c\u0103 astfel pl\u0103te\u015fte mai pu\u0163in. Fostul ministru al turismului are \u015fi un regret: nu a g\u0103sit teren agricol l\u00e2ng\u0103 cel al familiei B\u0103sescu, situat \u00een comuna Nana din C\u0103l\u0103ra\u015fi.\u00a0\u201e<em><strong>Am cump\u0103rat \u00een jude\u0163ul C\u0103l\u0103ra\u015fi \u015fi \u00een jude\u0163ul Giurgiu, dar am discu\u0163ii \u015fi pentru jude\u0163ul D\u00e2mbovi\u0163a<\/strong><\/em>\u201d, a declarat Elena Udrea pentru <a href=\"https:\/\/www.digi24.ro\/Stiri\/Digi24\/Actualitate\/Stiri\/Elena+Udrea+vrea+sa+investeasca+in+agricultura+A+cumparat+deja+t\" target=\"_blank\" data-skip-linkfix=\"1\" rel=\"noopener\"><span><strong>Digi24<\/strong><\/span><\/a>.<\/p>\n<p data-index=\"9\">Deputatul PDL a precizat c\u0103 nu este vecin\u0103 cu pre\u015fedintele B\u0103sescu \u015fi c\u0103 pre\u0163urile \u00een zon\u0103 au crescut foarte mult.<\/p>\n<\/div>\n<p> Source URL: https:\/\/www.digi24.ro\/stiri\/actualitate\/politica\/politicienii-si-oamenii-de-afaceri-se-orienteaza-catre-cumpararea-de-terenuri-ce-subventii-primeste-ioana-basescu-160303<\/p>\n","protected":false},"excerpt":{"rendered":"<p>Politicienii \u015fi oamenii de afaceri caut\u0103 cartea c\u00e2\u015ftig\u0103toare \u00een agricultur\u0103. Tonul a fost dat de fiica pre\u015fedintelui, Ioana B\u0103sescu, care a cump\u0103rat aproape 300 de hectare de teren agricol \u00een jude\u0163ul C\u0103l\u0103ra\u015fi, cu ajutorul unui credit ipotecar de un milion de euro. Joi, Elena Udrea a anun\u0163at la r\u00e2ndul s\u0103u c\u0103 va cump\u0103ra circa 100 [&hellip;]<\/p>\n","protected":false},"author":1,"featured_media":217374,"comment_status":"open","ping_status":"","sticky":false,"template":"","format":"standard","meta":{"footnotes":""},"categories":[2],"tags":[11],"class_list":["post-217373","post","type-post","status-publish","format-standard","has-post-thumbnail","hentry","category-politics","tag-digi24"],"_links":{"self":[{"href":"https:\/\/analyse.optim.biz\/index.php?rest_route=\/wp\/v2\/posts\/217373","targetHints":{"allow":["GET"]}}],"collection":[{"href":"https:\/\/analyse.optim.biz\/index.php?rest_route=\/wp\/v2\/posts"}],"about":[{"href":"https:\/\/analyse.optim.biz\/index.php?rest_route=\/wp\/v2\/types\/post"}],"author":[{"embeddable":true,"href":"https:\/\/analyse.optim.biz\/index.php?rest_route=\/wp\/v2\/users\/1"}],"replies":[{"embeddable":true,"href":"https:\/\/analyse.optim.biz\/index.php?rest_route=%2Fwp%2Fv2%2Fcomments&post=217373"}],"version-history":[{"count":0,"href":"https:\/\/analyse.optim.biz\/index.php?rest_route=\/wp\/v2\/posts\/217373\/revisions"}],"wp:featuredmedia":[{"embeddable":true,"href":"https:\/\/analyse.optim.biz\/index.php?rest_route=\/wp\/v2\/media\/217374"}],"wp:attachment":[{"href":"https:\/\/analyse.optim.biz\/index.php?rest_route=%2Fwp%2Fv2%2Fmedia&parent=217373"}],"wp:term":[{"taxonomy":"category","embeddable":true,"href":"https:\/\/analyse.optim.biz\/index.php?rest_route=%2Fwp%2Fv2%2Fcategories&post=217373"},{"taxonomy":"post_tag","embeddable":true,"href":"https:\/\/analyse.optim.biz\/index.php?rest_route=%2Fwp%2Fv2%2Ftags&post=217373"}],"curies":[{"name":"wp","href":"https:\/\/api.w.org\/{rel}","templated":true}]}}