{"id":217350,"date":"2013-11-29T12:05:19","date_gmt":"2013-11-29T09:05:19","guid":{"rendered":"https:\/\/analyse.optim.biz\/?p=217350"},"modified":"2013-11-29T12:05:19","modified_gmt":"2013-11-29T09:05:19","slug":"primarul-sectorului-4-cristian-popescu-piedone-denunta-protocolul-cu-usl-daniel-constantin-situatia-trebuie-rezolvata-rapid","status":"publish","type":"post","link":"https:\/\/analyse.optim.biz\/?p=217350","title":{"rendered":"Primarul sectorului 4, Cristian Popescu-Piedone, denun\u021b\u0103 protocolul cu USL. Daniel Constantin: Situa\u021bia trebuie rezolvat\u0103 rapid"},"content":{"rendered":"<div class=\"entry data-app-meta data-app-meta-article\" data-embed-base-url-canonical=\"https:\/\/www.digi24.ro\/embed\/stiri\/actualitate\/politica\/primarul-sectorului-4-cristian-popescu-piedone-denunta-protocolul-cu-usl-daniel-constantin-situatia-trebuie-rezolvata-rapid-160420\">\n<p data-index=\"1\">\u00a0<img decoding=\"async\" src=\"https:\/\/analyse.optim.biz\/wp-content\/uploads\/2024\/09\/jmhhc2g9mji2ogy2odhlytvimtfmzthlytbjnte5mjg0mjizowu-thumb_.jpg\" data-skip-htmlfix=\"1\" title=\"jmhhc2g9mji2ogy2odhlytvimtfmzthlytbjnte5mjg0mjizowu-thumb_\"><\/p>\n<p data-index=\"2\">El a declarat, dup\u0103 \u015fedin\u0163a Consiliului Local al Sectorului 4, c\u0103 majoritatea proiectelor supuse votului \u00een CL \u00een ultimele luni ori nu au fost aprobate de consilierii liberali, ori ace\u015ftia s-au ab\u0163inut de la vot, astfel c\u0103 a decis ca, \u00eencep\u00e2nd de joi, s\u0103 nu mai reprezinte Uniunea Social Liberal\u0103 (USL), relateaz\u0103 Mediafax.<\/p>\n<p data-index=\"3\">\u201eCine vrea s\u0103 vin\u0103 cu mine, s\u0103 vin\u0103! Cine nu, nu! \u00cencep\u00e2nd de azi, nu mai pot garanta \u00een numele \u00eentregului USL \u015fi denun\u0163 protocolul cu Uniunea Social Liberal\u0103 la nivelul Sectorului 4. A\u015ftept ca liderii politici care formeaz\u0103 Consiliul Local Sector 4 (PSD, PC, PNL, PP-DD \u015fi PDL) s\u0103 vin\u0103 la discu\u0163ii s\u0103pt\u0103m\u00e2na viitoare, pentru a forma \u00eempreun\u0103 o majoritate \u00een interesul cet\u0103\u0163enilor Sectorului 4. Azi am constatat c\u0103 o parte dintre cei pe care i-am girat \u00een timpul campaniei electorale, membri ai USL, nu-\u015fi respect\u0103 cuv\u00e2ntul dat cet\u0103\u0163enilor. \u015ei nu e vorba de proiecte financiare costisitoare, ci doar proiecte care asigur\u0103 buna func\u0163ionalitate a aparatului propriu, dar \u015fi \u00een interesul cet\u0103\u0163eanului&#8221;, a spus Cristian Popescu-Piedone, citat \u00eentr-un comunicat de pres\u0103 al Prim\u0103riei Sectorului 4.<\/p>\n<p data-index=\"4\">Primarul a precizat c\u0103, dup\u0103 discu\u0163iile cu liderii Uniunii Social Liberale, va sus\u0163ine o conferin\u0163\u0103 de pres\u0103 \u00een care va explica pe larg motivele care au stat la baza deciziei de a denun\u0163a protocolul cu USL la nivelul Sectorului 4. \u201eA fost peste voin\u0163a mea s\u0103 fac acest anun\u0163, dar, c\u00e2nd echipa investit\u0103 de cet\u0103\u0163ean nu func\u0163ioneaz\u0103, cu v\u0103dit\u0103 inten\u0163ie, nu din gre\u015feal\u0103, trebuie s\u0103-mi asum aceast\u0103 responsabilitate \u015fi s\u0103 \u015ftie \u015fi cet\u0103\u0163eanul. \u00cemi pare r\u0103u c\u0103 \u00eencrederea oamenilor, care m-au votat \u00een propor\u0163ie de peste 83%, neexist\u00e2nd nici un motiv administrativ de a rupe alian\u0163a, ci doar politicul, a fost \u00een\u015felat\u0103. \u00cemi pare r\u0103u c\u0103 liderul PNL,\u00a0Crin Antonescu, un om de excep\u0163ie, \u00een care am crezut \u015fi cred \u00een continuare, nu este informat de ceea ce se \u00eent\u00e2mpl\u0103 \u00een realitate \u00een consiliile locale, care nu mai sunt demult liberale, referindu-m\u0103 aici strict la Sectorul 4&#8243;, a mai spus Cristian Popescu-Piedone.<\/p>\n<p data-index=\"5\">\u00cen Consiliul Local al Sectorului 4 sunt 19 de consilieri USL (\u015fapte PSD, \u015fase PNL \u015fi \u015fase PC), patru consilieri PDL \u015fi trei consilieri PP-DD.<\/p>\n<p data-index=\"6\">Dup\u0103 declara\u021biile primarului sectorului 4, ministrul agriculturii, Daniel Constantin (PC), a declarat: \u201e\u00cen\u021beleg c\u0103 este lips\u0103 de sus\u021binere din partea colegilor liberali \u00een Consiliul local al sectorului 4. Se \u0219tia despre asta de mai multe luni. Nu s-au sus\u021binut proiecte ce erau, de fapt, angajamente fa\u021b\u0103 de locuitori sectorului 4\u201d.<\/p>\n<p data-index=\"7\">\u201eAu fost discu\u021bii \u0219i \u00een alt\u0103 parte, dar au fost dep\u0103\u0219ite. Vor fi dep\u0103\u0219ite \u0219i aici, dar e nevoie de implicare de la centru. Sunt convins c\u0103 vor \u00eencerca s\u0103 clarifice toate lucrurile. Situa\u021bia trebuie rezolvat\u0103 rapid, ca s\u0103 nu se multiplice aceste cazuri\u201d, a subliniat el.<\/p>\n<\/div>\n<p> Source URL: https:\/\/www.digi24.ro\/stiri\/actualitate\/politica\/primarul-sectorului-4-cristian-popescu-piedone-denunta-protocolul-cu-usl-daniel-constantin-situatia-trebuie-rezolvata-rapid-160420<\/p>\n","protected":false},"excerpt":{"rendered":"<p>\u00a0 El a declarat, dup\u0103 \u015fedin\u0163a Consiliului Local al Sectorului 4, c\u0103 majoritatea proiectelor supuse votului \u00een CL \u00een ultimele luni ori nu au fost aprobate de consilierii liberali, ori ace\u015ftia s-au ab\u0163inut de la vot, astfel c\u0103 a decis ca, \u00eencep\u00e2nd de joi, s\u0103 nu mai reprezinte Uniunea Social Liberal\u0103 (USL), relateaz\u0103 Mediafax. \u201eCine [&hellip;]<\/p>\n","protected":false},"author":1,"featured_media":217351,"comment_status":"open","ping_status":"","sticky":false,"template":"","format":"standard","meta":{"footnotes":""},"categories":[2],"tags":[11],"class_list":["post-217350","post","type-post","status-publish","format-standard","has-post-thumbnail","hentry","category-politics","tag-digi24"],"_links":{"self":[{"href":"https:\/\/analyse.optim.biz\/index.php?rest_route=\/wp\/v2\/posts\/217350","targetHints":{"allow":["GET"]}}],"collection":[{"href":"https:\/\/analyse.optim.biz\/index.php?rest_route=\/wp\/v2\/posts"}],"about":[{"href":"https:\/\/analyse.optim.biz\/index.php?rest_route=\/wp\/v2\/types\/post"}],"author":[{"embeddable":true,"href":"https:\/\/analyse.optim.biz\/index.php?rest_route=\/wp\/v2\/users\/1"}],"replies":[{"embeddable":true,"href":"https:\/\/analyse.optim.biz\/index.php?rest_route=%2Fwp%2Fv2%2Fcomments&post=217350"}],"version-history":[{"count":0,"href":"https:\/\/analyse.optim.biz\/index.php?rest_route=\/wp\/v2\/posts\/217350\/revisions"}],"wp:featuredmedia":[{"embeddable":true,"href":"https:\/\/analyse.optim.biz\/index.php?rest_route=\/wp\/v2\/media\/217351"}],"wp:attachment":[{"href":"https:\/\/analyse.optim.biz\/index.php?rest_route=%2Fwp%2Fv2%2Fmedia&parent=217350"}],"wp:term":[{"taxonomy":"category","embeddable":true,"href":"https:\/\/analyse.optim.biz\/index.php?rest_route=%2Fwp%2Fv2%2Fcategories&post=217350"},{"taxonomy":"post_tag","embeddable":true,"href":"https:\/\/analyse.optim.biz\/index.php?rest_route=%2Fwp%2Fv2%2Ftags&post=217350"}],"curies":[{"name":"wp","href":"https:\/\/api.w.org\/{rel}","templated":true}]}}