{"id":217325,"date":"2013-11-30T15:30:06","date_gmt":"2013-11-30T12:30:06","guid":{"rendered":"https:\/\/analyse.optim.biz\/?p=217325"},"modified":"2013-11-30T15:30:06","modified_gmt":"2013-11-30T12:30:06","slug":"crin-antonescu-ataca-psd-noi-l-am-facut-pe-ponta-premier","status":"publish","type":"post","link":"https:\/\/analyse.optim.biz\/?p=217325","title":{"rendered":"Crin Antonescu atac\u0103 PSD: \u201eNoi l-am f\u0103cut pe Ponta premier\u201d"},"content":{"rendered":"<div class=\"entry data-app-meta data-app-meta-article\" data-embed-base-url-canonical=\"https:\/\/www.digi24.ro\/embed\/stiri\/actualitate\/politica\/crin-antonescu-ataca-psd-noi-l-am-facut-pe-ponta-premier-161049\">\n<p data-index=\"1\">Crin Antonescu spune c\u0103 el \u015fi partidul s\u0103u s-au purtat corect fa\u0163\u0103 de PSD \u015fi a\u015fteapt\u0103 ca social-democra\u0163ii s\u0103 nu se comporte ca \u00een perioada Guvern\u0103rii N\u0103stase.<\/p>\n<p data-index=\"2\"><strong>\u201eNoi l-am f\u0103cut pe Ponta prim ministru. Cred c\u0103 ar fi timpul ca acest lucru s\u0103 fie recunoscut \u015fi s\u0103 ni se mul\u0163umeasc\u0103\u201d,<\/strong> a spus Antonescu.<\/p>\n<p data-index=\"3\">Liberalul le reaminte\u015fte colegilor din PSD c\u0103 a devenit candidat al USL la insisten\u0163ele PSD, \u00een urma e\u015fecului avut de Mircea Geoan\u0103 la alegerile preziden\u0163iale.<\/p>\n<p data-index=\"4\"><strong>\u201eUmblau cu mine \u015fi cu ni\u015fte colegi din PSD, parc\u0103 eram sfintele moa\u015fte. Candidatura mea nu e rezultatul unei tocmeli, nu e rezultatul unei datorii, nu e un bac\u0219is sau un fel de rest pe care ni-l dau nou\u0103, pe care mi-l dau colegii social-democra\u0163i\u201d<\/strong>, a mai afirmat liderul PNL.<\/p>\n<p data-index=\"5\">Acesta este nemul\u0163umit de faptul c\u0103 social-democra\u0163ii i-au creat imaginea unui om conflictual: \u201e\u00cen vreme ce domnul Ponta munce\u015fte cuminte la Guvern cu mini\u015ftrii s\u0103i, \u00een vreme ce e armonie \u015fi pace \u015fi domnul Zgonea face festivit\u0103\u0163i, eu nu am de lucru \u015fi fac scandal. Nu voi permite niciodat\u0103 cuiva, oric\u00e2t de aliat, s\u0103 mint\u0103 pe seama PNL\u201d.<\/p>\n<p data-index=\"6\">\u00cen ciuda acestor disensiuni din USL, liderul liberal le-a transmis colegilor din partid c\u0103 PNL va c\u00e2\u015ftiga Pre\u015fedin\u0163ia \u00een 2014. \u00a0\u00a0<\/p>\n<\/div>\n<p> Source URL: https:\/\/www.digi24.ro\/stiri\/actualitate\/politica\/crin-antonescu-ataca-psd-noi-l-am-facut-pe-ponta-premier-161049<\/p>\n","protected":false},"excerpt":{"rendered":"<p>Crin Antonescu spune c\u0103 el \u015fi partidul s\u0103u s-au purtat corect fa\u0163\u0103 de PSD \u015fi a\u015fteapt\u0103 ca social-democra\u0163ii s\u0103 nu se comporte ca \u00een perioada Guvern\u0103rii N\u0103stase. \u201eNoi l-am f\u0103cut pe Ponta prim ministru. Cred c\u0103 ar fi timpul ca acest lucru s\u0103 fie recunoscut \u015fi s\u0103 ni se mul\u0163umeasc\u0103\u201d, a spus Antonescu. Liberalul le [&hellip;]<\/p>\n","protected":false},"author":1,"featured_media":217326,"comment_status":"open","ping_status":"","sticky":false,"template":"","format":"standard","meta":{"footnotes":""},"categories":[2],"tags":[11],"class_list":["post-217325","post","type-post","status-publish","format-standard","has-post-thumbnail","hentry","category-politics","tag-digi24"],"_links":{"self":[{"href":"https:\/\/analyse.optim.biz\/index.php?rest_route=\/wp\/v2\/posts\/217325","targetHints":{"allow":["GET"]}}],"collection":[{"href":"https:\/\/analyse.optim.biz\/index.php?rest_route=\/wp\/v2\/posts"}],"about":[{"href":"https:\/\/analyse.optim.biz\/index.php?rest_route=\/wp\/v2\/types\/post"}],"author":[{"embeddable":true,"href":"https:\/\/analyse.optim.biz\/index.php?rest_route=\/wp\/v2\/users\/1"}],"replies":[{"embeddable":true,"href":"https:\/\/analyse.optim.biz\/index.php?rest_route=%2Fwp%2Fv2%2Fcomments&post=217325"}],"version-history":[{"count":0,"href":"https:\/\/analyse.optim.biz\/index.php?rest_route=\/wp\/v2\/posts\/217325\/revisions"}],"wp:featuredmedia":[{"embeddable":true,"href":"https:\/\/analyse.optim.biz\/index.php?rest_route=\/wp\/v2\/media\/217326"}],"wp:attachment":[{"href":"https:\/\/analyse.optim.biz\/index.php?rest_route=%2Fwp%2Fv2%2Fmedia&parent=217325"}],"wp:term":[{"taxonomy":"category","embeddable":true,"href":"https:\/\/analyse.optim.biz\/index.php?rest_route=%2Fwp%2Fv2%2Fcategories&post=217325"},{"taxonomy":"post_tag","embeddable":true,"href":"https:\/\/analyse.optim.biz\/index.php?rest_route=%2Fwp%2Fv2%2Ftags&post=217325"}],"curies":[{"name":"wp","href":"https:\/\/api.w.org\/{rel}","templated":true}]}}