{"id":217314,"date":"2013-11-30T16:44:18","date_gmt":"2013-11-30T13:44:18","guid":{"rendered":"https:\/\/analyse.optim.biz\/?p=217314"},"modified":"2013-11-30T16:44:18","modified_gmt":"2013-11-30T13:44:18","slug":"crin-antonescu-scoaterea-steagului-ue-din-parlament-a-fost-o-greseala","status":"publish","type":"post","link":"https:\/\/analyse.optim.biz\/?p=217314","title":{"rendered":"Crin Antonescu: \u201eScoaterea steagului UE din Parlament a fost o gre\u0219eal\u0103\u201d"},"content":{"rendered":"<div class=\"entry data-app-meta data-app-meta-article\" data-embed-base-url-canonical=\"https:\/\/www.digi24.ro\/embed\/stiri\/actualitate\/politica\/crin-antonescu-scoaterea-steagului-ue-din-parlament-a-fost-o-greseala-161057\">\n<p data-index=\"1\"><strong>\u201eNu eu am fost responsabil cu decora\u0163iuni, am v\u0103zut ulterior. Nu mi se pare normal. Nu v\u0103d de ce trebuia s\u0103 dispar\u0103 steagul Uniunii Europene \u015fi cred c\u0103 e o chestiune din asta administrativ gospodareasc\u0103\u201d<\/strong>, a spus Crin Antonescu.<\/p>\n<p data-index=\"2\">Cu ocazia discursului premierului chinez \u00een Parlamentul Rom\u00e2niei, <a href=\"https:\/\/www.digi24.ro\/Stiri\/Digi24\/Actualitate\/Politica\/Jurnalul+de+seara+De+ce+a+fost+scos+steagul+UE+din+Parlament\" target=\"_blank\" data-skip-linkfix=\"1\" rel=\"noopener\"><strong>steagul Uniunii Europene a fost \u00eenlocuit<\/strong><\/a> cu cel al Chinei, \u00een sala de plen \u0219i pe holuri.<\/p>\n<\/div>\n<p> Source URL: https:\/\/www.digi24.ro\/stiri\/actualitate\/politica\/crin-antonescu-scoaterea-steagului-ue-din-parlament-a-fost-o-greseala-161057<\/p>\n","protected":false},"excerpt":{"rendered":"<p>\u201eNu eu am fost responsabil cu decora\u0163iuni, am v\u0103zut ulterior. Nu mi se pare normal. Nu v\u0103d de ce trebuia s\u0103 dispar\u0103 steagul Uniunii Europene \u015fi cred c\u0103 e o chestiune din asta administrativ gospodareasc\u0103\u201d, a spus Crin Antonescu. Cu ocazia discursului premierului chinez \u00een Parlamentul Rom\u00e2niei, steagul Uniunii Europene a fost \u00eenlocuit cu cel [&hellip;]<\/p>\n","protected":false},"author":1,"featured_media":217315,"comment_status":"open","ping_status":"","sticky":false,"template":"","format":"standard","meta":{"footnotes":""},"categories":[2],"tags":[11],"class_list":["post-217314","post","type-post","status-publish","format-standard","has-post-thumbnail","hentry","category-politics","tag-digi24"],"_links":{"self":[{"href":"https:\/\/analyse.optim.biz\/index.php?rest_route=\/wp\/v2\/posts\/217314","targetHints":{"allow":["GET"]}}],"collection":[{"href":"https:\/\/analyse.optim.biz\/index.php?rest_route=\/wp\/v2\/posts"}],"about":[{"href":"https:\/\/analyse.optim.biz\/index.php?rest_route=\/wp\/v2\/types\/post"}],"author":[{"embeddable":true,"href":"https:\/\/analyse.optim.biz\/index.php?rest_route=\/wp\/v2\/users\/1"}],"replies":[{"embeddable":true,"href":"https:\/\/analyse.optim.biz\/index.php?rest_route=%2Fwp%2Fv2%2Fcomments&post=217314"}],"version-history":[{"count":0,"href":"https:\/\/analyse.optim.biz\/index.php?rest_route=\/wp\/v2\/posts\/217314\/revisions"}],"wp:featuredmedia":[{"embeddable":true,"href":"https:\/\/analyse.optim.biz\/index.php?rest_route=\/wp\/v2\/media\/217315"}],"wp:attachment":[{"href":"https:\/\/analyse.optim.biz\/index.php?rest_route=%2Fwp%2Fv2%2Fmedia&parent=217314"}],"wp:term":[{"taxonomy":"category","embeddable":true,"href":"https:\/\/analyse.optim.biz\/index.php?rest_route=%2Fwp%2Fv2%2Fcategories&post=217314"},{"taxonomy":"post_tag","embeddable":true,"href":"https:\/\/analyse.optim.biz\/index.php?rest_route=%2Fwp%2Fv2%2Ftags&post=217314"}],"curies":[{"name":"wp","href":"https:\/\/api.w.org\/{rel}","templated":true}]}}