{"id":217210,"date":"2013-12-02T19:34:46","date_gmt":"2013-12-02T16:34:46","guid":{"rendered":"https:\/\/analyse.optim.biz\/?p=217210"},"modified":"2013-12-02T19:34:46","modified_gmt":"2013-12-02T16:34:46","slug":"ilie-sarbu-domnul-basescu-vrea-sa-distruga-tot-a-atins-culmea-dementei","status":"publish","type":"post","link":"https:\/\/analyse.optim.biz\/?p=217210","title":{"rendered":"Ilie S\u00e2rbu: Domnul B\u0103sescu vrea s\u0103 distrug\u0103 tot, a atins culmea demen\u021bei"},"content":{"rendered":"<div class=\"entry data-app-meta data-app-meta-article\" data-embed-base-url-canonical=\"https:\/\/www.digi24.ro\/embed\/stiri\/actualitate\/politica\/ilie-sarbu-domnul-basescu-vrea-sa-distruga-tot-a-atins-culmea-dementei-162169\">\n<p data-index=\"1\">\u201e<span>Vrea s\u0103 dea foc Rom\u00e2niei. A ajuns \u00een pragul falimentului mental, vrea s\u0103 distrug\u0103 tot. Nu \u0219tiu dac\u0103 trebuie l\u0103sat s\u0103 fac\u0103 lucrul acesta. Asta nu depinde de mine, dar cred eu c\u0103 va trebui s\u0103 g\u0103sim o formul\u0103 prin care s\u0103-l aducem la realitate pe domnul B\u0103sescu. Cred c\u0103 a atins, la ora actual\u0103, culmea demen\u021bei\u201d, a spus Ilie S\u00e2rbu.<\/span><\/p>\n<p data-index=\"2\"><a href=\"https:\/\/www.digi24.ro\/Stiri\/Digi24\/Actualitate\/Stiri\/Presedintele+face+declaratii+de+la+ora+18+30\" target=\"_blank\" data-skip-linkfix=\"1\" rel=\"noopener\">Pre\u0219edintele Traian B\u0103sescu a anun\u021bat<\/a>, luni seara, c\u0103 nu va aproba memorandumul trimis de Guvern referitor la rezultatul negocierilor cu FMI, UE \u0219i Banca Mondial\u0103. El a motivat acest gest prin existen\u021ba prevederii de a cre\u0219te acciza la carburant, m\u0103sur\u0103 de natur\u0103 s\u0103 fr\u00e2neze cre\u0219terea economic\u0103, \u00een opinia pre\u0219edintelui.<\/p>\n<p data-index=\"3\">\u00cen urma acestui anun\u021b, premierul Victor Ponta a declarat c\u0103 <a href=\"https:\/\/www.digi24.ro\/Stiri\/Digi24\/Actualitate\/Stiri\/Victor+Ponta+Acordul+cu+FMI+este+suspendat\" data-skip-linkfix=\"1\">acordul cu FMI este suspendat<\/a>, dar a fost contrazis de ministrul Bugetului, Liviu Voinea, \u0219i de Administra\u021bia Preziden\u021bial\u0103.<\/p>\n<p data-index=\"4\">Pre\u015fedintele Camerei Deputa\u0163ilor a atras aten\u0163ia asupra efectelor \u00een plan extern ale deciziei pre\u0219edintelui Traian B\u0103sescu.<\/p>\n<p data-index=\"5\">\u201eDomnul pre\u015fedinte s\u0103 r\u0103spund\u0103. F\u0103r\u0103 s\u0103 spun\u0103, emo\u0163ional, c\u0103 nu \u015ftiu ce, cu acciz\u0103, f\u0103r\u0103 acciz\u0103, s\u0103 spun\u0103 care este semnalul care \u00eel d\u0103m noi credibilit\u0103\u0163ii institu\u0163iilor financiare\u201d, a spus Valeriu Zgonea.<\/p>\n<\/div>\n<p> Source URL: https:\/\/www.digi24.ro\/stiri\/actualitate\/politica\/ilie-sarbu-domnul-basescu-vrea-sa-distruga-tot-a-atins-culmea-dementei-162169<\/p>\n","protected":false},"excerpt":{"rendered":"<p>\u201eVrea s\u0103 dea foc Rom\u00e2niei. A ajuns \u00een pragul falimentului mental, vrea s\u0103 distrug\u0103 tot. Nu \u0219tiu dac\u0103 trebuie l\u0103sat s\u0103 fac\u0103 lucrul acesta. Asta nu depinde de mine, dar cred eu c\u0103 va trebui s\u0103 g\u0103sim o formul\u0103 prin care s\u0103-l aducem la realitate pe domnul B\u0103sescu. Cred c\u0103 a atins, la ora actual\u0103, [&hellip;]<\/p>\n","protected":false},"author":1,"featured_media":217211,"comment_status":"open","ping_status":"","sticky":false,"template":"","format":"standard","meta":{"footnotes":""},"categories":[2],"tags":[11],"class_list":["post-217210","post","type-post","status-publish","format-standard","has-post-thumbnail","hentry","category-politics","tag-digi24"],"_links":{"self":[{"href":"https:\/\/analyse.optim.biz\/index.php?rest_route=\/wp\/v2\/posts\/217210","targetHints":{"allow":["GET"]}}],"collection":[{"href":"https:\/\/analyse.optim.biz\/index.php?rest_route=\/wp\/v2\/posts"}],"about":[{"href":"https:\/\/analyse.optim.biz\/index.php?rest_route=\/wp\/v2\/types\/post"}],"author":[{"embeddable":true,"href":"https:\/\/analyse.optim.biz\/index.php?rest_route=\/wp\/v2\/users\/1"}],"replies":[{"embeddable":true,"href":"https:\/\/analyse.optim.biz\/index.php?rest_route=%2Fwp%2Fv2%2Fcomments&post=217210"}],"version-history":[{"count":0,"href":"https:\/\/analyse.optim.biz\/index.php?rest_route=\/wp\/v2\/posts\/217210\/revisions"}],"wp:featuredmedia":[{"embeddable":true,"href":"https:\/\/analyse.optim.biz\/index.php?rest_route=\/wp\/v2\/media\/217211"}],"wp:attachment":[{"href":"https:\/\/analyse.optim.biz\/index.php?rest_route=%2Fwp%2Fv2%2Fmedia&parent=217210"}],"wp:term":[{"taxonomy":"category","embeddable":true,"href":"https:\/\/analyse.optim.biz\/index.php?rest_route=%2Fwp%2Fv2%2Fcategories&post=217210"},{"taxonomy":"post_tag","embeddable":true,"href":"https:\/\/analyse.optim.biz\/index.php?rest_route=%2Fwp%2Fv2%2Ftags&post=217210"}],"curies":[{"name":"wp","href":"https:\/\/api.w.org\/{rel}","templated":true}]}}