{"id":216887,"date":"2013-12-06T21:55:18","date_gmt":"2013-12-06T18:55:18","guid":{"rendered":"https:\/\/analyse.optim.biz\/?p=216887"},"modified":"2013-12-06T21:55:18","modified_gmt":"2013-12-06T18:55:18","slug":"mos-nicolae-arondat-politic-pdl-psd-si-pnl-au-organizat-actiuni-caritabile","status":"publish","type":"post","link":"https:\/\/analyse.optim.biz\/?p=216887","title":{"rendered":"Mo\u015f Nicolae, arondat politic. PDL, PSD \u015fi PNL au organizat ac\u0163iuni caritabile"},"content":{"rendered":"<div class=\"entry data-app-meta data-app-meta-article\" data-embed-base-url-canonical=\"https:\/\/www.digi24.ro\/embed\/stiri\/actualitate\/politica\/mos-nicolae-arondat-politic-pdl-psd-si-pnl-au-organizat-actiuni-caritabile-164839\">\n<p data-index=\"1\">Democrat-liberalii au ie\u015fit \u00een strad\u0103. Nu s\u0103 protesteze, ci s\u0103 ofere trec\u0103torilor c\u00e2te o portocal\u0103. S-au adunat \u00een centrul Capitalei, s-au fotografiat \u0219i s-au pus pe \u00eemp\u0103r\u0163it. Unii bucure\u015ftenii au acceptat darul simbolic, al\u0163ii au refuzat ostentativ, iar mul\u0163i s-au enervat de-a dreptul.<\/p>\n<p data-index=\"2\"><img decoding=\"async\" src=\"https:\/\/analyse.optim.biz\/wp-content\/uploads\/2024\/09\/mczoyxnoptlkmtbjzgyxnza1zjqzztgynmi3ytc3mtk1yjdinzay-thumb_.jpg\" data-skip-htmlfix=\"1\" title=\"mczoyxnoptlkmtbjzgyxnza1zjqzztgynmi3ytc3mtk1yjdinzay-thumb_\"><\/p>\n<p data-index=\"3\"><em>PDL a \u00eemp\u0103r\u021bit portocale bucure\u0219tenilor. Foto: <a href=\"https:\/\/www.facebook.com\/pdlsenat?fref=ts\" target=\"_blank\" data-skip-linkfix=\"1\" rel=\"noopener\">Facebook<\/a><\/em><\/p>\n<p data-index=\"4\">Organizatorii au spus c\u0103 gestul nu are conota\u0163ii electorale, de\u015fi to\u0163i erau \u00eembr\u0103ca\u0163i \u00een haine portocalii cu sigla partidului.<\/p>\n<p data-index=\"5\">\u201e<span>Nu cerem absolut nimic, vrem doar s\u0103 aducem o bucurie \u015fi sper\u0103m s\u0103 smulgem un z\u00e2mbet pe fe\u0163ele bucure\u015ftenilor\u201d, a declarat Mihai At\u0103n\u0103soaei, fost prefect PDL al Capitalei.<\/span><\/p>\n<p data-index=\"6\"><img decoding=\"async\" src=\"https:\/\/analyse.optim.biz\/wp-content\/uploads\/2024\/09\/mdamagfzad1knmq3ogniyjgwngjkmjfmyjcwm2m5ntiwnty4ztjhoq-thumb_.jpg\" data-skip-htmlfix=\"1\" title=\"mdamagfzad1knmq3ogniyjgwngjkmjfmyjcwm2m5ntiwnty4ztjhoq-thumb_\"><\/p>\n<p data-index=\"7\"><span><em>PDL a \u00eemp\u0103r\u021bit portocale bucure\u0219tenilor. Foto:\u00a0<a href=\"https:\/\/www.facebook.com\/pdlsenat?fref=ts\" target=\"_blank\" data-skip-linkfix=\"1\" rel=\"noopener\">Facebook<\/a><\/em><\/span><\/p>\n<p data-index=\"8\">Liberalii \u015fi-au trimis doamnele pe teren. Acestea au descins la un c\u0103min de copii.<\/p>\n<p data-index=\"9\">\u201e<span>Este un gest pe care to\u0163i colegii deputa\u0163i din cadrul grupului liberal am decis s\u0103-l facem. S\u0103 le aducem un z\u00e2mbet \u00een prag de s\u0103rb\u0103tori, prin urmare ne-am al\u0103turat cu to\u0163ii acestui demers\u201d, a spus Cristina Pocora, deputat PNL.<\/span><\/p>\n<p data-index=\"10\">Social-democra\u021bii au fost mai discre\u0163i. Doar senatorul Gabriela Firea a anun\u021bat c\u0103 a f\u0103cut cadouri unor copii care \u00eenva\u021b\u0103 \u00eentr-o \u0219coal\u0103 din colegiu s\u0103u, din Pipera.<\/p>\n<\/div>\n<p> Source URL: https:\/\/www.digi24.ro\/stiri\/actualitate\/politica\/mos-nicolae-arondat-politic-pdl-psd-si-pnl-au-organizat-actiuni-caritabile-164839<\/p>\n","protected":false},"excerpt":{"rendered":"<p>Democrat-liberalii au ie\u015fit \u00een strad\u0103. Nu s\u0103 protesteze, ci s\u0103 ofere trec\u0103torilor c\u00e2te o portocal\u0103. S-au adunat \u00een centrul Capitalei, s-au fotografiat \u0219i s-au pus pe \u00eemp\u0103r\u0163it. Unii bucure\u015ftenii au acceptat darul simbolic, al\u0163ii au refuzat ostentativ, iar mul\u0163i s-au enervat de-a dreptul. PDL a \u00eemp\u0103r\u021bit portocale bucure\u0219tenilor. Foto: Facebook Organizatorii au spus c\u0103 gestul [&hellip;]<\/p>\n","protected":false},"author":1,"featured_media":216888,"comment_status":"open","ping_status":"","sticky":false,"template":"","format":"standard","meta":{"footnotes":""},"categories":[2],"tags":[11],"class_list":["post-216887","post","type-post","status-publish","format-standard","has-post-thumbnail","hentry","category-politics","tag-digi24"],"_links":{"self":[{"href":"https:\/\/analyse.optim.biz\/index.php?rest_route=\/wp\/v2\/posts\/216887","targetHints":{"allow":["GET"]}}],"collection":[{"href":"https:\/\/analyse.optim.biz\/index.php?rest_route=\/wp\/v2\/posts"}],"about":[{"href":"https:\/\/analyse.optim.biz\/index.php?rest_route=\/wp\/v2\/types\/post"}],"author":[{"embeddable":true,"href":"https:\/\/analyse.optim.biz\/index.php?rest_route=\/wp\/v2\/users\/1"}],"replies":[{"embeddable":true,"href":"https:\/\/analyse.optim.biz\/index.php?rest_route=%2Fwp%2Fv2%2Fcomments&post=216887"}],"version-history":[{"count":0,"href":"https:\/\/analyse.optim.biz\/index.php?rest_route=\/wp\/v2\/posts\/216887\/revisions"}],"wp:featuredmedia":[{"embeddable":true,"href":"https:\/\/analyse.optim.biz\/index.php?rest_route=\/wp\/v2\/media\/216888"}],"wp:attachment":[{"href":"https:\/\/analyse.optim.biz\/index.php?rest_route=%2Fwp%2Fv2%2Fmedia&parent=216887"}],"wp:term":[{"taxonomy":"category","embeddable":true,"href":"https:\/\/analyse.optim.biz\/index.php?rest_route=%2Fwp%2Fv2%2Fcategories&post=216887"},{"taxonomy":"post_tag","embeddable":true,"href":"https:\/\/analyse.optim.biz\/index.php?rest_route=%2Fwp%2Fv2%2Ftags&post=216887"}],"curies":[{"name":"wp","href":"https:\/\/api.w.org\/{rel}","templated":true}]}}