{"id":216017,"date":"2013-12-16T15:45:46","date_gmt":"2013-12-16T12:45:46","guid":{"rendered":"https:\/\/analyse.optim.biz\/?p=216017"},"modified":"2013-12-16T15:45:46","modified_gmt":"2013-12-16T12:45:46","slug":"victor-ponta-va-trimite-presedintelui-propunerea-de-nominalizare-a-lui-gigel-stirbu-la-cultura","status":"publish","type":"post","link":"https:\/\/analyse.optim.biz\/?p=216017","title":{"rendered":"Victor Ponta va trimite pre\u0219edintelui propunerea de nominalizare a lui Gigel \u0218tirbu la Cultur\u0103"},"content":{"rendered":"<div class=\"entry data-app-meta data-app-meta-article\" data-embed-base-url-canonical=\"https:\/\/www.digi24.ro\/embed\/stiri\/actualitate\/politica\/victor-ponta-va-trimite-presedintelui-propunerea-de-nominalizare-a-lui-gigel-stirbu-la-cultura-169883\">\n<p data-index=\"1\"><img decoding=\"async\" src=\"https:\/\/analyse.optim.biz\/wp-content\/uploads\/2024\/09\/anbnjnc9odawjmhhc2g9nzljodg2y2izogixn2uyngfmywe2ndfmogvjytq0mme-thumb_.jpg\" data-skip-htmlfix=\"1\" title=\"anbnjnc9odawjmhhc2g9nzljodg2y2izogixn2uyngfmywe2ndfmogvjytq0mme-thumb_\"><\/p>\n<p data-index=\"2\"><strong>Foto: Mediafax<\/strong><\/p>\n<p data-index=\"3\">\u201e<span>Cu domnul \u0218tirbu am avut o discu\u021bie acum, am vorbit cu dumnealui despre ce\u00a0<\/span>dore\u0219te s\u0103 fac\u0103 la minister \u0219i o s\u0103 fac propunerea pre\u015fedintelui\u201d, a spus premierul.<\/p>\n<p data-index=\"4\">Gigel \u0218tirbu, pre\u0219edintele Comisiei de Cultur\u0103 din Camera Deputa\u021bilor, este<a href=\"https:\/\/www.digi24.ro\/Stiri\/Digi24\/Actualitate\/Politica\/PNL+propune+ministrul+Culturii+Gigel+Sorinel+Stirbu+Daniel+Barbu\" target=\"_blank\" data-skip-linkfix=\"1\" rel=\"noopener\"> propunerea liberalilor<\/a> pentru Ministerul Culturii, dup\u0103 demisia lui Daniel Barbu.<\/p>\n<p data-index=\"5\">Gigel Sorinel \u015etirbu are 42 de ani \u015fi a finalizat studii de teologie la Craiova. A foswt ales deputat \u00een circumscrip\u0163ia electoral\u0103 nr. 30 Olt, colegiul uninominal nr.6. \u00cen 2007 a fost secretar de stat \u00een ministerul pe care ar urma s\u0103 \u00eel conduc\u0103. El a fost numit \u00een acea func\u0163ie de premierul de atunci, liberalul C\u0103lin Popescu T\u0103riceanu.<\/p>\n<p data-index=\"6\">\u00centrebat ce p\u0103rere are despre eventuala numire a lui Gigel \u015etirbu la Ministerul Culturii, filosoful Andrei Ple\u015fu a spus c\u0103 nu \u00eel cunoa\u015fte, nu a auzit niciodat\u0103 de acesta \u015fi c\u0103 \u201e<a href=\"https:\/\/www.digi24.ro\/Stiri\/Digi24\/Actualitate\/Stiri\/A+Plesu+despre+eventuala+numire+a+lui+G+Stirbu+la+Cultura+Un+Gig\" target=\"_blank\" data-skip-linkfix=\"1\" rel=\"noopener\">un Gigel \u00een plus<\/a> nu mai conteaz\u0103\u201d.<\/p>\n<\/div>\n<p> Source URL: https:\/\/www.digi24.ro\/stiri\/actualitate\/politica\/victor-ponta-va-trimite-presedintelui-propunerea-de-nominalizare-a-lui-gigel-stirbu-la-cultura-169883<\/p>\n","protected":false},"excerpt":{"rendered":"<p>Foto: Mediafax \u201eCu domnul \u0218tirbu am avut o discu\u021bie acum, am vorbit cu dumnealui despre ce\u00a0dore\u0219te s\u0103 fac\u0103 la minister \u0219i o s\u0103 fac propunerea pre\u015fedintelui\u201d, a spus premierul. Gigel \u0218tirbu, pre\u0219edintele Comisiei de Cultur\u0103 din Camera Deputa\u021bilor, este propunerea liberalilor pentru Ministerul Culturii, dup\u0103 demisia lui Daniel Barbu. Gigel Sorinel \u015etirbu are 42 de [&hellip;]<\/p>\n","protected":false},"author":1,"featured_media":216018,"comment_status":"open","ping_status":"","sticky":false,"template":"","format":"standard","meta":{"footnotes":""},"categories":[2],"tags":[11],"class_list":["post-216017","post","type-post","status-publish","format-standard","has-post-thumbnail","hentry","category-politics","tag-digi24"],"_links":{"self":[{"href":"https:\/\/analyse.optim.biz\/index.php?rest_route=\/wp\/v2\/posts\/216017","targetHints":{"allow":["GET"]}}],"collection":[{"href":"https:\/\/analyse.optim.biz\/index.php?rest_route=\/wp\/v2\/posts"}],"about":[{"href":"https:\/\/analyse.optim.biz\/index.php?rest_route=\/wp\/v2\/types\/post"}],"author":[{"embeddable":true,"href":"https:\/\/analyse.optim.biz\/index.php?rest_route=\/wp\/v2\/users\/1"}],"replies":[{"embeddable":true,"href":"https:\/\/analyse.optim.biz\/index.php?rest_route=%2Fwp%2Fv2%2Fcomments&post=216017"}],"version-history":[{"count":0,"href":"https:\/\/analyse.optim.biz\/index.php?rest_route=\/wp\/v2\/posts\/216017\/revisions"}],"wp:featuredmedia":[{"embeddable":true,"href":"https:\/\/analyse.optim.biz\/index.php?rest_route=\/wp\/v2\/media\/216018"}],"wp:attachment":[{"href":"https:\/\/analyse.optim.biz\/index.php?rest_route=%2Fwp%2Fv2%2Fmedia&parent=216017"}],"wp:term":[{"taxonomy":"category","embeddable":true,"href":"https:\/\/analyse.optim.biz\/index.php?rest_route=%2Fwp%2Fv2%2Fcategories&post=216017"},{"taxonomy":"post_tag","embeddable":true,"href":"https:\/\/analyse.optim.biz\/index.php?rest_route=%2Fwp%2Fv2%2Ftags&post=216017"}],"curies":[{"name":"wp","href":"https:\/\/api.w.org\/{rel}","templated":true}]}}