{"id":215787,"date":"2013-12-18T15:48:36","date_gmt":"2013-12-18T12:48:36","guid":{"rendered":"https:\/\/analyse.optim.biz\/?p=215787"},"modified":"2013-12-18T15:48:36","modified_gmt":"2013-12-18T12:48:36","slug":"presedintele-traian-basescu-am-promulgat-bugetul-sunt-convins-ca-taxa-poate-fi-evitata-complet","status":"publish","type":"post","link":"https:\/\/analyse.optim.biz\/?p=215787","title":{"rendered":"Pre\u0219edintele Traian B\u0103sescu: Am promulgat bugetul, sunt convins c\u0103 taxa poate fi evitat\u0103 complet"},"content":{"rendered":"<div class=\"entry data-app-meta data-app-meta-article\" data-embed-base-url-canonical=\"https:\/\/www.digi24.ro\/embed\/stiri\/actualitate\/politica\/presedintele-traian-basescu-am-promulgat-bugetul-sunt-convins-ca-taxa-poate-fi-evitata-complet-171382\">\n<p data-index=\"1\"><img decoding=\"async\" src=\"https:\/\/analyse.optim.biz\/wp-content\/uploads\/2024\/09\/cgcmdz04mdamagfzad1jmjrjodiwzjzimdhkogvkyjjmn2q2ywqxowjhodvkzg-thumb_.jpg\" data-skip-htmlfix=\"1\" title=\"cgcmdz04mdamagfzad1jmjrjodiwzjzimdhkogvkyjjmn2q2ywqxowjhodvkzg-thumb_\">Anun\u021bul intervine \u00een condi\u021biile unor tensiuni tot mai mari \u00een USL \u0219i dup\u0103 ce, potrivit unor surse, <a href=\"https:\/\/www.digi24.ro\/Stiri\/Digi24\/Actualitate\/Politica\/Ministrii+PNL+ar+putea+demisiona\" target=\"_blank\" data-skip-linkfix=\"1\" rel=\"noopener\">premierul Victor Ponta \u0219i ministrul Finan\u021belor, Daniel Chi\u021boiu, ar fi venit, miercuri, la Palatul Cotroceni.<\/a><\/p>\n<p data-index=\"2\">El a spus c\u0103 se bucur\u0103 c\u0103 a existat un dialog, dar pe de alt\u0103 parte, a avertizat c\u0103 se va opune \u00een continuare acestei taxe. \u201eSunt convins c\u0103 taxa poate fi evitat\u0103 complet\u201d, a spus pre\u0219edintele. El a ar\u0103tat c\u0103 obiectivul s\u0103u nu a fost o confruntare cu guvernul, ci \u00eendreptarea unei <strong>gre\u0219eli de negociere de care se fac vinova\u021bi, \u00een egal\u0103 m\u0103sur\u0103, Guvernul \u0219i Fondul Monetar \u0219i Comisia European\u0103.\u00a0<\/strong><\/p>\n<p data-index=\"3\">Pre\u0219edintele a ar\u0103tat c\u0103 prin am\u00e2narea taxei &#8211; pe care a numit-o \u201etax\u0103 barbar\u0103\u201d &#8211; se vor \u00eencasa mai pu\u021bin la buget 600 de milioane de lei, o \u201esum\u0103 foarte mic\u0103 \u00een raport cu excesele din buget\u201d &#8211; o nou\u0103 referire la bugetul Ministerului Dezvolt\u0103rii condus de Liviu Dragnea. Pre\u0219edintele a dat \u0219i alte exemple: prevederea bugetar\u0103 prea mare pentru plata datoriei externe, minimalizarea \u00eencas\u0103rilor de la taxa pe st\u00e2lp, impozitul pe gaze.<\/p>\n<p data-index=\"4\">\u201eNiciodat\u0103 nu voi aproba un mandat care prevede cre\u0219terea taxelor pe combustibil\u201d, a subliniat \u0219eful statului.<\/p>\n<p data-index=\"5\">Pre\u0219edintele a atras aten\u021bia c\u0103 bugetul trebuie s\u0103 reflecte interesul na\u021bional, nu de partid \u0219i a amintit de tradi\u021bia ca acesta s\u0103 fie construit lu\u00e2nd \u00een considerare interesele electorale. El a f\u0103cut referire la baronii locali, pe care i-a \u00eendemnat s\u0103 se orienteze c\u0103tre fondurile europene, nu c\u0103tre cele bugetare.<\/p>\n<p data-index=\"6\">\u201eConvingerea mea este c\u0103 cele trei luni vor fi prelungite pentru totdeauna\u201d, a spus Traian B\u0103sescu.<\/p>\n<p data-index=\"7\">\u0218eful statului a mimat un calcul pentru a stabili prima zi pentru reintroducerea taxei, dup\u0103 care, ajung\u00e2nd la concluzia c\u0103 e 1 aprilie, a comentat: \u201eSigur e o poant\u0103\u201d.<\/p>\n<p data-index=\"8\"><strong>\u00centreb\u0103ri:<\/strong><\/p>\n<p data-index=\"9\">Despre reluarea subiectului de reintroducere a accizelor:<\/p>\n<p data-index=\"10\">Reintroducerea accizei trebuie f\u0103cut\u0103 \u00een urma unei \u00een\u021belegi cu FMI \u0219i cu UE. De\u0219i se \u0219tia disputa intern\u0103 pe aceast\u0103 tem\u0103, cele dou\u0103 institu\u021bii nu au reac\u021bionat. \u0218i-au men\u021binut neutralitatea. Ceea ce v-am spus este c\u0103 niciodat\u0103 nu voi aproba un mandat care prevede cre\u0219terea taxei pe combustibil. Nu pentru c\u0103 nu vrea, ci pentru c\u0103 v\u0103d bugetul, v\u0103d resursele \u0219i v\u0103d c\u0103 nu este necesar\u0103 introducerea unei taxe suplimentare.<\/p>\n<p data-index=\"11\">Despre men\u021binerea declara\u021biei cu privire la legea amnistierii:<\/p>\n<p data-index=\"12\">Orice ac\u021biune \u00een folosul Rom\u00e2niei inclusiv aplicarea de pedespse infractorilor este necesar\u0103, \u00eemi men\u021bin punctul de vedere c\u0103 cei are ascund infractotri nu au ce c\u0103uta \u00een fruntea \u021b\u0103rii.<\/p>\n<p data-index=\"13\">Despre situa\u021bia din USL:<\/p>\n<p data-index=\"14\">Hai s\u0103 vedem ce e \u00een alian\u021b\u0103. Eu nu cred \u00een ruperea USL. Nu se rup, dar deocamdat\u0103 se \u0219icaneaz\u0103.<\/p>\n<\/div>\n<p> Source URL: https:\/\/www.digi24.ro\/stiri\/actualitate\/politica\/presedintele-traian-basescu-am-promulgat-bugetul-sunt-convins-ca-taxa-poate-fi-evitata-complet-171382<\/p>\n","protected":false},"excerpt":{"rendered":"<p>Anun\u021bul intervine \u00een condi\u021biile unor tensiuni tot mai mari \u00een USL \u0219i dup\u0103 ce, potrivit unor surse, premierul Victor Ponta \u0219i ministrul Finan\u021belor, Daniel Chi\u021boiu, ar fi venit, miercuri, la Palatul Cotroceni. El a spus c\u0103 se bucur\u0103 c\u0103 a existat un dialog, dar pe de alt\u0103 parte, a avertizat c\u0103 se va opune \u00een [&hellip;]<\/p>\n","protected":false},"author":1,"featured_media":215788,"comment_status":"open","ping_status":"","sticky":false,"template":"","format":"standard","meta":{"footnotes":""},"categories":[2],"tags":[11],"class_list":["post-215787","post","type-post","status-publish","format-standard","has-post-thumbnail","hentry","category-politics","tag-digi24"],"_links":{"self":[{"href":"https:\/\/analyse.optim.biz\/index.php?rest_route=\/wp\/v2\/posts\/215787","targetHints":{"allow":["GET"]}}],"collection":[{"href":"https:\/\/analyse.optim.biz\/index.php?rest_route=\/wp\/v2\/posts"}],"about":[{"href":"https:\/\/analyse.optim.biz\/index.php?rest_route=\/wp\/v2\/types\/post"}],"author":[{"embeddable":true,"href":"https:\/\/analyse.optim.biz\/index.php?rest_route=\/wp\/v2\/users\/1"}],"replies":[{"embeddable":true,"href":"https:\/\/analyse.optim.biz\/index.php?rest_route=%2Fwp%2Fv2%2Fcomments&post=215787"}],"version-history":[{"count":0,"href":"https:\/\/analyse.optim.biz\/index.php?rest_route=\/wp\/v2\/posts\/215787\/revisions"}],"wp:featuredmedia":[{"embeddable":true,"href":"https:\/\/analyse.optim.biz\/index.php?rest_route=\/wp\/v2\/media\/215788"}],"wp:attachment":[{"href":"https:\/\/analyse.optim.biz\/index.php?rest_route=%2Fwp%2Fv2%2Fmedia&parent=215787"}],"wp:term":[{"taxonomy":"category","embeddable":true,"href":"https:\/\/analyse.optim.biz\/index.php?rest_route=%2Fwp%2Fv2%2Fcategories&post=215787"},{"taxonomy":"post_tag","embeddable":true,"href":"https:\/\/analyse.optim.biz\/index.php?rest_route=%2Fwp%2Fv2%2Ftags&post=215787"}],"curies":[{"name":"wp","href":"https:\/\/api.w.org\/{rel}","templated":true}]}}