{"id":215622,"date":"2013-12-20T11:05:03","date_gmt":"2013-12-20T08:05:03","guid":{"rendered":"https:\/\/analyse.optim.biz\/?p=215622"},"modified":"2013-12-20T11:05:03","modified_gmt":"2013-12-20T08:05:03","slug":"deputatii-juristi-amana-discutarea-cererii-de-arestare-a-deputatului-prins-in-timp-ce-lua-mita","status":"publish","type":"post","link":"https:\/\/analyse.optim.biz\/?p=215622","title":{"rendered":"Deputa\u021bii juri\u0219ti am\u00e2n\u0103 discutarea cererii de arestare a deputatului prins \u00een timp ce lua mit\u0103"},"content":{"rendered":"<div class=\"entry data-app-meta data-app-meta-article\" data-embed-base-url-canonical=\"https:\/\/www.digi24.ro\/embed\/stiri\/actualitate\/politica\/deputatii-juristi-amana-discutarea-cererii-de-arestare-a-deputatului-prins-in-timp-ce-lua-mita-172433\">\n<p data-index=\"1\"><strong>Actualizare 11.21<\/strong>. Deputatul Gheorghe Coman se folosea de numele unor oficiali din PC, inclusiv de cel al ministrului Agriculturii, c\u00e2nd \u00ee\u0219i negocia mita.<\/p>\n<p data-index=\"2\">Comisia Juridic\u0103 trebuia s\u0103 discute ast\u0103zi cererea procurorilor de arestare preventiv\u0103 a lui Gheorghe Coman, dar \u0219edin\u021ba a fost am\u00e2nat\u0103 pentru luni diminea\u021ba, la 9.30, c\u00e2nd parlamentarul va fi invitat s\u0103-\u0219i spun\u0103 punctul de vedere.<\/p>\n<p data-index=\"3\">Raportul cu privire la solicitarea procurorilor anticorup\u021bie de \u00eencuviin\u021bare a arest\u0103rii preventive a parlamentarului, redactat de deputa\u021bii juri\u0219ti, va fi \u00eenaintat Biroului Permanent al Camerei Deputa\u021bilor. Abia apoi, acest raport, care este consultativ,va ajunge la plen.<\/p>\n<p data-index=\"4\">Pre\u0219edintele Camerei Deputa\u021bilor, Valeriu Zgonea, spunea asear\u0103 c\u0103 inten\u021bioneaz\u0103 s\u0103 convoace plenul Camerei Deputa\u021bilor pentru data de 27 decembrie, urm\u00e2nd ca parlamentarii s\u0103 voteze atunci dac\u0103 \u00eei ridic\u0103 sau nu imunitatea parlamentarului cercetat pentru luare de mit\u0103.<\/p>\n<p data-index=\"5\">Gheorghe Coman, deputat PC, a fost prins \u00een flagrant c\u00e2nd primea 3.140 de lei pentru a men\u0163ine \u00een func\u0163ie un \u015fef din Direc\u0163ia Sanitar Veterinar\u0103 Buz\u0103u. Suma reprezenta contravaloarea unei facturi pentru un eveniment organizat la un local.<\/p>\n<p data-index=\"6\">\u00cen momentul \u00een care procurorii i-au spus c\u0103 este subiectul unui flagrant, deputatul s-a urcat \u00een ma\u015fin\u0103 \u015fi a fugit. 12 ore mai t\u00e2rziu a fost prins.<\/p>\n<p data-index=\"7\">Camera Deputa\u0163ilor a fost sesizat\u0103 oficial de c\u0103tre Ministerul Justi\u0163iei cu cererea Parchetului instan\u0163ei supreme de \u00eencuviin\u0163are a arest\u0103rii preventive, pentru acuza\u0163iile aduse. Dosarul a fost trimis c\u0103tre comisia juridic\u0103 conform deciziei de ast\u0103zi a Biroului Permanent. Termenul de prezentare a raportului este p\u00e2n\u0103 luni, are trei zile. Am convocat Biroul Permanent pentru luni, 23 decembrie, ora 11.00, urm\u00e2nd s\u0103 fier convocat Plenul pentru 27 decembrie, ora 12.00\u201d, a spus Valeriu Zgonea.<\/p>\n<p data-index=\"8\">\u201eAm speran\u0163a c\u0103 deputatul Coman \u015ftie ce a f\u0103cut, va avea decen\u0163a \u015fi onorabilitatea s\u0103 \u00ee\u015fi dea demisia din Parlament, s\u0103 nu punem Parlamentul \u00eentr-o situa\u0163ie delicat\u0103. Justi\u0163ia \u00ee\u015fi face datoria, to\u0163i suntem egali \u00een fa\u0163a justi\u0163iei. Este o ru\u015fine ce s-a \u00eent\u00e2mplat, este o ru\u015fine c\u0103 acest om a ajuns \u00een Parlament\u201d, a spus pre\u015fedintele Camerei Deputa\u0163ilor.<\/p>\n<p data-index=\"9\">\u201e<span>Domnul deputat ar trebui s\u0103 renun\u0163e din proprie ini\u0163iativ\u0103 la imunitatea parlamentar\u0103 \u015fi s\u0103 se pun\u0103 la dispozi\u0163ia organelor\u201d,a spus Ion Mircea, membru PC Buz\u0103u. De altfel, Gheorghe Coman a fost suspendat din partid.<\/span><\/p>\n<p data-index=\"10\">Deputatul Gheorghe Coman are, potrivit declara\u0163iei de avere, opt terenuri de aproape 19.000 de metri p\u0103tra\u0163i, o cas\u0103 \u015fi un credit de 53.500 de lei. Prin societatea pe care o conduce, Coman are \u00een derulare contracte cu dou\u0103 prim\u0103rii din Buz\u0103u pentru reabilitarea unor drumuri comunale, contracte \u00een valoare de aproape 150.000 de lei.<\/p>\n<\/div>\n<p> Source URL: https:\/\/www.digi24.ro\/stiri\/actualitate\/politica\/deputatii-juristi-amana-discutarea-cererii-de-arestare-a-deputatului-prins-in-timp-ce-lua-mita-172433<\/p>\n","protected":false},"excerpt":{"rendered":"<p>Actualizare 11.21. Deputatul Gheorghe Coman se folosea de numele unor oficiali din PC, inclusiv de cel al ministrului Agriculturii, c\u00e2nd \u00ee\u0219i negocia mita. Comisia Juridic\u0103 trebuia s\u0103 discute ast\u0103zi cererea procurorilor de arestare preventiv\u0103 a lui Gheorghe Coman, dar \u0219edin\u021ba a fost am\u00e2nat\u0103 pentru luni diminea\u021ba, la 9.30, c\u00e2nd parlamentarul va fi invitat s\u0103-\u0219i spun\u0103 [&hellip;]<\/p>\n","protected":false},"author":1,"featured_media":215623,"comment_status":"open","ping_status":"","sticky":false,"template":"","format":"standard","meta":{"footnotes":""},"categories":[2],"tags":[11],"class_list":["post-215622","post","type-post","status-publish","format-standard","has-post-thumbnail","hentry","category-politics","tag-digi24"],"_links":{"self":[{"href":"https:\/\/analyse.optim.biz\/index.php?rest_route=\/wp\/v2\/posts\/215622","targetHints":{"allow":["GET"]}}],"collection":[{"href":"https:\/\/analyse.optim.biz\/index.php?rest_route=\/wp\/v2\/posts"}],"about":[{"href":"https:\/\/analyse.optim.biz\/index.php?rest_route=\/wp\/v2\/types\/post"}],"author":[{"embeddable":true,"href":"https:\/\/analyse.optim.biz\/index.php?rest_route=\/wp\/v2\/users\/1"}],"replies":[{"embeddable":true,"href":"https:\/\/analyse.optim.biz\/index.php?rest_route=%2Fwp%2Fv2%2Fcomments&post=215622"}],"version-history":[{"count":0,"href":"https:\/\/analyse.optim.biz\/index.php?rest_route=\/wp\/v2\/posts\/215622\/revisions"}],"wp:featuredmedia":[{"embeddable":true,"href":"https:\/\/analyse.optim.biz\/index.php?rest_route=\/wp\/v2\/media\/215623"}],"wp:attachment":[{"href":"https:\/\/analyse.optim.biz\/index.php?rest_route=%2Fwp%2Fv2%2Fmedia&parent=215622"}],"wp:term":[{"taxonomy":"category","embeddable":true,"href":"https:\/\/analyse.optim.biz\/index.php?rest_route=%2Fwp%2Fv2%2Fcategories&post=215622"},{"taxonomy":"post_tag","embeddable":true,"href":"https:\/\/analyse.optim.biz\/index.php?rest_route=%2Fwp%2Fv2%2Ftags&post=215622"}],"curies":[{"name":"wp","href":"https:\/\/api.w.org\/{rel}","templated":true}]}}