{"id":215600,"date":"2013-12-21T17:02:36","date_gmt":"2013-12-21T14:02:36","guid":{"rendered":"https:\/\/analyse.optim.biz\/?p=215600"},"modified":"2013-12-21T17:02:36","modified_gmt":"2013-12-21T14:02:36","slug":"usl-saptamana-atacurilor-liderii-psd-si-pnl-s-au-certat-pe-tema-codului-penal-si-conducerii-tvr","status":"publish","type":"post","link":"https:\/\/analyse.optim.biz\/?p=215600","title":{"rendered":"USL, s\u0103pt\u0103m\u00e2na atacurilor. Liderii PSD \u0219i PNL s-au certat pe tema Codului Penal \u0219i conducerii TVR"},"content":{"rendered":"<div class=\"entry data-app-meta data-app-meta-article\" data-embed-base-url-canonical=\"https:\/\/www.digi24.ro\/embed\/stiri\/actualitate\/politica\/usl-saptamana-atacurilor-liderii-psd-si-pnl-s-au-certat-pe-tema-codului-penal-si-conducerii-tvr-173122\">\n<p data-index=\"1\">Legea amnistiei \u015fi modific\u0103rile Codului Penal i-au f\u0103cut pe Crin Antonescu \u015fi Victor Ponta s\u0103 ajung\u0103 la atacuri dintre cele mai vehemente. Numirea, \u00een final, al unui nou \u015fef la TVR a readus pacea \u00een interiorul USL cel pu\u0163in pentru perioada s\u0103rb\u0103torilor de iarn\u0103.<\/p>\n<p data-index=\"2\">\u201eAnul 2013 se termin\u0103 din p\u0103cate cu aceast\u0103 idee: USL este de fapt un e\u015fec anun\u0163at \u015fi o desp\u0103r\u0163ire care umeaz\u0103 s\u0103 se \u00eent\u00e2mple dac\u0103 nu m\u00e2ine, poim\u00e2ine\u201d, a declarat Crin Antonescu &#8211; pre\u015fedintele PNL.<\/p>\n<p data-index=\"3\">Scandalul a fost st\u00e2rnit de modific\u0103rile la Codul Penal \u015fi de promovarea Legii Amnistiei, care ar fi dus la eliberarea unor infractori av\u00e2nd condamn\u0103ri mai mici de \u015fapte ani. <\/p>\n<p data-index=\"4\">Crin Antonescu a sus\u0163inut c\u0103 a fost \u00eempotriva schimb\u0103rilor, dar Victor Ponta l-a contrazis.<\/p>\n<p data-index=\"5\">\u201eAntonescu \u015fi-a mintit colegii pentru c\u0103 am fost la USL 12 persoane c\u00e2nd a fost de acord cu legea amnistiei\u201d, a spus Victor Ponta.<\/p>\n<p data-index=\"6\">\u201eSpre deosebire de al\u0163ii nu am fost dovedit mincinos\u201d, s-a ap\u0103rat Crin Antonescu.<\/p>\n<p data-index=\"7\">A fost un nou moment \u00een care s-a invocat ruperea Uniunii Social Liberale.<\/p>\n<p data-index=\"8\">\u201eDac\u0103 genul \u0103sta de lucruri continu\u0103, m\u0103 tem c\u0103 este iminent\u0103 o rupere a USL\u201d, spunea Crin Antonescu.<\/p>\n<p data-index=\"9\">\u201eE problema domniei sale, eu nu vreau s\u0103 rup USL. Dac\u0103 vrea domnia sa&#8230;\u201d, a fost replica lui Victor Ponta.<\/p>\n<p data-index=\"10\">Tensiunea a crescut, mar\u0163i, la votul pentru \u015fefia TVR. \u00cen absen\u0163a PSD, Rare\u015f Bogdan, propus de Crin Antonescu, nu a \u00eentrunit suficiente voturi pentru a prelua conducerea institu\u0163iei.<\/p>\n<p data-index=\"11\">\u201eAu disp\u0103rut domnii din PSD din plen. Cred c\u0103 este o istorioar\u0103 scurt\u0103 despre cine are cuv\u00e2nt \u015fi despre cine e mincinos\u201d, a fost reac\u021bia lui Crin Antonescu.<\/p>\n<p data-index=\"12\">Seara, la ceremonia de \u00eenvestire \u00een func\u0163ie a ministrului Culturii, liderii USL s-au ignorat. Ulterior, premierul anun\u0163a c\u0103 vrea s\u0103 rezolve situa\u0163ia de la Televiziunea Rom\u00e2n\u0103 prin ordonan\u0163\u0103 de urgen\u0163\u0103.<\/p>\n<p data-index=\"13\">Miercuri, disputa s-a amplificat, dup\u0103 ce mini\u015ftrii liberali au plecat de la Palatul Victoria. \u015eedin\u0163a de Guvern a fost am\u00e2nat\u0103, iar pe c\u0103i neoficiale se anun\u0163a ruptura Coali\u0163iei de guvernare. La sediul PNL au venit, pe r\u00e2nd, liderul de onoare al conservatorilor, Dan Voiculescu, urmat chiar de premierul Victor Ponta.<\/p>\n<p data-index=\"14\">\u201eAm avut o discu\u0163ie politic\u0103, am \u00een\u0163eles \u015fi respect pozi\u0163ia PNL\u201d, spunea Victor Ponta<\/p>\n<p data-index=\"15\">\u201eTermina\u0163i-o cu \u00eemp\u0103carea, v- am mai spus\u201d, le declara Crin Antonescu jurnali\u0219tilor.\u00a0<\/p>\n<p data-index=\"16\">Joi, liberalii anun\u0163au oficial o nou\u0103 nominalizare pentru conducerea TVR. Propus acum era Stelian T\u0103nase.<\/p>\n<p data-index=\"17\">\u201eAm o p\u0103rere foarte bun\u0103 despre domnul T\u0103nase, sigur c\u0103 mi se pare o propunere bun\u0103\u201d, a spus Victor Ponta.<\/p>\n<p data-index=\"18\">Liberalii sperau \u00een sus\u0163inerea PSD \u015fi la votul din Parlament.<\/p>\n<p data-index=\"19\">\u201eReunirea cvorumului la o \u015fedin\u0163\u0103, la oricare \u015fedin\u0163\u0103 nu e o chestiune de noroc, nu e o chestiune dac\u0103 plou\u0103 sau nu plou\u0103, dac\u0103 ninge sau dac\u0103 nu ninge\u201d, spunea\u00a0<span>Crin Antonescu.\u00a0<\/span><\/p>\n<p data-index=\"20\">Vineri, USL a reu\u015fit s\u0103 se mobilizeze \u00een Parlament pentru numirea unui \u015fef interimar la televiziunea public\u0103.<\/p>\n<p data-index=\"21\">\u00centrebat dac\u0103 acest lucru l-a f\u0103cut s\u0103-\u0219i recapete \u00eencrederea \u00een premier, Crin Antonescu a r\u0103spuns: \u201eNu are nicio leg\u0103tur\u0103 acest vot cu premierul. E o poveste mai lung\u0103 despre acare avem tot timpul s\u0103 discut\u0103m dup\u0103 s\u0103rb\u0103tori\u201d.<\/p>\n<p data-index=\"22\">Tensiunile din USL vin dup\u0103 ce proiectul de modificare a Constitu\u0163iei, prin referendum organizat odat\u0103 cu preziden\u0163ialele, a fost compromis.\u00a0<\/p>\n<\/div>\n<p> Source URL: https:\/\/www.digi24.ro\/stiri\/actualitate\/politica\/usl-saptamana-atacurilor-liderii-psd-si-pnl-s-au-certat-pe-tema-codului-penal-si-conducerii-tvr-173122<\/p>\n","protected":false},"excerpt":{"rendered":"<p>Legea amnistiei \u015fi modific\u0103rile Codului Penal i-au f\u0103cut pe Crin Antonescu \u015fi Victor Ponta s\u0103 ajung\u0103 la atacuri dintre cele mai vehemente. Numirea, \u00een final, al unui nou \u015fef la TVR a readus pacea \u00een interiorul USL cel pu\u0163in pentru perioada s\u0103rb\u0103torilor de iarn\u0103. \u201eAnul 2013 se termin\u0103 din p\u0103cate cu aceast\u0103 idee: USL este [&hellip;]<\/p>\n","protected":false},"author":1,"featured_media":215601,"comment_status":"open","ping_status":"","sticky":false,"template":"","format":"standard","meta":{"footnotes":""},"categories":[2],"tags":[11],"class_list":["post-215600","post","type-post","status-publish","format-standard","has-post-thumbnail","hentry","category-politics","tag-digi24"],"_links":{"self":[{"href":"https:\/\/analyse.optim.biz\/index.php?rest_route=\/wp\/v2\/posts\/215600","targetHints":{"allow":["GET"]}}],"collection":[{"href":"https:\/\/analyse.optim.biz\/index.php?rest_route=\/wp\/v2\/posts"}],"about":[{"href":"https:\/\/analyse.optim.biz\/index.php?rest_route=\/wp\/v2\/types\/post"}],"author":[{"embeddable":true,"href":"https:\/\/analyse.optim.biz\/index.php?rest_route=\/wp\/v2\/users\/1"}],"replies":[{"embeddable":true,"href":"https:\/\/analyse.optim.biz\/index.php?rest_route=%2Fwp%2Fv2%2Fcomments&post=215600"}],"version-history":[{"count":0,"href":"https:\/\/analyse.optim.biz\/index.php?rest_route=\/wp\/v2\/posts\/215600\/revisions"}],"wp:featuredmedia":[{"embeddable":true,"href":"https:\/\/analyse.optim.biz\/index.php?rest_route=\/wp\/v2\/media\/215601"}],"wp:attachment":[{"href":"https:\/\/analyse.optim.biz\/index.php?rest_route=%2Fwp%2Fv2%2Fmedia&parent=215600"}],"wp:term":[{"taxonomy":"category","embeddable":true,"href":"https:\/\/analyse.optim.biz\/index.php?rest_route=%2Fwp%2Fv2%2Fcategories&post=215600"},{"taxonomy":"post_tag","embeddable":true,"href":"https:\/\/analyse.optim.biz\/index.php?rest_route=%2Fwp%2Fv2%2Ftags&post=215600"}],"curies":[{"name":"wp","href":"https:\/\/api.w.org\/{rel}","templated":true}]}}