{"id":215597,"date":"2013-12-22T12:37:46","date_gmt":"2013-12-22T09:37:46","guid":{"rendered":"https:\/\/analyse.optim.biz\/?p=215597"},"modified":"2013-12-22T12:37:46","modified_gmt":"2013-12-22T09:37:46","slug":"mircea-geoana-daca-usl-nu-functioneaza-psd-va-cauta-solutii","status":"publish","type":"post","link":"https:\/\/analyse.optim.biz\/?p=215597","title":{"rendered":"Mircea Geoan\u0103: Dac\u0103 USL nu func\u021bioneaz\u0103, PSD va c\u0103uta solu\u021bii"},"content":{"rendered":"<div class=\"entry data-app-meta data-app-meta-article\" data-embed-base-url-canonical=\"https:\/\/www.digi24.ro\/embed\/stiri\/actualitate\/politica\/mircea-geoana-daca-usl-nu-functioneaza-psd-va-cauta-solutii-173287\">\n<p data-index=\"1\"><img decoding=\"async\" src=\"https:\/\/analyse.optim.biz\/wp-content\/uploads\/2024\/09\/jmhhc2g9ngu2yjc2mdbmzjcyy2m0yjvln2rimdljywiyowy1y2q-thumb_.jpg\" data-skip-htmlfix=\"1\" title=\"jmhhc2g9ngu2yjc2mdbmzjcyy2m0yjvln2rimdljywiyowy1y2q-thumb_\"><\/p>\n<p data-index=\"2\">\u201eTrebuie s\u0103 d\u0103m o \u015fans\u0103 &#8211; poate ultima \u015fans\u0103 &#8211; USL-ului s\u0103 continue (\u2026) Cred c\u0103 urm\u0103toarele c\u00e2teva luni, probabil p\u00e2n\u0103 \u00een apropierea alegerilor europarlamentare, vor fi decisive pentru acest proiect politic&#8221;, a spus Geoan\u0103, fost pre\u015fedinte ale PSD.<\/p>\n<p data-index=\"3\">El a precizat c\u0103 \u201eprima preferin\u0163\u0103&#8221; a PSD e ca USL s\u0103 r\u0103m\u00e2n\u0103 unit.<\/p>\n<p data-index=\"4\">\u201ePrima noastr\u0103 preferin\u0163\u0103 ca PSD e s\u0103 \u0163inem USL \u00eempreun\u0103. (\u2026) Dar dac\u0103 nu merge \u015fi nu merge, va trebui s\u0103 c\u0103ut\u0103m alte formule, pentru c\u0103 pe mine m\u0103 intereseaz\u0103 mai mult dec\u00e2t sigla USL dac\u0103 guvernarea este stabil\u0103, dac\u0103 majoritatea func\u0163ioneaz\u0103&#8221;, a apreciat Geoan\u0103.<\/p>\n<p data-index=\"5\">El a pledat pentru un efort comun al PSD \u015fi PNL \u00een sensul de a repune USL pe un drum al func\u0163ionalit\u0103\u0163ii.<\/p>\n<p data-index=\"6\">\u201eCred c\u0103 acest proiect are \u00een continuare o \u015fans\u0103 de supravie\u0163uire, dar este ultimul tren. Dac\u0103 acest ultim tren nu va fi folosit de c\u0103tre colegii no\u015ftri liberali \u015fi nu vor \u00een\u0163elege c\u0103 \u00eempreun\u0103 suntem mai puternici, va trebui s\u0103 g\u0103sim alte solu\u0163ii \u015fi \u00eentotdeuna \u00eentr-un Parlament at\u00e2t de fluid ce cel pe care \u00eel avem \u00een acest moment, solu\u0163ii se pot g\u0103si, dar nu este prima noastr\u0103 preferin\u0163\u0103, este ultima nostr\u0103 solu\u0163ie \u015fi o vom folosi doar ca instrument de ultim resort&#8221;, a estimat senatorul PSD.<\/p>\n<p data-index=\"7\">Mircea Geoan\u0103 a mai spus c\u0103 se poate guverna \u015fi cu majorit\u0103\u0163i mai mici de 70%, c\u00e2t are USL.<\/p>\n<p data-index=\"8\">\u201eNu e obligatoriu s\u0103 ai 70%! Noi am guvernat \u00een anii 2001-2004, guvernarea PSD de atunci, cu Guvern minoritar cu sus\u0163inere din Parlament. \u015ei a mers ceas. Au fost patru ani de zile \u00een care nu a fost vreo sincop\u0103 \u00een Parlament cu privire la legisla\u0163ie. Se poate guverna \u015fi cu majorit\u0103\u0163i mai mici&#8221;, a amintit Geoan\u0103.<\/p>\n<p data-index=\"9\">Senatorul PSD a precizat c\u0103 nu este nevoie de purt\u0103tor de cuv\u00e2nt la USL, a\u015fa cum a afirmat pre\u015fedintele PNLCrin Antonescu, ci de un mecanism de solu\u0163ionare a diferendelor de opinie.<\/p>\n<\/div>\n<p> Source URL: https:\/\/www.digi24.ro\/stiri\/actualitate\/politica\/mircea-geoana-daca-usl-nu-functioneaza-psd-va-cauta-solutii-173287<\/p>\n","protected":false},"excerpt":{"rendered":"<p>\u201eTrebuie s\u0103 d\u0103m o \u015fans\u0103 &#8211; poate ultima \u015fans\u0103 &#8211; USL-ului s\u0103 continue (\u2026) Cred c\u0103 urm\u0103toarele c\u00e2teva luni, probabil p\u00e2n\u0103 \u00een apropierea alegerilor europarlamentare, vor fi decisive pentru acest proiect politic&#8221;, a spus Geoan\u0103, fost pre\u015fedinte ale PSD. El a precizat c\u0103 \u201eprima preferin\u0163\u0103&#8221; a PSD e ca USL s\u0103 r\u0103m\u00e2n\u0103 unit. \u201ePrima noastr\u0103 [&hellip;]<\/p>\n","protected":false},"author":1,"featured_media":215598,"comment_status":"open","ping_status":"","sticky":false,"template":"","format":"standard","meta":{"footnotes":""},"categories":[2],"tags":[11],"class_list":["post-215597","post","type-post","status-publish","format-standard","has-post-thumbnail","hentry","category-politics","tag-digi24"],"_links":{"self":[{"href":"https:\/\/analyse.optim.biz\/index.php?rest_route=\/wp\/v2\/posts\/215597","targetHints":{"allow":["GET"]}}],"collection":[{"href":"https:\/\/analyse.optim.biz\/index.php?rest_route=\/wp\/v2\/posts"}],"about":[{"href":"https:\/\/analyse.optim.biz\/index.php?rest_route=\/wp\/v2\/types\/post"}],"author":[{"embeddable":true,"href":"https:\/\/analyse.optim.biz\/index.php?rest_route=\/wp\/v2\/users\/1"}],"replies":[{"embeddable":true,"href":"https:\/\/analyse.optim.biz\/index.php?rest_route=%2Fwp%2Fv2%2Fcomments&post=215597"}],"version-history":[{"count":0,"href":"https:\/\/analyse.optim.biz\/index.php?rest_route=\/wp\/v2\/posts\/215597\/revisions"}],"wp:featuredmedia":[{"embeddable":true,"href":"https:\/\/analyse.optim.biz\/index.php?rest_route=\/wp\/v2\/media\/215598"}],"wp:attachment":[{"href":"https:\/\/analyse.optim.biz\/index.php?rest_route=%2Fwp%2Fv2%2Fmedia&parent=215597"}],"wp:term":[{"taxonomy":"category","embeddable":true,"href":"https:\/\/analyse.optim.biz\/index.php?rest_route=%2Fwp%2Fv2%2Fcategories&post=215597"},{"taxonomy":"post_tag","embeddable":true,"href":"https:\/\/analyse.optim.biz\/index.php?rest_route=%2Fwp%2Fv2%2Ftags&post=215597"}],"curies":[{"name":"wp","href":"https:\/\/api.w.org\/{rel}","templated":true}]}}