{"id":215575,"date":"2013-12-22T17:18:38","date_gmt":"2013-12-22T14:18:38","guid":{"rendered":"https:\/\/analyse.optim.biz\/?p=215575"},"modified":"2013-12-22T17:18:38","modified_gmt":"2013-12-22T14:18:38","slug":"mircea-geoana-un-nou-atac-la-crin-antonescu-a-sabotat-relatia-pe-care-o-avea-cu-victor-ponta","status":"publish","type":"post","link":"https:\/\/analyse.optim.biz\/?p=215575","title":{"rendered":"Mircea Geoan\u0103, un nou atac la Crin Antonescu: A sabotat rela\u0163ia pe care o avea cu Victor Ponta"},"content":{"rendered":"<div class=\"entry data-app-meta data-app-meta-article\" data-embed-base-url-canonical=\"https:\/\/www.digi24.ro\/embed\/stiri\/actualitate\/politica\/mircea-geoana-un-nou-atac-la-crin-antonescu-a-sabotat-relatia-pe-care-o-avea-cu-victor-ponta-173349\">\n<p data-index=\"1\">Mircea Geoan\u0103 mai spune, \u00eentr-un interviu acordat agen\u0163iei Mediafax, c\u0103 ideea de a le cere aleg\u0103torilor PSD s\u0103 voteze cu liberalul Crin Antonescu la preziden\u0163iale reprezint\u0103 un imens sacrificiu, \u00een condi\u0163iile \u00een care nu exist\u0103 nicio &#8220;garan\u0163ie de succes&#8221; \u015fi a subliniat faptul c\u0103 to\u0163i social-democra\u0163ii sunt obliga\u0163i s\u0103 \u00eel sprijine pe premierul Victor Ponta, dac\u0103 acesta va lua decizia de a candida la preziden\u0163ialele din 2014.<\/p>\n<p data-index=\"2\">Nu este prima dat\u0103 c\u00e2nd Mircea Geoan\u0103 adopt\u0103 o pozi\u0163ie critic\u0103 la adresa lui Crin Antonescu. Recent, fostul lider al social-democra\u0163ilor a avertizat c\u0103 pre\u015fedintele PNL a pierdut simpatia votan\u021bilor PSD.<\/p>\n<\/div>\n<p> Source URL: https:\/\/www.digi24.ro\/stiri\/actualitate\/politica\/mircea-geoana-un-nou-atac-la-crin-antonescu-a-sabotat-relatia-pe-care-o-avea-cu-victor-ponta-173349<\/p>\n","protected":false},"excerpt":{"rendered":"<p>Mircea Geoan\u0103 mai spune, \u00eentr-un interviu acordat agen\u0163iei Mediafax, c\u0103 ideea de a le cere aleg\u0103torilor PSD s\u0103 voteze cu liberalul Crin Antonescu la preziden\u0163iale reprezint\u0103 un imens sacrificiu, \u00een condi\u0163iile \u00een care nu exist\u0103 nicio &#8220;garan\u0163ie de succes&#8221; \u015fi a subliniat faptul c\u0103 to\u0163i social-democra\u0163ii sunt obliga\u0163i s\u0103 \u00eel sprijine pe premierul Victor Ponta, [&hellip;]<\/p>\n","protected":false},"author":1,"featured_media":215576,"comment_status":"open","ping_status":"","sticky":false,"template":"","format":"standard","meta":{"footnotes":""},"categories":[2],"tags":[11],"class_list":["post-215575","post","type-post","status-publish","format-standard","has-post-thumbnail","hentry","category-politics","tag-digi24"],"_links":{"self":[{"href":"https:\/\/analyse.optim.biz\/index.php?rest_route=\/wp\/v2\/posts\/215575","targetHints":{"allow":["GET"]}}],"collection":[{"href":"https:\/\/analyse.optim.biz\/index.php?rest_route=\/wp\/v2\/posts"}],"about":[{"href":"https:\/\/analyse.optim.biz\/index.php?rest_route=\/wp\/v2\/types\/post"}],"author":[{"embeddable":true,"href":"https:\/\/analyse.optim.biz\/index.php?rest_route=\/wp\/v2\/users\/1"}],"replies":[{"embeddable":true,"href":"https:\/\/analyse.optim.biz\/index.php?rest_route=%2Fwp%2Fv2%2Fcomments&post=215575"}],"version-history":[{"count":0,"href":"https:\/\/analyse.optim.biz\/index.php?rest_route=\/wp\/v2\/posts\/215575\/revisions"}],"wp:featuredmedia":[{"embeddable":true,"href":"https:\/\/analyse.optim.biz\/index.php?rest_route=\/wp\/v2\/media\/215576"}],"wp:attachment":[{"href":"https:\/\/analyse.optim.biz\/index.php?rest_route=%2Fwp%2Fv2%2Fmedia&parent=215575"}],"wp:term":[{"taxonomy":"category","embeddable":true,"href":"https:\/\/analyse.optim.biz\/index.php?rest_route=%2Fwp%2Fv2%2Fcategories&post=215575"},{"taxonomy":"post_tag","embeddable":true,"href":"https:\/\/analyse.optim.biz\/index.php?rest_route=%2Fwp%2Fv2%2Ftags&post=215575"}],"curies":[{"name":"wp","href":"https:\/\/api.w.org\/{rel}","templated":true}]}}