{"id":215564,"date":"2013-12-23T00:52:05","date_gmt":"2013-12-22T21:52:05","guid":{"rendered":"https:\/\/analyse.optim.biz\/?p=215564"},"modified":"2013-12-23T00:52:05","modified_gmt":"2013-12-22T21:52:05","slug":"parlamentul-romaniei-la-ora-bilantului-noua-constitutie-si-regionalizarea-obiective-ratate","status":"publish","type":"post","link":"https:\/\/analyse.optim.biz\/?p=215564","title":{"rendered":"Parlamentul Rom\u00e2niei la ora bilan\u0163ului. Noua Constitu\u0163ie \u015fi regionalizarea, obiective ratate"},"content":{"rendered":"<div class=\"entry data-app-meta data-app-meta-article\" data-embed-base-url-canonical=\"https:\/\/www.digi24.ro\/embed\/stiri\/actualitate\/politica\/parlamentul-romaniei-la-ora-bilantului-noua-constitutie-si-regionalizarea-obiective-ratate-173402\">\n<p data-index=\"1\">Proiectul de modificare a Constitu\u0163iei era anun\u0163at ca cel mai important obiectiv al majorit\u0103\u0163ii parlamentare a USL.<\/p>\n<p data-index=\"2\">\u201e<strong>Dac\u0103 va fi nevoie s\u0103 prelungim sesiunea parlamentar\u0103, s\u0103 se voteze \u00een cele dou\u0103 Camere propunerea de revizuire. Dup\u0103 care, probabil, \u00een septembrie-octombrie s\u0103 avem referendumul\u201d<\/strong>, spunea premierul <strong>Victor Ponta<\/strong> la \u00eenceputul lunii februarie.<\/p>\n<p data-index=\"3\">Documentul, redactat de comisia condus\u0103 de pre\u0219edintele Senatului, a avut un opozant puternic \u00een \u0219eful statului.<\/p>\n<p data-index=\"4\">\u201e<strong>Asta nu e Constitu\u0163ia Rom\u00e2niei, este Constitu\u0163ia unei g\u0103\u015fti. Ca s\u0103 fi fost o Constitu\u0163ie pentru rom\u00e2ni trebuia dezb\u0103tut\u0103 public<\/strong>\u201d, a declarat pe 29 iunie pre\u015fedintele <strong>Traian B\u0103sescu.<\/strong><\/p>\n<p data-index=\"5\">Planurile actualei puteri au fost date peste cap de Curtea Constitu\u0163ional\u0103. Aceasta a decis c\u0103 un referendum cu prag de prezen\u0163\u0103 de 30 la sut\u0103 nu poate fi organizat nici anul viitor, simultan cu alegerile preziden\u021biale.<\/p>\n<p data-index=\"6\">Coali\u0163ia de guvernare a fost nevoit\u0103 s\u0103 renun\u0163e \u015fi la proiectul de regionalizare, iar discu\u0163iile pentru un nou Cod electoral au fost abandondate. S-au promovat, \u00een schimb, alte legi care au provocat scandal. Modificarea Codului Penal, care \u00eei protejeaz\u0103 pe ale\u015fi de ac\u0163iunile DNA \u015fi ale ANI, i-a adus \u00een Parlament pe ambasadorii \u0163\u0103rilor europene \u015fi a scos oameni \u00een strad\u0103.<\/p>\n<p data-index=\"7\">\u201eC<strong>red ca Zgonea ar trebui sa demisioneze. A pus Rom\u00e2nia \u00eentr-o situa\u0163ie \u00eengrozitoare\u201d<\/strong>, spunea <strong>Traian B\u0103sescu<\/strong> \u00een urm\u0103 cu dou\u0103 s\u0103pt\u0103m\u00e2ni.<\/p>\n<h5>Migra\u0163ia politic\u0103, sportul parlamentarilor<\/h5>\n<p data-index=\"8\">De\u015fi se declarau \u00eempotriva migra\u0163iei politice, liderii actualei puteri nu i&#8211;au respins pe trasei\u015fti. Astfel, aceast\u0103 veche meteahn\u0103 a Parlamentului a revenit \u015fi \u00een actuala legislatur\u0103.<\/p>\n<p data-index=\"9\">\u201e<strong>O s\u0103-l las \u015fi pe ambasadorul Vanghelie \u015fi pe ambasadorul Hrebenciuc s\u0103 reprezinte interesele PSD-ului \u00een toate partidele din aceast\u0103 \u0163ar\u0103. \u015ei cine nu \u00ee\u015fi p\u0103ze\u015fte parlamentarii, n-o s\u0103-i p\u0103zesc eu&#8230;<\/strong>\u201d, a spus premierul <strong>Victor Ponta.<\/strong><\/p>\n<p data-index=\"10\">Grupurile PPDD au r\u0103mas cu 32 de parlamentari din cei 68 c\u00e2\u0163i au fost ale\u015fi la \u00eenceputul mandatului. Cei mai mul\u0163i au migrat spre PSD \u015fi PC.<\/p>\n<p data-index=\"11\">Dae configura\u0163ia Parlamentului nu avut de suferit doar din cauza traseismului politic. Zece ale\u015fi \u015fi-au \u00eencheiat mandatele \u00eenainte de termen, iar trei dintre ei, <a href=\"https:\/\/www.digi24.ro\/Stiri\/Digi24\/Actualitate\/Politica\/Alesi+certati+cu+legea+Trei+parlamentari+au+ajuns+la+inchisoare+\" data-skip-linkfix=\"1\">George Becali, Antonie Solomon \u015fi Nicolae Vasilescu, au de isp\u0103\u015fit pedepse cu \u00eenchisoarea.<\/a><\/p>\n<\/div>\n<p> Source URL: https:\/\/www.digi24.ro\/stiri\/actualitate\/politica\/parlamentul-romaniei-la-ora-bilantului-noua-constitutie-si-regionalizarea-obiective-ratate-173402<\/p>\n","protected":false},"excerpt":{"rendered":"<p>Proiectul de modificare a Constitu\u0163iei era anun\u0163at ca cel mai important obiectiv al majorit\u0103\u0163ii parlamentare a USL. \u201eDac\u0103 va fi nevoie s\u0103 prelungim sesiunea parlamentar\u0103, s\u0103 se voteze \u00een cele dou\u0103 Camere propunerea de revizuire. Dup\u0103 care, probabil, \u00een septembrie-octombrie s\u0103 avem referendumul\u201d, spunea premierul Victor Ponta la \u00eenceputul lunii februarie. Documentul, redactat de comisia [&hellip;]<\/p>\n","protected":false},"author":1,"featured_media":215565,"comment_status":"open","ping_status":"","sticky":false,"template":"","format":"standard","meta":{"footnotes":""},"categories":[2],"tags":[11],"class_list":["post-215564","post","type-post","status-publish","format-standard","has-post-thumbnail","hentry","category-politics","tag-digi24"],"_links":{"self":[{"href":"https:\/\/analyse.optim.biz\/index.php?rest_route=\/wp\/v2\/posts\/215564","targetHints":{"allow":["GET"]}}],"collection":[{"href":"https:\/\/analyse.optim.biz\/index.php?rest_route=\/wp\/v2\/posts"}],"about":[{"href":"https:\/\/analyse.optim.biz\/index.php?rest_route=\/wp\/v2\/types\/post"}],"author":[{"embeddable":true,"href":"https:\/\/analyse.optim.biz\/index.php?rest_route=\/wp\/v2\/users\/1"}],"replies":[{"embeddable":true,"href":"https:\/\/analyse.optim.biz\/index.php?rest_route=%2Fwp%2Fv2%2Fcomments&post=215564"}],"version-history":[{"count":0,"href":"https:\/\/analyse.optim.biz\/index.php?rest_route=\/wp\/v2\/posts\/215564\/revisions"}],"wp:featuredmedia":[{"embeddable":true,"href":"https:\/\/analyse.optim.biz\/index.php?rest_route=\/wp\/v2\/media\/215565"}],"wp:attachment":[{"href":"https:\/\/analyse.optim.biz\/index.php?rest_route=%2Fwp%2Fv2%2Fmedia&parent=215564"}],"wp:term":[{"taxonomy":"category","embeddable":true,"href":"https:\/\/analyse.optim.biz\/index.php?rest_route=%2Fwp%2Fv2%2Fcategories&post=215564"},{"taxonomy":"post_tag","embeddable":true,"href":"https:\/\/analyse.optim.biz\/index.php?rest_route=%2Fwp%2Fv2%2Ftags&post=215564"}],"curies":[{"name":"wp","href":"https:\/\/api.w.org\/{rel}","templated":true}]}}