{"id":215553,"date":"2013-12-23T23:36:16","date_gmt":"2013-12-23T20:36:16","guid":{"rendered":"https:\/\/analyse.optim.biz\/?p=215553"},"modified":"2013-12-23T23:36:16","modified_gmt":"2013-12-23T20:36:16","slug":"leonard-orban-trebuie-sa-fim-uniti-in-parlamentul-european-si-sa-nu-mai-rupem-gatul-candidatilor-romani","status":"publish","type":"post","link":"https:\/\/analyse.optim.biz\/?p=215553","title":{"rendered":"Leonard Orban: Trebuie s\u0103 fim uni\u021bi \u00een Parlamentul European \u0219i s\u0103 nu mai rupem g\u00e2tul candida\u021bilor rom\u00e2ni"},"content":{"rendered":"<div class=\"entry data-app-meta data-app-meta-article\" data-embed-base-url-canonical=\"https:\/\/www.digi24.ro\/embed\/stiri\/actualitate\/politica\/leonard-orban-trebuie-sa-fim-uniti-in-parlamentul-european-si-sa-nu-mai-rupem-gatul-candidatilor-romani-174084\">\n<p data-index=\"1\">Invitat la \u201eImpar\u021bial\u201d, Leonard Orban a vorbit despre a\u0219tept\u0103rile pe care le are de la viitorii europarlamentari rom\u00e2ni, \u00een condi\u021biile \u00een care la anul sunt programate alegeri europene. \u201e<em><strong>M-a\u0219 a\u0219tepta ca viitorii europarlamentari s\u0103 nu mai transforme Parlamentul European \u00eentr-un for de prezentare \u0219i de disput\u0103 a problemelor interne<\/strong><\/em>\u201d, a spus acesta.<\/p>\n<p data-index=\"2\">\u201e<span>Ne sup\u0103r\u0103m, \u00een momentele de fa\u021b\u0103, c\u0103 ni se atrage aten\u021bia de c\u0103tre ambasade, c\u0103 diferi\u021bi actori din Uniunea European\u0103 deja transmit mesaje \u00een anumite chestiuni ce \u021bin de competen\u021b\u0103 intern\u0103. <em><strong>Pe de alt\u0103 parte, nu facem leg\u0103tura cu faptul c\u0103, de nenum\u0103rate ori, c\u00e2nd am avut probleme interne, ne-am dus \u00een Parlamentul European \u0219i n-am f\u0103cut altceva dec\u00e2t s\u0103 subliniem sensibilit\u0103\u021bile \u0219i problemele majore pe care le are societatea rom\u00e2neasc\u0103<\/strong><\/em>\u201d, a atras aten\u021bia fostul comisar european.<\/span><\/p>\n<p data-index=\"3\">\u201e<span>M\u0103 a\u0219tept s\u0103 ne rezolv\u0103m problemele intern, iar c\u00e2nd ne ducem la Bruxelles, s\u0103 ne ducem \u0219i s\u0103 fim uni\u021bi. Chiar \u0219i \u00een Parlamentul European. <em><strong>\u0218i m\u0103 a\u0219tept s\u0103 nu mai rupem g\u00e2tul candida\u021bilor rom\u00e2ni. Am tr\u0103it aceast\u0103 experien\u021b\u0103 \u0219i am dep\u0103\u0219it-o rapid de tot<\/strong><\/em>\u201d, a mai spus Leonard Orban.<\/span><\/p>\n<p data-index=\"4\">\u00cen 23 octombrie 2012,\u00a0Leonard Orban\u00a0nu a primit num\u0103rul necesar de voturi \u00een plenul Parlamentului European pentru ocuparea postului de la Curtea European\u0103 de Conturi, candidatura sa fiind respins\u0103. Au fost \u00eenregistrate 294 de voturi \u201e\u00eempotriv\u0103\u201d \u015fi 269 de voturi \u201epentru\u201d. <\/p>\n<p data-index=\"5\">De asemenea, au fost exprimate \u015fi 80 de ab\u0163ineri din totalul de 643 de voturi \u00eenregistrate, reaminte\u0219te Mediafax. <\/p>\n<p data-index=\"6\"><em><strong>\u201e\u00cen cazul meu, din informa\u0163iile pe care le am eu, s-a continuat a se sus\u0163ine de c\u0103tre unii din \u0163ar\u0103 c\u0103 nu merit aceast\u0103 pozi\u0163ie.<\/strong><\/em>De altfel, unii au \u015fi recunoscut public c\u0103 au votat contra mea \u015fi au oferit fel de fel de argumenta\u0163ii. Unele for\u0163e politice au f\u0103cut lobby \u00een defavoarea, deci contra candidaturii mele\u201d, a spus, ulterior, Leonard Orban. \u00a0<\/p>\n<\/div>\n<p> Source URL: https:\/\/www.digi24.ro\/stiri\/actualitate\/politica\/leonard-orban-trebuie-sa-fim-uniti-in-parlamentul-european-si-sa-nu-mai-rupem-gatul-candidatilor-romani-174084<\/p>\n","protected":false},"excerpt":{"rendered":"<p>Invitat la \u201eImpar\u021bial\u201d, Leonard Orban a vorbit despre a\u0219tept\u0103rile pe care le are de la viitorii europarlamentari rom\u00e2ni, \u00een condi\u021biile \u00een care la anul sunt programate alegeri europene. \u201eM-a\u0219 a\u0219tepta ca viitorii europarlamentari s\u0103 nu mai transforme Parlamentul European \u00eentr-un for de prezentare \u0219i de disput\u0103 a problemelor interne\u201d, a spus acesta. \u201eNe sup\u0103r\u0103m, \u00een [&hellip;]<\/p>\n","protected":false},"author":1,"featured_media":215554,"comment_status":"open","ping_status":"","sticky":false,"template":"","format":"standard","meta":{"footnotes":""},"categories":[2],"tags":[11],"class_list":["post-215553","post","type-post","status-publish","format-standard","has-post-thumbnail","hentry","category-politics","tag-digi24"],"_links":{"self":[{"href":"https:\/\/analyse.optim.biz\/index.php?rest_route=\/wp\/v2\/posts\/215553","targetHints":{"allow":["GET"]}}],"collection":[{"href":"https:\/\/analyse.optim.biz\/index.php?rest_route=\/wp\/v2\/posts"}],"about":[{"href":"https:\/\/analyse.optim.biz\/index.php?rest_route=\/wp\/v2\/types\/post"}],"author":[{"embeddable":true,"href":"https:\/\/analyse.optim.biz\/index.php?rest_route=\/wp\/v2\/users\/1"}],"replies":[{"embeddable":true,"href":"https:\/\/analyse.optim.biz\/index.php?rest_route=%2Fwp%2Fv2%2Fcomments&post=215553"}],"version-history":[{"count":0,"href":"https:\/\/analyse.optim.biz\/index.php?rest_route=\/wp\/v2\/posts\/215553\/revisions"}],"wp:featuredmedia":[{"embeddable":true,"href":"https:\/\/analyse.optim.biz\/index.php?rest_route=\/wp\/v2\/media\/215554"}],"wp:attachment":[{"href":"https:\/\/analyse.optim.biz\/index.php?rest_route=%2Fwp%2Fv2%2Fmedia&parent=215553"}],"wp:term":[{"taxonomy":"category","embeddable":true,"href":"https:\/\/analyse.optim.biz\/index.php?rest_route=%2Fwp%2Fv2%2Fcategories&post=215553"},{"taxonomy":"post_tag","embeddable":true,"href":"https:\/\/analyse.optim.biz\/index.php?rest_route=%2Fwp%2Fv2%2Ftags&post=215553"}],"curies":[{"name":"wp","href":"https:\/\/api.w.org\/{rel}","templated":true}]}}