{"id":215542,"date":"2013-12-24T10:27:22","date_gmt":"2013-12-24T07:27:22","guid":{"rendered":"https:\/\/analyse.optim.biz\/?p=215542"},"modified":"2013-12-24T10:27:22","modified_gmt":"2013-12-24T07:27:22","slug":"bilant-trei-sferturi-dintre-parlamentari-nu-au-avut-nicio-propunere-care-sa-fi-devenit-lege","status":"publish","type":"post","link":"https:\/\/analyse.optim.biz\/?p=215542","title":{"rendered":"Bilan\u021b. Trei sferturi dintre parlamentari nu au avut nicio propunere care s\u0103 fi devenit lege"},"content":{"rendered":"<div class=\"entry data-app-meta data-app-meta-article\" data-embed-base-url-canonical=\"https:\/\/www.digi24.ro\/embed\/stiri\/actualitate\/politica\/bilant-trei-sferturi-dintre-parlamentari-nu-au-avut-nicio-propunere-care-sa-fi-devenit-lege-174227\">\n<p data-index=\"1\">Dintre cei 581 de parlamentari, 446 nu au reu\u0219it s\u0103 aib\u0103 p\u00e2n\u0103 acum nicio lege. Pe lista celor cu foarte pu\u021bine propuneri g\u0103sim nume grele din Parlament, precum Viorel Hrebenciuc de la PSD. Doar trei ini\u021biative pentru un parlamentar cu cinci mandate, fost lider al deputa\u021bilor social-democra\u021bi. <\/p>\n<p data-index=\"2\">Liberalul Ludovic Orban, deputat aflat la al doilea mandat, nu are nicio propunere legislativ\u0103. Petre Roman, tot de la PNL, are una singur\u0103. <\/p>\n<p data-index=\"3\">\u00cen top este \u0219i Oana Mizil, de la PSD, care \u00een 12 luni de mandat nu a avut nicio ini\u0163iativ\u0103. De la PDL coda\u0219i sunt Ioan Mih\u0103il\u0103 \u0219i Sergiu Vizitiu, cu o singur\u0103 propunere fiecare. <\/p>\n<p data-index=\"4\">\u00cen schimb, recordul de ini\u021biative \u00eel de\u021bine deputatul PPDD Tudor Ciuhodaru &#8211; 65. <\/p>\n<p data-index=\"5\">\u0218i la Senat g\u0103sim nume grele cu activitate redus\u0103. Fostul pre\u0219edinte al Senatului, Mircea Geoan\u0103, are doar trei propuneri. Parlamentar cu experien\u021b\u0103, aflat la al cincelea mandat, \u0218erban Mih\u0103ilescu de la UNPR a avut trei ini\u021biative \u00een 2013. Nici pre\u0219edintele PDL, Vasile Blaga nu st\u0103 prea bine, cu doar cinci propuneri. <\/p>\n<p data-index=\"6\">Cele mai multe ini\u0163iative le-a avut liberalul \u0218tefan Tomoioag\u0103 &#8211; 44.<\/p>\n<p data-index=\"7\"><strong>Coda\u0219ii Camerei Deputa\u021bilor<\/strong><\/p>\n<p data-index=\"8\">Viorel Hrebenciuc (PSD) &#8211; 3 propuneri<\/p>\n<p data-index=\"9\">Ludovic Orban (PNL) &#8211; 0 propuneri<\/p>\n<p data-index=\"10\">Petre Roman (PNL) &#8211; 1 propunere<\/p>\n<p data-index=\"11\">Oana Mizil (PSD) &#8211; 0 propuneri<\/p>\n<p data-index=\"12\">Ioan Mih\u0103il\u0103 (PDL) &#8211; 1 propunere<\/p>\n<p data-index=\"13\">Sergiu Vizitiu (PDL) &#8211; 1 propunere<\/p>\n<p data-index=\"14\"><em>Sursa: www.cdep.ro<\/em><\/p>\n<p data-index=\"15\"><strong>Cel mai harnic deputat<\/strong><\/p>\n<p data-index=\"16\">Tudor Ciuhodaru (PPDD) &#8211; 65 de propuneri<\/p>\n<p data-index=\"17\"><em>Sursa: www.cdep.ro<\/em>\u00a0<\/p>\n<p data-index=\"18\"><strong>Coda\u0219ii Senatului<\/strong><\/p>\n<p data-index=\"19\">Mircea Geoan\u0103 (PSD) &#8211; 3 propuneri<\/p>\n<p data-index=\"20\">\u0218erban Mih\u0103ilescu (UNPR) &#8211; 3 propuneri<\/p>\n<p data-index=\"21\">Vasile Blaga (PDL) &#8211; 3 propuneri<\/p>\n<p data-index=\"22\"><em>Sursa: www.senat.ro<\/em><\/p>\n<p data-index=\"23\"><strong>Cel mai harnic senator<\/strong><\/p>\n<p data-index=\"24\">\u0218tefan Tomoioag\u0103 (PNL) &#8211; 44 de propuneri<\/p>\n<p data-index=\"25\"><em><span>www.senat.ro<\/span><\/em><\/p>\n<\/div>\n<p> Source URL: https:\/\/www.digi24.ro\/stiri\/actualitate\/politica\/bilant-trei-sferturi-dintre-parlamentari-nu-au-avut-nicio-propunere-care-sa-fi-devenit-lege-174227<\/p>\n","protected":false},"excerpt":{"rendered":"<p>Dintre cei 581 de parlamentari, 446 nu au reu\u0219it s\u0103 aib\u0103 p\u00e2n\u0103 acum nicio lege. Pe lista celor cu foarte pu\u021bine propuneri g\u0103sim nume grele din Parlament, precum Viorel Hrebenciuc de la PSD. Doar trei ini\u021biative pentru un parlamentar cu cinci mandate, fost lider al deputa\u021bilor social-democra\u021bi. Liberalul Ludovic Orban, deputat aflat la al doilea [&hellip;]<\/p>\n","protected":false},"author":1,"featured_media":215543,"comment_status":"open","ping_status":"","sticky":false,"template":"","format":"standard","meta":{"footnotes":""},"categories":[2],"tags":[11],"class_list":["post-215542","post","type-post","status-publish","format-standard","has-post-thumbnail","hentry","category-politics","tag-digi24"],"_links":{"self":[{"href":"https:\/\/analyse.optim.biz\/index.php?rest_route=\/wp\/v2\/posts\/215542","targetHints":{"allow":["GET"]}}],"collection":[{"href":"https:\/\/analyse.optim.biz\/index.php?rest_route=\/wp\/v2\/posts"}],"about":[{"href":"https:\/\/analyse.optim.biz\/index.php?rest_route=\/wp\/v2\/types\/post"}],"author":[{"embeddable":true,"href":"https:\/\/analyse.optim.biz\/index.php?rest_route=\/wp\/v2\/users\/1"}],"replies":[{"embeddable":true,"href":"https:\/\/analyse.optim.biz\/index.php?rest_route=%2Fwp%2Fv2%2Fcomments&post=215542"}],"version-history":[{"count":0,"href":"https:\/\/analyse.optim.biz\/index.php?rest_route=\/wp\/v2\/posts\/215542\/revisions"}],"wp:featuredmedia":[{"embeddable":true,"href":"https:\/\/analyse.optim.biz\/index.php?rest_route=\/wp\/v2\/media\/215543"}],"wp:attachment":[{"href":"https:\/\/analyse.optim.biz\/index.php?rest_route=%2Fwp%2Fv2%2Fmedia&parent=215542"}],"wp:term":[{"taxonomy":"category","embeddable":true,"href":"https:\/\/analyse.optim.biz\/index.php?rest_route=%2Fwp%2Fv2%2Fcategories&post=215542"},{"taxonomy":"post_tag","embeddable":true,"href":"https:\/\/analyse.optim.biz\/index.php?rest_route=%2Fwp%2Fv2%2Ftags&post=215542"}],"curies":[{"name":"wp","href":"https:\/\/api.w.org\/{rel}","templated":true}]}}