{"id":215326,"date":"2013-12-30T06:37:27","date_gmt":"2013-12-30T03:37:27","guid":{"rendered":"https:\/\/analyse.optim.biz\/?p=215326"},"modified":"2013-12-30T06:37:27","modified_gmt":"2013-12-30T03:37:27","slug":"sondaj-victor-ponta-cel-mai-apreciat-politician-in-2013-cu-un-procent-in-fata-lui-traian-basescu","status":"publish","type":"post","link":"https:\/\/analyse.optim.biz\/?p=215326","title":{"rendered":"Sondaj: Victor Ponta, cel mai apreciat politician \u00een 2013, cu un procent \u00een fa\u0163a lui Traian B\u0103sescu"},"content":{"rendered":"<div class=\"entry data-app-meta data-app-meta-article\" data-embed-base-url-canonical=\"https:\/\/www.digi24.ro\/embed\/stiri\/actualitate\/politica\/sondaj-victor-ponta-cel-mai-apreciat-politician-in-2013-cu-un-procent-in-fata-lui-traian-basescu-176293\">\n<p data-index=\"1\"><span><strong>Politicianul cel mai apreciat de rom\u00e2ni pentru activitatea din acest an este premierul Victor Ponta, potrivit unui <a href=\"http:\/\/www.ires.com.ro\/\" target=\"_blank\" data-skip-linkfix=\"1\" rel=\"noopener\">sondaj IRES<\/a> realizat la comanda <span>Digi24<\/span>. 7% din totalul celor chestiona\u0163i sus\u0163in acest lucru. La numai un procent distan\u0163\u0103 de premier se situeaz\u0103 pre\u015fedintele Traian B\u0103sescu, iar pe ultimul loc se claseaz\u0103 liderul liberalilor, Crin Antonescu. Dar nici unul dintre cei trei nu poate catalogat \u201epoliticianul anului\u201d, pentru c\u0103 un sfert din cei chestiona\u0163i consider\u0103 c\u0103 ei nu pot fi cataloga\u0163i astfel.<\/strong><\/span><\/p>\n<p data-index=\"2\"><strong><img decoding=\"async\" src=\"https:\/\/analyse.optim.biz\/wp-content\/uploads\/2024\/09\/yxnoptexymyynwm3zdrjmjqxzdu5zwqyzta3y2nhytnhzgfh-thumb_.jpg\" data-skip-htmlfix=\"1\" title=\"yxnoptexymyynwm3zdrjmjqxzdu5zwqyzta3y2nhytnhzgfh-thumb_\"><br \/><\/strong><\/p>\n<p data-index=\"3\"><span><strong>Clasamentul<\/strong><\/span><\/p>\n<p data-index=\"4\"><strong>Activitatea lui Victor Ponta \u00een 2013<\/strong><\/p>\n<p data-index=\"5\">Foarte mul\u0163umit &#8211; 7%<\/p>\n<p data-index=\"6\">Destul de mul\u0163umit &#8211; 38%<\/p>\n<p data-index=\"7\">Destul de nemul\u0163umit &#8211; 27%<\/p>\n<p data-index=\"8\">Foarte nemul\u0163umit &#8211; 27 %<\/p>\n<p data-index=\"9\">Nu \u015ftiu &#8211; 0,4%<\/p>\n<p data-index=\"10\">Nu r\u0103spund &#8211; 1%\u00a0<\/p>\n<p data-index=\"11\"><strong>La numai un procent distan\u0163\u0103 de premier \u00een ceea ce prive\u015fte activitatea \u00een 2013 este pre\u015fedintele Traian B\u0103sescu:<\/strong><\/p>\n<p data-index=\"12\">Foarte mul\u0163umit &#8211; 6%<\/p>\n<p data-index=\"13\">Destul de mul\u0163umit &#8211; 34%<\/p>\n<p data-index=\"14\">Destul de nemul\u0163umit &#8211; 26%<\/p>\n<p data-index=\"15\">Foarte nemul\u0163umit &#8211; 30%<\/p>\n<p data-index=\"16\">Nu \u015ftiu &#8211; 2%<\/p>\n<p data-index=\"17\">Nu r\u0103spund &#8211; 2%\u00a0<\/p>\n<p data-index=\"18\"><strong>Pe ultimul loc se situeaz\u0103 Crin Antonescu. 4% dintre cei chestiona\u0163i sus\u0163in c\u0103 sunt mul\u0163umi\u0163i de activitatea lui:<\/strong><\/p>\n<p data-index=\"19\">Foarte mul\u0163umit &#8211; 4%<\/p>\n<p data-index=\"20\">Destul de mul\u0163umit &#8211; 28%<\/p>\n<p data-index=\"21\">Destul de nemul\u0163umit &#8211; 35%<\/p>\n<p data-index=\"22\">Foarte nemul\u0163umit &#8211; 28%<\/p>\n<p data-index=\"23\">Nu \u015ftiu &#8211; 2%<\/p>\n<p data-index=\"24\">Nu r\u0103spund \u2013 2%<\/p>\n<p data-index=\"25\">C\u00e2nd cei chestiona\u0163i au fost pu\u015fi s\u0103 aleag\u0103 care dintre cei trei ar putea fi considerat politicianul anului 2013, un sfert dintre ei au spus clar: nici unul. Totu\u015fi, al\u0163i 22% consider\u0103 c\u0103 politicianul anului ar putea fi Victor Ponta. La distan\u0163\u0103 considerabil\u0103 de el st\u0103 Traian B\u0103sescu, cu 14%. Pe ultimul loc \u015fi la acest capitol este liderul PNL Crin Antonescu, cu 6 procente.<\/p>\n<p data-index=\"26\">Sodajul IRES a fost realizat pe un e\u015fantion de 1218 persoane, \u00een perioada 19-20 decembrie 2013, prin metoda CATI. Sodajul are o eroare de +\/-2,9%.<\/p>\n<\/div>\n<p> Source URL: https:\/\/www.digi24.ro\/stiri\/actualitate\/politica\/sondaj-victor-ponta-cel-mai-apreciat-politician-in-2013-cu-un-procent-in-fata-lui-traian-basescu-176293<\/p>\n","protected":false},"excerpt":{"rendered":"<p>Politicianul cel mai apreciat de rom\u00e2ni pentru activitatea din acest an este premierul Victor Ponta, potrivit unui sondaj IRES realizat la comanda Digi24. 7% din totalul celor chestiona\u0163i sus\u0163in acest lucru. La numai un procent distan\u0163\u0103 de premier se situeaz\u0103 pre\u015fedintele Traian B\u0103sescu, iar pe ultimul loc se claseaz\u0103 liderul liberalilor, Crin Antonescu. Dar nici [&hellip;]<\/p>\n","protected":false},"author":1,"featured_media":215327,"comment_status":"open","ping_status":"","sticky":false,"template":"","format":"standard","meta":{"footnotes":""},"categories":[2],"tags":[11],"class_list":["post-215326","post","type-post","status-publish","format-standard","has-post-thumbnail","hentry","category-politics","tag-digi24"],"_links":{"self":[{"href":"https:\/\/analyse.optim.biz\/index.php?rest_route=\/wp\/v2\/posts\/215326","targetHints":{"allow":["GET"]}}],"collection":[{"href":"https:\/\/analyse.optim.biz\/index.php?rest_route=\/wp\/v2\/posts"}],"about":[{"href":"https:\/\/analyse.optim.biz\/index.php?rest_route=\/wp\/v2\/types\/post"}],"author":[{"embeddable":true,"href":"https:\/\/analyse.optim.biz\/index.php?rest_route=\/wp\/v2\/users\/1"}],"replies":[{"embeddable":true,"href":"https:\/\/analyse.optim.biz\/index.php?rest_route=%2Fwp%2Fv2%2Fcomments&post=215326"}],"version-history":[{"count":0,"href":"https:\/\/analyse.optim.biz\/index.php?rest_route=\/wp\/v2\/posts\/215326\/revisions"}],"wp:featuredmedia":[{"embeddable":true,"href":"https:\/\/analyse.optim.biz\/index.php?rest_route=\/wp\/v2\/media\/215327"}],"wp:attachment":[{"href":"https:\/\/analyse.optim.biz\/index.php?rest_route=%2Fwp%2Fv2%2Fmedia&parent=215326"}],"wp:term":[{"taxonomy":"category","embeddable":true,"href":"https:\/\/analyse.optim.biz\/index.php?rest_route=%2Fwp%2Fv2%2Fcategories&post=215326"},{"taxonomy":"post_tag","embeddable":true,"href":"https:\/\/analyse.optim.biz\/index.php?rest_route=%2Fwp%2Fv2%2Ftags&post=215326"}],"curies":[{"name":"wp","href":"https:\/\/api.w.org\/{rel}","templated":true}]}}