{"id":215315,"date":"2013-12-30T11:44:30","date_gmt":"2013-12-30T08:44:30","guid":{"rendered":"https:\/\/analyse.optim.biz\/?p=215315"},"modified":"2013-12-30T11:44:30","modified_gmt":"2013-12-30T08:44:30","slug":"revelionul-politicienilor-gigel-stirbu-sunt-oltean-petrec-acasa","status":"publish","type":"post","link":"https:\/\/analyse.optim.biz\/?p=215315","title":{"rendered":"Revelionul politicienilor. Gigel \u0218tirbu: Sunt oltean, petrec acas\u0103"},"content":{"rendered":"<div class=\"entry data-app-meta data-app-meta-article\" data-embed-base-url-canonical=\"https:\/\/www.digi24.ro\/embed\/stiri\/actualitate\/politica\/revelionul-politicienilor-gigel-stirbu-sunt-oltean-petrec-acasa-176403\">\n<p data-index=\"1\">\u201eLa Slatina, eu sunt oltean \u015fi, ca de fiecare dat\u0103, \u00eempreun\u0103 cu familia, \u00eemi voi petrecere Revelionul acas\u0103\u201d, a explicat ministrul.<\/p>\n<p data-index=\"2\">Pentru 2014, ministrul Culturii are \u015fi c\u00e2teva dorin\u0163e: \u201eS\u0103n\u0103tate. Din punct de vedere profesional nu vreau s\u0103 dezam\u0103gesc\u201d.<\/p>\n<p data-index=\"3\">Departe de cas\u0103, dar \u00een stil rom\u00e2nesc a ales s\u0103 s\u0103rb\u0103toreasc\u0103 trecerea dintre ani senatorul Vasilica Miron: \u201eDe Revelion sunt \u00een Australia. \u00cen seara de Revelion vom merge la artificii \u015fi pe urm\u0103 vom lua masa. Va fi cu produse tradi\u0163ionale rom\u00e2ne\u015fti, aproape ca acas\u0103\u201d.<\/p>\n<p data-index=\"4\">Deputatul liberal Mihai Voicu a l\u0103sat Capitala pentru un revelion la munte. \u201eLa Sinaia cu c\u00e2\u021biva prieteni, s\u0103 fie un an mai linistit \u0219i un an propsper\u201d, a spus deputatul.<\/p>\n<p data-index=\"5\">\u015ei tot la munte va petrece \u015fi deputatul PDL Roberta Anastase: \u201eO s\u0103 merg cu prietenii \u00een Covasna. Conteaz\u0103 mai pu\u0163in \u0163inuta, c\u00e2t de bine ne sim\u0163im \u015fi ne odihnim, \u00een primul r\u00e2nd. S\u0103 ne odihnim \u015fi s\u0103 ne plimb\u0103m\u201d.<\/p>\n<p data-index=\"6\">Muntele este destina\u0163ia preferat\u0103 pentru Revelion \u015fi de pre\u015fedintele Traian B\u0103sescu, fie c\u0103 este vorba de Predeal sau Covasna. Anul trecut \u015feful statului a s\u0103rb\u0103torit al\u0103turi de familie, dar \u015fi de Elena Udrea, Gheorghe Falc\u0103 \u015fi prin\u0163ul Paul \u00een sta\u0163iunea Covasna. Dac\u0103 \u015fi anul acesta va dori s\u0103 mearg\u0103 tot aici, pre\u015fedintele va trebui s\u0103 cear\u0103 acordul Ministerului Ap\u0103r\u0103rii, potrivit premierului. \u015ei asta pentru c\u0103 \u00een ultima \u0219edin\u021b\u0103 din acest an Guvernul a schimbat proprietarul vilei Covasna aflate \u00een administrarea RAAPPS.<\/p>\n<\/div>\n<p> Source URL: https:\/\/www.digi24.ro\/stiri\/actualitate\/politica\/revelionul-politicienilor-gigel-stirbu-sunt-oltean-petrec-acasa-176403<\/p>\n","protected":false},"excerpt":{"rendered":"<p>\u201eLa Slatina, eu sunt oltean \u015fi, ca de fiecare dat\u0103, \u00eempreun\u0103 cu familia, \u00eemi voi petrecere Revelionul acas\u0103\u201d, a explicat ministrul. Pentru 2014, ministrul Culturii are \u015fi c\u00e2teva dorin\u0163e: \u201eS\u0103n\u0103tate. Din punct de vedere profesional nu vreau s\u0103 dezam\u0103gesc\u201d. Departe de cas\u0103, dar \u00een stil rom\u00e2nesc a ales s\u0103 s\u0103rb\u0103toreasc\u0103 trecerea dintre ani senatorul Vasilica [&hellip;]<\/p>\n","protected":false},"author":1,"featured_media":215316,"comment_status":"open","ping_status":"","sticky":false,"template":"","format":"standard","meta":{"footnotes":""},"categories":[2],"tags":[11],"class_list":["post-215315","post","type-post","status-publish","format-standard","has-post-thumbnail","hentry","category-politics","tag-digi24"],"_links":{"self":[{"href":"https:\/\/analyse.optim.biz\/index.php?rest_route=\/wp\/v2\/posts\/215315","targetHints":{"allow":["GET"]}}],"collection":[{"href":"https:\/\/analyse.optim.biz\/index.php?rest_route=\/wp\/v2\/posts"}],"about":[{"href":"https:\/\/analyse.optim.biz\/index.php?rest_route=\/wp\/v2\/types\/post"}],"author":[{"embeddable":true,"href":"https:\/\/analyse.optim.biz\/index.php?rest_route=\/wp\/v2\/users\/1"}],"replies":[{"embeddable":true,"href":"https:\/\/analyse.optim.biz\/index.php?rest_route=%2Fwp%2Fv2%2Fcomments&post=215315"}],"version-history":[{"count":0,"href":"https:\/\/analyse.optim.biz\/index.php?rest_route=\/wp\/v2\/posts\/215315\/revisions"}],"wp:featuredmedia":[{"embeddable":true,"href":"https:\/\/analyse.optim.biz\/index.php?rest_route=\/wp\/v2\/media\/215316"}],"wp:attachment":[{"href":"https:\/\/analyse.optim.biz\/index.php?rest_route=%2Fwp%2Fv2%2Fmedia&parent=215315"}],"wp:term":[{"taxonomy":"category","embeddable":true,"href":"https:\/\/analyse.optim.biz\/index.php?rest_route=%2Fwp%2Fv2%2Fcategories&post=215315"},{"taxonomy":"post_tag","embeddable":true,"href":"https:\/\/analyse.optim.biz\/index.php?rest_route=%2Fwp%2Fv2%2Ftags&post=215315"}],"curies":[{"name":"wp","href":"https:\/\/api.w.org\/{rel}","templated":true}]}}