{"id":215304,"date":"2013-12-30T15:49:10","date_gmt":"2013-12-30T12:49:10","guid":{"rendered":"https:\/\/analyse.optim.biz\/?p=215304"},"modified":"2013-12-30T15:49:10","modified_gmt":"2013-12-30T12:49:10","slug":"sondaj-ires-romanii-dezamagiti-de-politica-in-2013","status":"publish","type":"post","link":"https:\/\/analyse.optim.biz\/?p=215304","title":{"rendered":"SONDAJ IRES. Rom\u00e2nii, dezam\u0103gi\u021bi de politic\u0103 \u00een 2013"},"content":{"rendered":"<div class=\"entry data-app-meta data-app-meta-article\" data-embed-base-url-canonical=\"https:\/\/www.digi24.ro\/embed\/stiri\/actualitate\/politica\/sondaj-ires-romanii-dezamagiti-de-politica-in-2013-176641\">\n<p data-index=\"1\">Anul politic 2013 nu este v\u0103zut cu ochi prea buni de rom\u00e2ni. 38 la sut\u0103 dintre ace\u015ftia au o p\u0103rere foarte proast\u0103, iar 34 la sut\u0103 o p\u0103rere proast\u0103 despre cum s-a desf\u0103\u015furat via\u0163a politic\u0103. Sunt \u00eens\u0103 \u015fi unii mul\u0163umi\u0163i, 26 la sut\u0103 spun c\u0103 au o p\u0103rere bun\u0103.<\/p>\n<p data-index=\"2\">\u00cen plus, rom\u00e2nii consider\u0103 c\u0103 anul politic 2013 a fost mai r\u0103u \u00een compara\u0163ie cu ultimii cinci ani, 49 la sut\u0103 cred acest lucru. Al\u0163i 38 la sut\u0103 spun c\u0103 a fost un an mai bun, iar 18 la sut\u0103 c\u0103 a fost la fel.<\/p>\n<p data-index=\"3\">Oamenii au identificat \u015fi principalul fenomen negativ din perspectiva vie\u0163ii politice \u00een 2013. Astfel, 26 la sut\u0103 sus\u0163in c\u0103 acesta a fost reprezentat de rela\u0163iile conflictuale ale ale\u0219ilor. 11 la sut\u0103 spun c\u0103 lipsa de eficien\u0163\u0103 a conducerii a fost principala problem\u0103, 8 la suta\u0103 &#8211; nivelul de trai sc\u0103zut al popula\u0163iei, iar 7 la sut\u0103 modificarea Codului penal.<\/p>\n<p data-index=\"4\">\u015ei la finalul acestui an, rom\u00e2nii se declar\u0103 dezam\u0103gi\u0163i de cei care \u00eei conduc. Cei mai mul\u0163i, 28 la sut\u0103, spun c\u0103 sunt nemul\u0163umi\u0163i de faptul c\u0103 politicenii au min\u0163it \u015fi nu \u015fi-au respectat promisiunile. Al\u0163i 19 la sut\u0103 sunt deranja\u0163i de certurile dintre ei, 10 la sut\u0103 de dezinteresul fa\u0163\u0103 de popor, iar 5 la sut\u0103 de egoismul politicienilor.<\/p>\n<p data-index=\"5\">Analizat\u0103 a fost \u015fi activitatea Guvernului Ponta. La \u00eentrebarea care este cel mai r\u0103u lucru f\u0103cut de Executiv, 10 la sut\u0103 au r\u0103spuns c\u0103 introducerea de noi taxe, aici intrand \u015fi acciza la carburan\u0163i, 8 la sut\u0103 modificarea Codului penal, iar 6 la sut\u0103 nerespectarea promisiunilor.<\/p>\n<p data-index=\"6\">La polul opus, 24 la sut\u0103 dintre cei chestiona\u0163i sus\u0163in c\u0103 cel mai bun lucru f\u0103cut de Guvernul Ponta a fost re\u00eentregirea salariilor \u015fi a pensiilor, 3 la sut\u0103 cred c\u0103 redresarea economic\u0103, \u00een timp ce o propor\u021bie important\u0103, 47 la sut\u0103, au spus c\u0103 nu \u015ftiu s\u0103 r\u0103spund\u0103.<\/p>\n<p data-index=\"7\">Sondajul a fost realizat pe 1218 subiec\u0163i, \u00een perioada 19-20 decembrie, prin metoda CATI \u015fi are o marja de eroare de plus\/minus 2,9 la sut\u0103.<\/p>\n<p data-index=\"8\"><a href=\"https:\/\/www.digi24.ro\/Stiri\/Digi24\/Actualitate\/Politica\/Sondaj+IRES+Victor+Ponta+cel+mai+apreciat+politician+2013\" target=\"_blank\" data-skip-linkfix=\"1\" rel=\"noopener\">Politicianul cel mai apreciat de rom\u00e2ni<\/a> pentru activitatea din acest an este premierul Victor Ponta, conform unui sondaj IRES realizat la comanda Digi24. \u015eapte la sut\u0103 din totalul celor chestiona\u0163i sus\u0163in acest lucru. La numai un procent distan\u0163\u0103 de premier este pre\u015fedintele Traian Basescu, iar in urma acestuia se situeaz\u0103 liderul liberalilor Crin Antonescu. \u00cens\u0103 nici vorb\u0103 ca vreunul dintre cei trei s\u0103 fie desemnat politicianul anului. \u00a0<\/p>\n<p data-index=\"9\">Urm\u0103ri\u021bi \u00een materialele video de mai sus rezultatele acestui sondaj comentate de sociologul <strong>Vasile D\u00e2ncu<\/strong>, pre\u0219edintele IRES, \u0219i de jurnalistul <strong>Luca Niculescu<\/strong>, realizatorul emisiunii <a href=\"https:\/\/www.digi24.ro\/Emisiuni\/Digi24\/Impartial\/\" target=\"_blank\" data-skip-linkfix=\"1\" rel=\"noopener\">\u201eImpar\u021bial\u201d<\/a> de la <strong>Digi24<\/strong>.<\/p>\n<h5>Cele mai relevante r\u0103spunsuri din SONDAJUL IRES pe teme politice (pentru rezultatele complete, vezi <a href=\"https:\/\/www.digi24.ro\/stiri\/actualitate\/politica\/onedb\/52c17f6395f9cf8a17000001\" target=\"_blank\" data-skip-linkfix=\"1\" rel=\"noopener\">documentul ata\u0219at<\/a>):<\/h5>\n<p data-index=\"10\"><strong>Crede\u0163i c\u0103 \u00een Rom\u00e2nia lucrurile merg \u00eentr-o direc\u0163ie bun\u0103?<\/strong><\/p>\n<p data-index=\"11\">20% Direc\u0163ia este bun\u0103<\/p>\n<p data-index=\"12\">76% Direc\u0163ia este gre\u015fit\u0103<\/p>\n<p data-index=\"13\">4% Nu \u015ftiu<\/p>\n<p data-index=\"14\">1% Nu r\u0103spund<\/p>\n<p data-index=\"15\"><strong>\u00cen general, ce p\u0103rere ave\u0163i despre anul politic 2013?<\/strong><\/p>\n<p data-index=\"16\">0,2% Foarte bun\u0103<\/p>\n<p data-index=\"17\">26% Bun\u0103<\/p>\n<p data-index=\"18\">34% Proast\u0103<\/p>\n<p data-index=\"19\">38% Foarte proast\u0103<\/p>\n<p data-index=\"20\"><strong>A existat un fenomen politic pozitiv \u00een 2013?<\/strong><\/p>\n<p data-index=\"21\">24% Da<\/p>\n<p data-index=\"22\">72% Nu<\/p>\n<p data-index=\"23\">4% Nu r\u0103spund<\/p>\n<p data-index=\"24\"><strong>A existat un fenomen politic negativ \u00een 2013?<\/strong><\/p>\n<p data-index=\"25\">67% Da<\/p>\n<p data-index=\"26\">28% Nu<\/p>\n<p data-index=\"27\">4% Nu r\u0103spund<\/p>\n<p data-index=\"28\"><strong>Care e fenomenul negativ?<\/strong><\/p>\n<p data-index=\"29\">26% Rela\u0163iile conflictuale ale ale\u015filor<\/p>\n<p data-index=\"30\">11% Lipsa de eficien\u0163\u0103 a conducerii<\/p>\n<p data-index=\"31\">8% Nivelul de trai sc\u0103zut<\/p>\n<p data-index=\"32\">7% Modificarea Codului Penal<\/p>\n<p data-index=\"33\">5% Problema Ro\u015fiei Montane\/ a gazelor de \u015fist<\/p>\n<p data-index=\"34\"><strong>Cum a fost anul politic 2013 \u00een compara\u0163ie cu ultimii cinci ani?<\/strong><\/p>\n<p data-index=\"35\">49% Mai r\u0103u<\/p>\n<p data-index=\"36\">33% Mai bun<\/p>\n<p data-index=\"37\">18% La fel<\/p>\n<p data-index=\"38\">1% Nu r\u0103spund<\/p>\n<p data-index=\"39\"><strong>Care este evenimentul politic interna\u0163ional cel mai important?<\/strong><\/p>\n<p data-index=\"40\">69% Nu \u015ftiu<\/p>\n<p data-index=\"41\">10% Vizita delega\u0163iei chineze\/ rela\u0163ia cu China<\/p>\n<p data-index=\"42\">5% Neacceptarea Rom\u00e2niei \u00een spa\u0163iul Schengen<\/p>\n<p data-index=\"43\">2% Consolidarea rela\u0163iilor externe\/ \u00eent\u00e2lnirile premierului<\/p>\n<p data-index=\"44\">2% Apropierea Rom\u00e2niei de Republica Moldova<\/p>\n<p data-index=\"45\"><strong>Dac\u0103 ar fi s\u0103 alege\u0163i politicianul anului, care ar fi acesta?<\/strong><\/p>\n<p data-index=\"46\">22% Victor Ponta<\/p>\n<p data-index=\"47\">14% Traian B\u0103sescu<\/p>\n<p data-index=\"48\">6% Crin Antonescu<\/p>\n<p data-index=\"49\">3% Mihai R\u0103zvan Ungureanu<\/p>\n<p data-index=\"50\">2% C\u0103lin Popescu T\u0103riceanu<\/p>\n<p data-index=\"51\"><strong>Ce v-a dezam\u0103git cel mai mult la politicienii rom\u00e2ni?<\/strong><\/p>\n<p data-index=\"52\">28% Au min\u0163it\/ Nu \u015fi-au respectat promisiunile<\/p>\n<p data-index=\"53\">19% Certurile dintre ei<\/p>\n<p data-index=\"54\">10% Dezinteresul fa\u0163\u0103 de popor<\/p>\n<p data-index=\"55\">5% Egoismul lor<\/p>\n<p data-index=\"56\">4% Nu au f\u0103cut nimic<\/p>\n<p data-index=\"57\"><strong>Crede\u0163i c\u0103 anul 2014 va fi unul mai bun?<\/strong><\/p>\n<p data-index=\"58\">\u00a037% Mai bun<\/p>\n<p data-index=\"59\">\u00a027% Mai slab<\/p>\n<p data-index=\"60\">\u00a032% La fel<\/p>\n<p data-index=\"61\">\u00a04% Nu ?tiu<\/p>\n<p data-index=\"62\"><strong>\u015eti\u0163i \u00een ce an se vor desf\u0103\u015fura urm\u0103toarele alegeri preziden\u0163iale?<\/strong><\/p>\n<p data-index=\"63\">80% Da<\/p>\n<p data-index=\"64\">20% Nu<\/p>\n<p data-index=\"65\"><strong>\u00cen ce an se vor desf\u0103\u015fura alegerile preziden\u0163iale?<\/strong><\/p>\n<p data-index=\"66\">89% 2014<\/p>\n<p data-index=\"67\">7% 2015<\/p>\n<p data-index=\"68\">3% 2016<\/p>\n<p data-index=\"69\"><strong>Crede\u0163i c\u0103 \u00een anul viitor se va rupe USL?<\/strong><\/p>\n<p data-index=\"70\">51% Da<\/p>\n<p data-index=\"71\">33% Nu<\/p>\n<p data-index=\"72\">16% Nu \u0219tiu.<\/p>\n<p data-index=\"73\"><strong>Crede\u0163i c\u0103 partidele de dreapta se vor alia pentru candidat comun la preziden\u0163iale?<\/strong><\/p>\n<p data-index=\"74\">48% Da<\/p>\n<p data-index=\"75\">42% Nu<\/p>\n<p data-index=\"76\">10% Nu \u015ftiu<\/p>\n<p data-index=\"77\"><strong>C\u00e2t de mul\u0163umit sunte\u0163i de activitatea lui T. B\u0103sescu \u00een 2013?<\/strong><\/p>\n<p data-index=\"78\">6% Foarte mul\u0163umit<\/p>\n<p data-index=\"79\">34% Destul de mul\u0163umit<\/p>\n<p data-index=\"80\">26% Destul de nemul\u0163umit<\/p>\n<p data-index=\"81\">30% Foarte nemul\u0163umit<\/p>\n<p data-index=\"82\"><strong>C\u00e2t de mul\u0163umit sunte\u0163i de activitatea lui V. Ponta \u00een 2013?<\/strong><\/p>\n<p data-index=\"83\">7% Foarte mul\u0163umit<\/p>\n<p data-index=\"84\">38% Destul de mul\u0163umit<\/p>\n<p data-index=\"85\">27% Destul de nemul\u0163umit<\/p>\n<p data-index=\"86\">27% Foarte nemul\u0163umit<\/p>\n<p data-index=\"87\"><strong>C\u00e2t de mul\u0163umit sunte\u0163i de activitatea lui C. Antonescu \u00een 2013?<\/strong><\/p>\n<p data-index=\"88\">4% Foarte mul\u0163umit<\/p>\n<p data-index=\"89\">28% Destul de mul\u0163umit<\/p>\n<p data-index=\"90\">35% Destul de nemul\u0163umit<\/p>\n<p data-index=\"91\">28% Foarte nemul\u0163umit<\/p>\n<p data-index=\"92\"><strong>Rom\u00e2nia nu a reu\u015fit intrarea \u00een spa\u0163iul Schengen. A fost o decizie dreapt\u0103 pentru Rom\u00e2nia?<\/strong><\/p>\n<p data-index=\"93\">40% A fost o decizie dreapt\u0103<\/p>\n<p data-index=\"94\">55% A fost o decizie nedreapt\u0103<\/p>\n<p data-index=\"95\"><strong>Care este lucrul cel mai bun f\u0103cut de Guvernul Ponta?<\/strong><\/p>\n<p data-index=\"96\">24% Re\u00eentregirea salariilor\/ a pensiilor<\/p>\n<p data-index=\"97\">3% Stabilitatea\/ redresarea economic\u0103<\/p>\n<p data-index=\"98\">1% \u00cembun\u0103t\u0103\u0163irea rela\u0163iilor externe<\/p>\n<p data-index=\"99\">1% Proiectele pentru infrastructur\u0103<\/p>\n<p data-index=\"100\"><strong>Care este cel mai r\u0103u lucru f\u0103cut de Guvernul Ponta?<\/strong><\/p>\n<p data-index=\"101\">10% Introducerea unor noi taxe\/ accize\/ scumpiri<\/p>\n<p data-index=\"102\">8% Modificarea Codului Penal<\/p>\n<p data-index=\"103\">6% Minciuna\/ Nerespectarea promisiunilor<\/p>\n<p data-index=\"104\">4% Gestionarea proiectelor de exploatare a resurselor<\/p>\n<p data-index=\"105\">4% Conflictul din interiorul alian\u0163ei.<\/p>\n<p data-index=\"106\"><strong>Pe o scar\u0103 de la 1 la 10, unde v\u0103 situa\u0163i, \u00een inten\u0163ia de a merge la vot?<\/strong><\/p>\n<p data-index=\"107\">14% 1- Garantat NU merg la vot<\/p>\n<p data-index=\"108\">45% 10- Garantat merg la vot<\/p>\n<\/div>\n<p> Source URL: https:\/\/www.digi24.ro\/stiri\/actualitate\/politica\/sondaj-ires-romanii-dezamagiti-de-politica-in-2013-176641<\/p>\n","protected":false},"excerpt":{"rendered":"<p>Anul politic 2013 nu este v\u0103zut cu ochi prea buni de rom\u00e2ni. 38 la sut\u0103 dintre ace\u015ftia au o p\u0103rere foarte proast\u0103, iar 34 la sut\u0103 o p\u0103rere proast\u0103 despre cum s-a desf\u0103\u015furat via\u0163a politic\u0103. Sunt \u00eens\u0103 \u015fi unii mul\u0163umi\u0163i, 26 la sut\u0103 spun c\u0103 au o p\u0103rere bun\u0103. \u00cen plus, rom\u00e2nii consider\u0103 c\u0103 anul [&hellip;]<\/p>\n","protected":false},"author":1,"featured_media":215305,"comment_status":"open","ping_status":"","sticky":false,"template":"","format":"standard","meta":{"footnotes":""},"categories":[2],"tags":[11],"class_list":["post-215304","post","type-post","status-publish","format-standard","has-post-thumbnail","hentry","category-politics","tag-digi24"],"_links":{"self":[{"href":"https:\/\/analyse.optim.biz\/index.php?rest_route=\/wp\/v2\/posts\/215304","targetHints":{"allow":["GET"]}}],"collection":[{"href":"https:\/\/analyse.optim.biz\/index.php?rest_route=\/wp\/v2\/posts"}],"about":[{"href":"https:\/\/analyse.optim.biz\/index.php?rest_route=\/wp\/v2\/types\/post"}],"author":[{"embeddable":true,"href":"https:\/\/analyse.optim.biz\/index.php?rest_route=\/wp\/v2\/users\/1"}],"replies":[{"embeddable":true,"href":"https:\/\/analyse.optim.biz\/index.php?rest_route=%2Fwp%2Fv2%2Fcomments&post=215304"}],"version-history":[{"count":0,"href":"https:\/\/analyse.optim.biz\/index.php?rest_route=\/wp\/v2\/posts\/215304\/revisions"}],"wp:featuredmedia":[{"embeddable":true,"href":"https:\/\/analyse.optim.biz\/index.php?rest_route=\/wp\/v2\/media\/215305"}],"wp:attachment":[{"href":"https:\/\/analyse.optim.biz\/index.php?rest_route=%2Fwp%2Fv2%2Fmedia&parent=215304"}],"wp:term":[{"taxonomy":"category","embeddable":true,"href":"https:\/\/analyse.optim.biz\/index.php?rest_route=%2Fwp%2Fv2%2Fcategories&post=215304"},{"taxonomy":"post_tag","embeddable":true,"href":"https:\/\/analyse.optim.biz\/index.php?rest_route=%2Fwp%2Fv2%2Ftags&post=215304"}],"curies":[{"name":"wp","href":"https:\/\/api.w.org\/{rel}","templated":true}]}}