{"id":215293,"date":"2013-12-31T02:15:48","date_gmt":"2013-12-30T23:15:48","guid":{"rendered":"https:\/\/analyse.optim.biz\/?p=215293"},"modified":"2013-12-31T02:15:48","modified_gmt":"2013-12-30T23:15:48","slug":"unde-vor-petrece-politicienii-revelionul-presedintele-traian-basescu-a-ales-statiunea-predeal","status":"publish","type":"post","link":"https:\/\/analyse.optim.biz\/?p=215293","title":{"rendered":"Unde vor petrece politicienii Revelionul. Pre\u015fedintele Traian B\u0103sescu a ales sta\u0163iunea Predeal"},"content":{"rendered":"<div class=\"entry data-app-meta data-app-meta-article\" data-embed-base-url-canonical=\"https:\/\/www.digi24.ro\/embed\/stiri\/actualitate\/politica\/unde-vor-petrece-politicienii-revelionul-presedintele-traian-basescu-a-ales-statiunea-predeal-176931\">\n<p data-index=\"1\">De\u015fi nu va avea suficient\u0103 z\u0103pad\u0103 pentru a ie\u015fi la plimbare cu snowmobilul, pre\u015fedintele Traian B\u0103sescu s-a \u00eentors la munte, la vila de protocol de la Predeal, unde \u015fi-a petrecut \u015fi Cr\u0103ciunul.\u00a0<\/p>\n<p data-index=\"2\">Acesta este ultimul Revelion pe care \u00eel petrece \u00een calitate de \u015fef de stat \u015fi primul pe care \u00eel s\u0103rb\u0103tore\u015fte \u00een calitate de bunic. Traian B\u0103sescu merge des iarna la Predeal, unde a petrecut de mai multe ori Revelionul, dup\u0103 ce \u00een primii ani ca \u015fef al statului obi\u015fnuia s\u0103 fie \u00een Pia\u0163a Universit\u0103\u0163ii.<\/p>\n<p data-index=\"3\">Nu este exclus ca pre\u015fedintele s\u0103 adreseze \u015fi mesajul c\u0103tre rom\u00e2ni din mijlocul bra\u015fovenilor, a\u015fa cum a f\u0103cut-o \u00een 2009. \u00cen 2010, pre\u015fedintele a transmis mesajul de Anul Nou din sta\u0163iunea Sinaia. Urm\u0103toarele dou\u0103 Revelioane le-a f\u0103cut tot la Predeal. Familia B\u0103sescu a petrecut Revelionul 2013 \u00een sta\u0163iunea Covasna.<\/p>\n<p data-index=\"4\">\u015ei premierul Victor Ponta \u015fi pre\u015fedintele Senatului, Crin Antonescu, vor r\u0103m\u00e2ne \u00een \u0163ar\u0103 de Revelion, \u00eens\u0103 n-au spus unde vor merge.<\/p>\n<p data-index=\"5\">Mult mai generos cu detaliile a fost Adrian N\u0103stase, care \u015fi-a anun\u0163at planurile de s\u0103rb\u0103tori pe blogul personal, chiar \u00een ajun de Cr\u0103ciun.<\/p>\n<p data-index=\"6\">,,Am plecat cu Dana, cu Andrei, cu Mihnea \u015fi cu prietenele lor la Cornu \u015fi la munte pentru a s\u0103rb\u0103tori cu mai mul\u0163i prieteni Cr\u0103ciunul \u015fi Anul Nou&#8221;, a scris fostul premier.<\/p>\n<p data-index=\"7\">Noul ministru al Culturii, Gigel Sorinel \u015etirbu, respect\u0103 la fiecare sf\u00e2r\u015fit de an acela\u015fi obicei. Prin urmare, va r\u0103m\u00e2ne tot acas\u0103. \u201eLa Slatina, eu sunt oltean \u015fi ca de fiecare dat\u0103 \u00eempreun\u0103 cu familia \u00eemi voi petrecere Revelionul acas\u0103\u201d, a spus \u015etirbu.<\/p>\n<p data-index=\"8\">Pentru 2014, ministrul Culturii are \u015fi c\u00e2teva dorin\u0163e: \u201eS\u0103n\u0103tate. Din punct de vedere profesional nu vreau s\u0103 dezam\u0103gesc\u201d.<\/p>\n<p data-index=\"9\">Departe de cas\u0103, dar \u00een stil rom\u00e2nesc, va petrece Revelionul \u015fi senatorul Vasilica Miron. \u201eDe Revelion sunt \u00een Australia. \u00cen seara de Revelion vom merge la artificii \u015fi pe urm\u0103 vom lua masa. Va fi cu produse tradi\u0163ionale rom\u00e2ne\u015fti, aproape ca acas\u0103\u201d, a spus aceasta.<\/p>\n<p data-index=\"10\">Liberalul Mihai Voicu va fi la munte de Revelion. \u201eLa Sinaia cu c\u00e2\u021biva prieteni, s\u0103 fie un an mai linistit \u0219i un an propsper\u201d, a spus deputatul.<\/p>\n<p data-index=\"11\">\u015ei tot la munte va petrece \u015fi democrat-liberala Roberta Anastase: \u201eO s\u0103 merg cu prietenii \u00een Covasna. Conteaz\u0103 mai pu\u0163in \u0163inuta, c\u00e2t de bine ne sim\u0163im \u015fi ne odihnim, \u00een primul r\u00e2nd. S\u0103 ne odihnim \u015fi s\u0103 ne plimb\u0103m\u201d.<\/p>\n<\/div>\n<p> Source URL: https:\/\/www.digi24.ro\/stiri\/actualitate\/politica\/unde-vor-petrece-politicienii-revelionul-presedintele-traian-basescu-a-ales-statiunea-predeal-176931<\/p>\n","protected":false},"excerpt":{"rendered":"<p>De\u015fi nu va avea suficient\u0103 z\u0103pad\u0103 pentru a ie\u015fi la plimbare cu snowmobilul, pre\u015fedintele Traian B\u0103sescu s-a \u00eentors la munte, la vila de protocol de la Predeal, unde \u015fi-a petrecut \u015fi Cr\u0103ciunul.\u00a0 Acesta este ultimul Revelion pe care \u00eel petrece \u00een calitate de \u015fef de stat \u015fi primul pe care \u00eel s\u0103rb\u0103tore\u015fte \u00een calitate de [&hellip;]<\/p>\n","protected":false},"author":1,"featured_media":215294,"comment_status":"open","ping_status":"","sticky":false,"template":"","format":"standard","meta":{"footnotes":""},"categories":[2],"tags":[11],"class_list":["post-215293","post","type-post","status-publish","format-standard","has-post-thumbnail","hentry","category-politics","tag-digi24"],"_links":{"self":[{"href":"https:\/\/analyse.optim.biz\/index.php?rest_route=\/wp\/v2\/posts\/215293","targetHints":{"allow":["GET"]}}],"collection":[{"href":"https:\/\/analyse.optim.biz\/index.php?rest_route=\/wp\/v2\/posts"}],"about":[{"href":"https:\/\/analyse.optim.biz\/index.php?rest_route=\/wp\/v2\/types\/post"}],"author":[{"embeddable":true,"href":"https:\/\/analyse.optim.biz\/index.php?rest_route=\/wp\/v2\/users\/1"}],"replies":[{"embeddable":true,"href":"https:\/\/analyse.optim.biz\/index.php?rest_route=%2Fwp%2Fv2%2Fcomments&post=215293"}],"version-history":[{"count":0,"href":"https:\/\/analyse.optim.biz\/index.php?rest_route=\/wp\/v2\/posts\/215293\/revisions"}],"wp:featuredmedia":[{"embeddable":true,"href":"https:\/\/analyse.optim.biz\/index.php?rest_route=\/wp\/v2\/media\/215294"}],"wp:attachment":[{"href":"https:\/\/analyse.optim.biz\/index.php?rest_route=%2Fwp%2Fv2%2Fmedia&parent=215293"}],"wp:term":[{"taxonomy":"category","embeddable":true,"href":"https:\/\/analyse.optim.biz\/index.php?rest_route=%2Fwp%2Fv2%2Fcategories&post=215293"},{"taxonomy":"post_tag","embeddable":true,"href":"https:\/\/analyse.optim.biz\/index.php?rest_route=%2Fwp%2Fv2%2Ftags&post=215293"}],"curies":[{"name":"wp","href":"https:\/\/api.w.org\/{rel}","templated":true}]}}