{"id":215282,"date":"2013-12-31T13:21:50","date_gmt":"2013-12-31T10:21:50","guid":{"rendered":"https:\/\/analyse.optim.biz\/?p=215282"},"modified":"2013-12-31T13:21:50","modified_gmt":"2013-12-31T10:21:50","slug":"restrospectiva-2013-nume-mari-din-politica-romanesca-au-intrat-in-atentia-dna","status":"publish","type":"post","link":"https:\/\/analyse.optim.biz\/?p=215282","title":{"rendered":"RESTROSPECTIV\u0102 2013. Nume mari din politica rom\u00e2nesc\u0103 au intrat \u00een aten\u021bia DNA"},"content":{"rendered":"<div class=\"entry data-app-meta data-app-meta-article\" data-embed-base-url-canonical=\"https:\/\/www.digi24.ro\/embed\/stiri\/actualitate\/politica\/restrospectiva-2013-nume-mari-din-politica-romanesca-au-intrat-in-atentia-dna-177159\">\n<p data-index=\"1\">\u00cenceputul anului a \u00eensemnat o eliberare cu greutate &#8211; Adrian N\u0103stase a p\u0103r\u0103sit, \u00een martie, Penitenciarul Jilava. Iar pe parcursul urm\u0103toarelor luni, aproape un \u00eentreg guvern a trecut prin birourile procurorilor, format din mini\u015ftri sau fo\u015fti mini\u015ftri din tot spectrul politic. Nici mari trusturi de pres\u0103 nu au sc\u0103pat de anchete &#8211; dou\u0103 dintre ele au fost puse sub acuzare pentru \u015fantaj \u015fi evaziune.<\/p>\n<p data-index=\"2\">\u00cen martie, fostul premierul parasea penitenciarul Jilava, dupa 9 luni \u00een spatele gratiilor.<\/p>\n<p data-index=\"3\">O alt\u0103 premier\u0103 a fost condamnarea unui ministru \u00een func\u0163ie. Relu Fenechiu, de\u0163in\u0103torul portofoliului Transporturilor, a primit 5 ani de \u00eenchisoare \u015fi a plecat de la minister.<\/p>\n<p data-index=\"4\">Pentru fostul senator C\u0103t\u0103lin Voicu, 2013 a reprezentat anul condamn\u0103rii definitive &#8211; a primit 7 ani de \u00eenchisoare pentru ca a \u00eencercat sa cumpere deciziile unor judecatori \u015fi a ajuns la \u00eenchisoare.<\/p>\n<p data-index=\"5\">Spectacolul verii l-a oferit, \u00eens\u0103, George Becali, condamnat \u00een timp ce era deputat \u00een Parlamentul Rom\u00e2niei.<\/p>\n<p data-index=\"6\">Omar Hayssam, c\u0103utat de \u015fapte ani de autorit\u0103\u0163ile rom\u00e2ne, a fost adus anul acesta \u00een \u0163ar\u0103.<\/p>\n<p data-index=\"7\">Vicepremierul Liviu Dragnea deschide lista membrilor Executivului inculpa\u0163i anul acesta de DNA.<\/p>\n<p data-index=\"8\">Doi fo\u015fti mini\u015ftri ai Economiei au fost acuza\u0163i de complot \u015fi subminare. Unul dintre ei, Varujan Vosganian, a fost pus la ad\u0103post de anchet\u0103 cu ajutorul colegilor senatori.<\/p>\n<p data-index=\"9\">\u201eNu am absolut nimic de ascuns, salut celeritatea cu care se \u00eencearc\u0103 clarificarea situa\u0163iei. De\u0163in dovezile nevinov\u0103\u0163iei mele\u201d, a declarat Adriean Videanu, fost ministru al Economiei.<\/p>\n<p data-index=\"10\">\u201eFaptele care sunt re\u0163inute \u00een sarcina mea, prin referatul procurorilor, constituie exclusiv decizii politice \u00een domeniul economic\u201d, a ad\u0103ugat \u0219i Varujan Vosganian, fost ministru al Economiei.<\/p>\n<p data-index=\"11\">Fostul ministru de la Transporturi Ovidiu Silaghi a fost acuzat, \u00een 2013, c\u0103 a primit bani de la un om de afaceri pentru a-l ajuta.<\/p>\n<p data-index=\"12\">Santajul de pres\u0103 a fost de asemenea anchetat de procurori anul acesta. Societ\u0103\u0163i \u015fi televiziuni din trustul Intact, de\u0163inut de familia Voiculescu, au devenit subiecte de anchet\u0103.\u00a0<\/p>\n<\/div>\n<p> Source URL: https:\/\/www.digi24.ro\/stiri\/actualitate\/politica\/restrospectiva-2013-nume-mari-din-politica-romanesca-au-intrat-in-atentia-dna-177159<\/p>\n","protected":false},"excerpt":{"rendered":"<p>\u00cenceputul anului a \u00eensemnat o eliberare cu greutate &#8211; Adrian N\u0103stase a p\u0103r\u0103sit, \u00een martie, Penitenciarul Jilava. Iar pe parcursul urm\u0103toarelor luni, aproape un \u00eentreg guvern a trecut prin birourile procurorilor, format din mini\u015ftri sau fo\u015fti mini\u015ftri din tot spectrul politic. Nici mari trusturi de pres\u0103 nu au sc\u0103pat de anchete &#8211; dou\u0103 dintre ele [&hellip;]<\/p>\n","protected":false},"author":1,"featured_media":215283,"comment_status":"open","ping_status":"","sticky":false,"template":"","format":"standard","meta":{"footnotes":""},"categories":[2],"tags":[11],"class_list":["post-215282","post","type-post","status-publish","format-standard","has-post-thumbnail","hentry","category-politics","tag-digi24"],"_links":{"self":[{"href":"https:\/\/analyse.optim.biz\/index.php?rest_route=\/wp\/v2\/posts\/215282","targetHints":{"allow":["GET"]}}],"collection":[{"href":"https:\/\/analyse.optim.biz\/index.php?rest_route=\/wp\/v2\/posts"}],"about":[{"href":"https:\/\/analyse.optim.biz\/index.php?rest_route=\/wp\/v2\/types\/post"}],"author":[{"embeddable":true,"href":"https:\/\/analyse.optim.biz\/index.php?rest_route=\/wp\/v2\/users\/1"}],"replies":[{"embeddable":true,"href":"https:\/\/analyse.optim.biz\/index.php?rest_route=%2Fwp%2Fv2%2Fcomments&post=215282"}],"version-history":[{"count":0,"href":"https:\/\/analyse.optim.biz\/index.php?rest_route=\/wp\/v2\/posts\/215282\/revisions"}],"wp:featuredmedia":[{"embeddable":true,"href":"https:\/\/analyse.optim.biz\/index.php?rest_route=\/wp\/v2\/media\/215283"}],"wp:attachment":[{"href":"https:\/\/analyse.optim.biz\/index.php?rest_route=%2Fwp%2Fv2%2Fmedia&parent=215282"}],"wp:term":[{"taxonomy":"category","embeddable":true,"href":"https:\/\/analyse.optim.biz\/index.php?rest_route=%2Fwp%2Fv2%2Fcategories&post=215282"},{"taxonomy":"post_tag","embeddable":true,"href":"https:\/\/analyse.optim.biz\/index.php?rest_route=%2Fwp%2Fv2%2Ftags&post=215282"}],"curies":[{"name":"wp","href":"https:\/\/api.w.org\/{rel}","templated":true}]}}