{"id":215271,"date":"2013-12-31T14:28:58","date_gmt":"2013-12-31T11:28:58","guid":{"rendered":"https:\/\/analyse.optim.biz\/?p=215271"},"modified":"2013-12-31T14:28:58","modified_gmt":"2013-12-31T11:28:58","slug":"urarile-politicienilor-pentru-2014-victor-ponta-sa-fim-mai-buni","status":"publish","type":"post","link":"https:\/\/analyse.optim.biz\/?p=215271","title":{"rendered":"Ur\u0103rile politicienilor pentru 2014. Victor Ponta: \u201eS\u0103 fim mai buni!\u201d"},"content":{"rendered":"<div class=\"entry data-app-meta data-app-meta-article\" data-embed-base-url-canonical=\"https:\/\/www.digi24.ro\/embed\/stiri\/actualitate\/politica\/urarile-politicienilor-pentru-2014-victor-ponta-sa-fim-mai-buni-177191\">\n<p data-index=\"1\">\u00centr-o postare pe o re\u0163ea de socializare, premierul Victor Ponta \u00ee\u015fi m\u0103rturise\u015fte dorin\u0163a pentru anul care vine: \u201eS\u0103 sper\u0103m c\u0103 \u00een 2014 vom fi to\u0163i mai buni!\u201d<\/p>\n<p data-index=\"2\">\u015ei Crin Antonescu are a\u015ftept\u0103ri de la 2014, mai ales c\u0103 este anul \u00een care sper\u0103 s\u0103 devin\u0103 pre\u015fedintele \u0163\u0103rii: <span> \u201eLA MUL\u021aI ANI! Un An Nou a\u0219a cum \u00eel dorim!\u201d.<\/span><\/p>\n<p data-index=\"3\">Pre\u0219edintele Camerei Deputa\u021bilor, Valeriu Zgonea, a\u015fteapt\u0103 de la 2014 o schimbare a clasei politice: \u201e<span>\u00cemi doresc o clas\u0103 politic\u0103 mai matur\u0103, mai pu\u0163ine b\u0103t\u0103lii \u015fi jigniri personale&#8230; \u00cemi doresc toleran\u0163\u0103, r\u0103bdare \u015fi o Rom\u00e2nie care s\u0103 fie unit\u0103, s\u0103 vorbeasc\u0103 despre lucrurile&#8230; \u015fi rom\u00e2ni care s\u0103 vorbeasc\u0103 despre lucrurile care \u00eei apropropie, nu despre lucruri care \u00eei despart. dac\u0103 vrem s\u0103 construim, trebuie s\u0103 \u00eenv\u0103\u0163\u0103m s\u0103 nu mai demol\u0103m.<\/span><\/p>\n<p data-index=\"4\">\u00cen acela\u015fi ton cu Valeriu Zgonea este \u015fi deputatul PDL Andreea Paul Vass. Parlmentarul \u00eei avertizeaz\u0103 pe politicieni s\u0103 se fereasc\u0103 \u00een 2014 de scandal \u015fi populism.<\/p>\n<p data-index=\"5\">Ur\u0103ri au venit \u015fi de la consilierul preziden\u0163ial Iulian Chifu: \u201eLa multi ani 2014, S\u0103rb\u0103tori fericite p\u00e2n\u0103 la Boboteaz\u0103 \u015fi Sf. Ion, \u015fi s\u0103 v\u0103 dea Domnul \u00eemplinirea tuturor dorin\u0163elor decente, realiste, care s\u0103 v\u0103 umple inima de mul\u0163umire \u015fi s\u0103 le dea bucurii celor apropia\u0163i!\u201d.<\/p>\n<p data-index=\"6\">Sunt \u015fi politicieni care \u00ee\u015fi doresc lucruri concrete \u00een 2014. Deputatul PNL Alina Gorghiu vrea \u00eenfiin\u0163area \u00een Capital\u0103 a unui sistem extins de centre de \u00eenchiriere de biciclete: \u201eCum este final de an \u015fi tradi\u0163ia cere s\u0103 \u00ee\u0163i pui o dorin\u0163\u0103\u2026 sau mai multe, am zis c\u0103 n-ar fi r\u0103u s\u0103 sper ca \u00een 2014 s\u0103 \u00eencepem \u015fi noi s\u0103 punem bazele unui sistem de genul acesta, care va ajuta enorm Bucure\u015ftiul. Cei care circul\u0103 pe bulevardele Capitalei la ore de v\u00e2rf \u015ftiu despre ce vorbesc\u2026\u201d.<\/p>\n<p data-index=\"7\">Urmeaz\u0103 \u00eens\u0103 un an politic agitat. Rom\u00e2nii vor fi chema\u0163i \u00een dou\u0103 r\u00e2nduri la urne, pentru alegeri europarlamentare \u0219i preziden\u0163iale.<\/p>\n<\/div>\n<p> Source URL: https:\/\/www.digi24.ro\/stiri\/actualitate\/politica\/urarile-politicienilor-pentru-2014-victor-ponta-sa-fim-mai-buni-177191<\/p>\n","protected":false},"excerpt":{"rendered":"<p>\u00centr-o postare pe o re\u0163ea de socializare, premierul Victor Ponta \u00ee\u015fi m\u0103rturise\u015fte dorin\u0163a pentru anul care vine: \u201eS\u0103 sper\u0103m c\u0103 \u00een 2014 vom fi to\u0163i mai buni!\u201d \u015ei Crin Antonescu are a\u015ftept\u0103ri de la 2014, mai ales c\u0103 este anul \u00een care sper\u0103 s\u0103 devin\u0103 pre\u015fedintele \u0163\u0103rii: \u201eLA MUL\u021aI ANI! Un An Nou a\u0219a cum [&hellip;]<\/p>\n","protected":false},"author":1,"featured_media":215272,"comment_status":"open","ping_status":"","sticky":false,"template":"","format":"standard","meta":{"footnotes":""},"categories":[2],"tags":[11],"class_list":["post-215271","post","type-post","status-publish","format-standard","has-post-thumbnail","hentry","category-politics","tag-digi24"],"_links":{"self":[{"href":"https:\/\/analyse.optim.biz\/index.php?rest_route=\/wp\/v2\/posts\/215271","targetHints":{"allow":["GET"]}}],"collection":[{"href":"https:\/\/analyse.optim.biz\/index.php?rest_route=\/wp\/v2\/posts"}],"about":[{"href":"https:\/\/analyse.optim.biz\/index.php?rest_route=\/wp\/v2\/types\/post"}],"author":[{"embeddable":true,"href":"https:\/\/analyse.optim.biz\/index.php?rest_route=\/wp\/v2\/users\/1"}],"replies":[{"embeddable":true,"href":"https:\/\/analyse.optim.biz\/index.php?rest_route=%2Fwp%2Fv2%2Fcomments&post=215271"}],"version-history":[{"count":0,"href":"https:\/\/analyse.optim.biz\/index.php?rest_route=\/wp\/v2\/posts\/215271\/revisions"}],"wp:featuredmedia":[{"embeddable":true,"href":"https:\/\/analyse.optim.biz\/index.php?rest_route=\/wp\/v2\/media\/215272"}],"wp:attachment":[{"href":"https:\/\/analyse.optim.biz\/index.php?rest_route=%2Fwp%2Fv2%2Fmedia&parent=215271"}],"wp:term":[{"taxonomy":"category","embeddable":true,"href":"https:\/\/analyse.optim.biz\/index.php?rest_route=%2Fwp%2Fv2%2Fcategories&post=215271"},{"taxonomy":"post_tag","embeddable":true,"href":"https:\/\/analyse.optim.biz\/index.php?rest_route=%2Fwp%2Fv2%2Ftags&post=215271"}],"curies":[{"name":"wp","href":"https:\/\/api.w.org\/{rel}","templated":true}]}}