{"id":215265,"date":"2013-12-31T17:03:58","date_gmt":"2013-12-31T14:03:58","guid":{"rendered":"https:\/\/analyse.optim.biz\/?p=215265"},"modified":"2013-12-31T17:03:58","modified_gmt":"2013-12-31T14:03:58","slug":"foto-presedintele-multumeste-romanilor-ca-au-ramas-o-comunitate-chiar-si-in-vremuri-grele","status":"publish","type":"post","link":"https:\/\/analyse.optim.biz\/?p=215265","title":{"rendered":"FOTO. Pre\u0219edintele mul\u021bume\u0219te rom\u00e2nilor c\u0103 au r\u0103mas \u201eo comunitate\u201d chiar \u015fi \u00een vremuri grele"},"content":{"rendered":"<div class=\"entry data-app-meta data-app-meta-article\" data-embed-base-url-canonical=\"https:\/\/www.digi24.ro\/embed\/stiri\/actualitate\/politica\/foto-presedintele-multumeste-romanilor-ca-au-ramas-o-comunitate-chiar-si-in-vremuri-grele-177283\">\n<p data-index=\"1\"><img decoding=\"async\" src=\"https:\/\/analyse.optim.biz\/wp-content\/uploads\/2024\/09\/odawjmhhc2g9ndvjnjjmzte3zdk0ngzjntfhztfhnduymdywoweznta-thumb_.jpg\" data-skip-htmlfix=\"1\" title=\"odawjmhhc2g9ndvjnjjmzte3zdk0ngzjntfhztfhnduymdywoweznta-thumb_\">\u201eAt\u00e2t Rom\u00e2nia c\u00e2t \u0219i Republica Moldova apar\u021bin spa\u021biului european prin limba, cultura \u0219i istoria care ne unesc, dar \u0219i prin valorile \u0219i aspira\u021biile pe care le \u00eemp\u0103rt\u0103\u0219im\u201d, subliniaz\u0103 pre\u0219edintele, care nu de mult a st\u00e2rnit controverse vorbind despre unirea cu Republica Moldova.<\/p>\n<p data-index=\"2\">Pre\u015fedintele se al\u0103tur\u0103 astfel <a href=\"https:\/\/www.digi24.ro\/Stiri\/Digi24\/Actualitate\/Politica\/Urarile+politicienilor+pentru+2014+Victor+Ponta+Sa+fim+mai+buni\" target=\"_blank\" data-skip-linkfix=\"1\" rel=\"noopener\">politicienilor care au \u0163inut s\u0103 fac\u0103 ur\u0103ri<\/a> sau s\u0103 spun\u0103 ce \u00ee\u015fi doresc de Anul Nou prin intermediul internetului.<\/p>\n<p data-index=\"3\">Mesajul lui Traian B\u0103sescu este \u00eenso\u021bit \u015fi de c\u00e2teva fotografii \u00een care apare al\u0103turi de familie, inclusiv al\u0103turi de nepoata sa, Sofia Anais.<\/p>\n<p data-index=\"4\"><a href=\"https:\/\/www.digi24.ro\/Stiri\/Digi24\/Actualitate\/Politica\/Urarile+politicienilor+pentru+2014+Victor+Ponta+Sa+fim+mai+buni\" target=\"_blank\" data-skip-linkfix=\"1\" rel=\"noopener\">Pre\u015fedintele \u00ee\u015fi petrece Revelionul la Predeal<\/a> \u015fi nu este exclus s\u0103 apar\u0103 la miezul nop\u0163ii \u00een Pia\u0163a Sfatului din Bra\u015fov pentru a transmite direct ur\u0103ri cet\u0103\u0163enilor.\u00a0<\/p>\n<p data-index=\"5\"><img decoding=\"async\" src=\"https:\/\/analyse.optim.biz\/wp-content\/uploads\/2024\/09\/nthlnjg0zda5ztg3odnkztqyyzhhmzziyq-thumb_.jpg\" data-skip-htmlfix=\"1\" title=\"nthlnjg0zda5ztg3odnkztqyyzhhmzziyq-thumb_\"><\/p>\n<p data-index=\"6\"><img decoding=\"async\" src=\"https:\/\/analyse.optim.biz\/wp-content\/uploads\/2024\/09\/ymy2odnknde2mzfhyjaxnzrmyjk3zjy2nq-thumb_.jpg\" data-skip-htmlfix=\"1\" title=\"ymy2odnknde2mzfhyjaxnzrmyjk3zjy2nq-thumb_\"><\/p>\n<p data-index=\"7\"><img decoding=\"async\" src=\"https:\/\/analyse.optim.biz\/wp-content\/uploads\/2024\/09\/mzg2zty4y2i5n2ywnju4ymi3ywiwmdrhmmuxotm-thumb_.jpg\" data-skip-htmlfix=\"1\" title=\"mzg2zty4y2i5n2ywnju4ymi3ywiwmdrhmmuxotm-thumb_\"><\/p>\n<h5>Mesajul pre\u0219edintelui Traian B\u0103sescu:<\/h5>\n<p data-index=\"8\">\u201eDragi rom\u00e2ni,<\/p>\n<p data-index=\"9\">\u00cent\u00e2mpin\u0103m un An Nou, un prilej de bucurie \u0219i, totodat\u0103, de reflec\u021bie la perioada pe care am traversat-o \u00eempreun\u0103. A fost un an marcat de provoc\u0103ri politice, de tensiuni sociale, de dificult\u0103\u021bi economice. Vreau s\u0103 v\u0103 mul\u021bumesc, \u00een primul r\u00e2nd, pentru felul \u00een care a\u021bi \u0219tiut s\u0103 r\u0103m\u00e2ne\u021bi, chiar \u0219i \u00een momentele grele, o comunitate. Aceasta dovede\u0219te c\u0103 identitatea noastr\u0103 se ridic\u0103 deasupra disputelor de moment. Am \u00eencrederea c\u0103, pe aceast\u0103 identitate puternic\u0103 a rom\u00e2nilor, vom putea cl\u0103di, \u00een continuare, un proiect de \u021bar\u0103 \u00een care modernizarea \u0219i dezvoltarea economic\u0103 s\u0103 fie priorit\u0103\u021bi care s\u0103 fundamenteze ac\u021biunile noastre politice.<\/p>\n<p data-index=\"10\">Vreau s\u0103 transmit tuturor cet\u0103\u021benilor rom\u00e2ni ur\u0103rile mele sincere de s\u0103n\u0103tate, fericire \u0219i \u00eempliniri. De asemenea, doresc s\u0103 \u00eei felicit pe cet\u0103\u021benii Republicii Moldova pentru pasul important pe care l-au f\u0103cut pe calea integr\u0103rii europene. At\u00e2t Rom\u00e2nia c\u00e2t \u0219i Republica Moldova apar\u021bin spa\u021biului european prin limba, cultura \u0219i istoria care ne unesc, dar \u0219i prin valorile \u0219i aspira\u021biile pe care le \u00eemp\u0103rt\u0103\u0219im.<\/p>\n<p data-index=\"11\">La cump\u0103na dintre ani, g\u00e2ndurile mele, recuno\u0219tin\u021ba, se \u00eendreapt\u0103 \u0219i c\u0103tre rom\u00e2nii care tr\u0103iesc \u0219i muncesc \u00een afara frontierelor, dar \u0219i c\u0103tre militarii afla\u021bi la datorie \u00een teatrele de opera\u021bii.<\/p>\n<p data-index=\"12\">Sper c\u0103 vom \u00eent\u00e2mpina Noul An motiva\u021bi de obiectivele pe care ni le propunem \u0219i de consolidarea statutului \u021b\u0103rii noastre \u00een interiorul Uniunii Europene \u0219i al Alian\u021bei Nord-Atlantice.<\/p>\n<p data-index=\"13\">La mul\u021bi ani, rom\u00e2ni!\u201d.<\/p>\n<\/div>\n<p> Source URL: https:\/\/www.digi24.ro\/stiri\/actualitate\/politica\/foto-presedintele-multumeste-romanilor-ca-au-ramas-o-comunitate-chiar-si-in-vremuri-grele-177283<\/p>\n","protected":false},"excerpt":{"rendered":"<p>\u201eAt\u00e2t Rom\u00e2nia c\u00e2t \u0219i Republica Moldova apar\u021bin spa\u021biului european prin limba, cultura \u0219i istoria care ne unesc, dar \u0219i prin valorile \u0219i aspira\u021biile pe care le \u00eemp\u0103rt\u0103\u0219im\u201d, subliniaz\u0103 pre\u0219edintele, care nu de mult a st\u00e2rnit controverse vorbind despre unirea cu Republica Moldova. Pre\u015fedintele se al\u0103tur\u0103 astfel politicienilor care au \u0163inut s\u0103 fac\u0103 ur\u0103ri sau s\u0103 [&hellip;]<\/p>\n","protected":false},"author":1,"featured_media":215266,"comment_status":"open","ping_status":"","sticky":false,"template":"","format":"standard","meta":{"footnotes":""},"categories":[2],"tags":[11],"class_list":["post-215265","post","type-post","status-publish","format-standard","has-post-thumbnail","hentry","category-politics","tag-digi24"],"_links":{"self":[{"href":"https:\/\/analyse.optim.biz\/index.php?rest_route=\/wp\/v2\/posts\/215265","targetHints":{"allow":["GET"]}}],"collection":[{"href":"https:\/\/analyse.optim.biz\/index.php?rest_route=\/wp\/v2\/posts"}],"about":[{"href":"https:\/\/analyse.optim.biz\/index.php?rest_route=\/wp\/v2\/types\/post"}],"author":[{"embeddable":true,"href":"https:\/\/analyse.optim.biz\/index.php?rest_route=\/wp\/v2\/users\/1"}],"replies":[{"embeddable":true,"href":"https:\/\/analyse.optim.biz\/index.php?rest_route=%2Fwp%2Fv2%2Fcomments&post=215265"}],"version-history":[{"count":0,"href":"https:\/\/analyse.optim.biz\/index.php?rest_route=\/wp\/v2\/posts\/215265\/revisions"}],"wp:featuredmedia":[{"embeddable":true,"href":"https:\/\/analyse.optim.biz\/index.php?rest_route=\/wp\/v2\/media\/215266"}],"wp:attachment":[{"href":"https:\/\/analyse.optim.biz\/index.php?rest_route=%2Fwp%2Fv2%2Fmedia&parent=215265"}],"wp:term":[{"taxonomy":"category","embeddable":true,"href":"https:\/\/analyse.optim.biz\/index.php?rest_route=%2Fwp%2Fv2%2Fcategories&post=215265"},{"taxonomy":"post_tag","embeddable":true,"href":"https:\/\/analyse.optim.biz\/index.php?rest_route=%2Fwp%2Fv2%2Ftags&post=215265"}],"curies":[{"name":"wp","href":"https:\/\/api.w.org\/{rel}","templated":true}]}}