{"id":215058,"date":"2014-01-06T22:49:18","date_gmt":"2014-01-06T19:49:18","guid":{"rendered":"https:\/\/analyse.optim.biz\/?p=215058"},"modified":"2014-01-06T22:49:18","modified_gmt":"2014-01-06T19:49:18","slug":"adrian-nastase-condamnat-emil-hurezeanu-politicienii-vor-continua-sa-se-considere-deasupra-legii","status":"publish","type":"post","link":"https:\/\/analyse.optim.biz\/?p=215058","title":{"rendered":"Adrian N\u0103stase condamnat. Emil Hurezeanu: Politicienii vor continua s\u0103 se considere deasupra legii"},"content":{"rendered":"<div class=\"entry data-app-meta data-app-meta-article\" data-embed-base-url-canonical=\"https:\/\/www.digi24.ro\/embed\/stiri\/actualitate\/politica\/adrian-nastase-condamnat-emil-hurezeanu-politicienii-vor-continua-sa-se-considere-deasupra-legii-179855\">\n<p data-index=\"1\">\u201eDomnul N\u0103stase are p\u0103catele domniei sale, a fost a doua oar\u0103 condamnat. <strong>E vorba de o ofensiv\u0103 a justi\u021biei \u00een \u00eencercarea ei de a se emancipa de politic, dar pe m\u0103sura acestei evidente reu\u0219ite de \u00eendep\u0103rtare de dictatul politic, problemele politiz\u0103rii justi\u021biei se discut\u0103 din ce \u00een ce mai mult.<\/strong> \u0102sta este unul dintre paradoxuri\u201d, consider\u0103 jurnalistul.<\/p>\n<p data-index=\"2\">\u00cen acela\u0219i timp, Emil Hurezeanu consider\u0103 c\u0103 prin aceast\u0103 decizie se arat\u0103 c\u0103 dreptatea c\u00e2\u0219tig\u0103, \u00een sensul c\u0103 un complet de \u00eenalt calibru al sistemului arat\u0103 o interpretare adev\u0103rului judiciar, pentru c\u0103 nu exist\u0103 un adev\u0103r absolut.<\/p>\n<p data-index=\"3\">\u201ePutem vorbi de mai mult\u0103 corup\u021bie \u00een aceea\u0219i m\u0103sur\u0103 \u00een care s-a vorbit de mai mult\u0103 justi\u021bie anticorup\u021bie, de mai mult\u0103 justi\u021bie nonpolitizat\u0103, care adesea a judecat cazurile unor politicieni corup\u021bi. Dar aici este paradoxul care face ca corup\u021bia s\u0103 apar\u0103 mai evident atunci c\u00e2nd ea este mai sesizabil pedepsit\u0103\u201d, a subliniat Emil Hurezeanu.<\/p>\n<p data-index=\"4\">Mai mult, jurnalistul a afirmat c\u0103 nu crede \u00een \u201e\u00eembun\u0103t\u0103\u021birea speciei umane\u201d, subliniind c\u0103 este sceptic c\u0103 politicienii \u00ee\u0219i vor modifica atitudinile \u00een urma acestei condamn\u0103ri.<\/p>\n<p data-index=\"5\"><strong>\u201eSunt sceptic, de exemplu, c\u0103 politicienii rom\u00e2ni, \u00eencep\u00e2nd din aceast\u0103 sear\u0103, cu sentimente \u00eemp\u0103r\u021bite, unii pro, al\u021bii contra, al\u021bii pur \u0219i simplu speria\u021bi de catharsisul judiciar \u2013 ca \u0219i catharsisul tragediei antice \u2013 e un efect de spaim\u0103, de intimidare \u0219i de transformare a asistentului unui astfel de fenomen. Nu cred c\u0103 politicienii de azi \u00ee\u0219i schimb\u0103 comportamentul radical, viziunea asupra capacit\u0103\u021bii lor de a \u00een\u0219ela statul, de a profesa traficul de influen\u021b\u0103, de a se considera deasupra legii, de a instrumenta profesia asta foarte nobil\u0103 de demnitar public, demnitar politic \u00eentr-o form\u0103 de c\u00e2\u0219tiguri necuvenite mai accelerate dec\u00e2t \u00een cazul muritorilor de r\u00e2nd\u201d<\/strong>, a precizat Emil Hurezeanu.<\/p>\n<p data-index=\"6\">\u201eCred c\u0103 lucrurile se vor perpetua, dar cu c\u00e2t mai multe sentin\u021be de acest gen&#8230; sigur ne apropiem de ceea ce omul de pe strad\u0103, omul simplu, chiar dac\u0103 el tinde mai repede dec\u00e2t noi s\u0103 intre \u00een raporturi de empatie cu Gigi Becali, poate c\u0103 cu Gigi Becali mai repede dec\u00e2t cu Adrian N\u0103stase, observ asta, e un fenomen (&#8230;), exist\u0103 un fel de polarizare sau un fel de distribuire a empatiei \u00een leg\u0103tur\u0103 cu ace\u0219ti oameni. E un motiv \u00een plus s\u0103 nu credem c\u0103 actul de justi\u021bie se transform\u0103 \u00eentr-un act de rectificare a nedrept\u0103\u021bii. Nu vreau s\u0103 spun c\u0103 un act de justi\u021bie spore\u0219te nedreptatea. Dar s\u0103 nu ne facem iluzii, lumea va continua a\u0219a cum este\u201d, a comentat jurnalistul.<\/p>\n<p data-index=\"7\">Pe de alt\u0103 parte, Emil Hurezeanu a criticat atitudinea de azi a Partidului Social Democrat, pe care Adrian N\u0103stase l-a condus.<\/p>\n<p data-index=\"8\"><strong>\u201eNu cred c\u0103 cineva salut\u0103 \u00een mod special condamnarea lui N\u0103stase. Dar, \u00een orice caz, ceea ce n-ar trebui s\u0103 se \u00eent\u00e2mple \u0219i cred c\u0103 domnul Ponta cu PSD-ul au gre\u0219it pu\u021bin aici, au transformat din prima sear\u0103 povestea asta \u00eentr-un obiect, \u00eentr-o miz\u0103 a r\u0103fuielii cu Traian B\u0103sescu. Nu e bine, nu merit\u0103, nu e a\u0219a. Partidul acesta trebuia s\u0103 fie fidel memoriei sau \u00eent\u00e2lnirii pe care a avut-o \u00een 2006 la congresul PSD, c\u00e2nd domnul N\u0103stase a fost debarcat\u201d<\/strong>, a subliniat Emil Hurezeanu.<\/p>\n<p data-index=\"9\">Jurnalistul a comentat \u00een acest context c\u0103 Victor Ponta nu ar trebui s\u0103 lupte cu Traian B\u0103sescu folosindu-l pe Adrian N\u0103stase drept agent electoral, ci cu societatea pe care trebuie s\u0103 o conving\u0103 c\u0103 \u00eei vrea binele \u0219i poate s\u0103 \u00eel \u0219i fac\u0103.<\/p>\n<p data-index=\"10\"><strong>\u201eMi se pare c\u0103 \u00eenceputul a fost destul de gre\u0219it. Nu transformi ziua unei sentin\u021be, oric\u00e2t de discutat\u0103 \u0219i discutabil\u0103 ar fi, \u00een miza principal\u0103 sau \u00een miza \u00eemprosp\u0103tat\u0103 a luptei cu B\u0103sescu, pentru c\u0103 reduci importan\u021ba pe care \u0219i tu \u0219i el, deci \u0219i Ponta \u0219i B\u0103sescu, trebuie s\u0103 o acorda\u021bi justi\u021biei, nu?\u201d<\/strong>, a conchis Emil Hurezeanu.<\/p>\n<\/div>\n<p> Source URL: https:\/\/www.digi24.ro\/stiri\/actualitate\/politica\/adrian-nastase-condamnat-emil-hurezeanu-politicienii-vor-continua-sa-se-considere-deasupra-legii-179855<\/p>\n","protected":false},"excerpt":{"rendered":"<p>\u201eDomnul N\u0103stase are p\u0103catele domniei sale, a fost a doua oar\u0103 condamnat. E vorba de o ofensiv\u0103 a justi\u021biei \u00een \u00eencercarea ei de a se emancipa de politic, dar pe m\u0103sura acestei evidente reu\u0219ite de \u00eendep\u0103rtare de dictatul politic, problemele politiz\u0103rii justi\u021biei se discut\u0103 din ce \u00een ce mai mult. \u0102sta este unul dintre paradoxuri\u201d, [&hellip;]<\/p>\n","protected":false},"author":1,"featured_media":215059,"comment_status":"open","ping_status":"","sticky":false,"template":"","format":"standard","meta":{"footnotes":""},"categories":[2],"tags":[11],"class_list":["post-215058","post","type-post","status-publish","format-standard","has-post-thumbnail","hentry","category-politics","tag-digi24"],"_links":{"self":[{"href":"https:\/\/analyse.optim.biz\/index.php?rest_route=\/wp\/v2\/posts\/215058","targetHints":{"allow":["GET"]}}],"collection":[{"href":"https:\/\/analyse.optim.biz\/index.php?rest_route=\/wp\/v2\/posts"}],"about":[{"href":"https:\/\/analyse.optim.biz\/index.php?rest_route=\/wp\/v2\/types\/post"}],"author":[{"embeddable":true,"href":"https:\/\/analyse.optim.biz\/index.php?rest_route=\/wp\/v2\/users\/1"}],"replies":[{"embeddable":true,"href":"https:\/\/analyse.optim.biz\/index.php?rest_route=%2Fwp%2Fv2%2Fcomments&post=215058"}],"version-history":[{"count":0,"href":"https:\/\/analyse.optim.biz\/index.php?rest_route=\/wp\/v2\/posts\/215058\/revisions"}],"wp:featuredmedia":[{"embeddable":true,"href":"https:\/\/analyse.optim.biz\/index.php?rest_route=\/wp\/v2\/media\/215059"}],"wp:attachment":[{"href":"https:\/\/analyse.optim.biz\/index.php?rest_route=%2Fwp%2Fv2%2Fmedia&parent=215058"}],"wp:term":[{"taxonomy":"category","embeddable":true,"href":"https:\/\/analyse.optim.biz\/index.php?rest_route=%2Fwp%2Fv2%2Fcategories&post=215058"},{"taxonomy":"post_tag","embeddable":true,"href":"https:\/\/analyse.optim.biz\/index.php?rest_route=%2Fwp%2Fv2%2Ftags&post=215058"}],"curies":[{"name":"wp","href":"https:\/\/api.w.org\/{rel}","templated":true}]}}