{"id":215055,"date":"2014-01-07T11:16:15","date_gmt":"2014-01-07T08:16:15","guid":{"rendered":"https:\/\/analyse.optim.biz\/?p=215055"},"modified":"2014-01-07T11:16:15","modified_gmt":"2014-01-07T08:16:15","slug":"traian-basescu-i-a-trimis-lui-ion-iliescu-un-buchet-de-trandafiri-albi-de-ziua-onomastica","status":"publish","type":"post","link":"https:\/\/analyse.optim.biz\/?p=215055","title":{"rendered":"Traian B\u0103sescu i-a trimis lui Ion Iliescu un buchet de trandafiri albi, de ziua onomastic\u0103"},"content":{"rendered":"<div class=\"entry data-app-meta data-app-meta-article\" data-embed-base-url-canonical=\"https:\/\/www.digi24.ro\/embed\/stiri\/actualitate\/politica\/traian-basescu-i-a-trimis-lui-ion-iliescu-un-buchet-de-trandafiri-albi-de-ziua-onomastica-180054\">\n<p data-index=\"1\"><img decoding=\"async\" src=\"https:\/\/analyse.optim.biz\/wp-content\/uploads\/2024\/09\/nju2ngu4zta0otfjnjjlyzq0n2rlytczngvkoq-thumb_.jpg\" data-skip-htmlfix=\"1\" title=\"nju2ngu4zta0otfjnjjlyzq0n2rlytczngvkoq-thumb_\"><\/p>\n<p data-index=\"2\"><em><strong>Foto: Mediafax<\/strong><\/em><\/p>\n<p data-index=\"3\">Totodat\u0103, mar\u0163i diminea\u0163\u0103, Ion Iliescu\u00a0a primit \u015fi vizita unuia dintre vecinii s\u0103i, fost judec\u0103tor la \u00cenalta Curte de Casa\u0163ie \u015fi Justi\u0163ie, care i-a validat unul dintre mandatele de pre\u015fedinte. Acesta i-a adus la r\u00e2ndul s\u0103u un cadou.<\/p>\n<p data-index=\"4\">Pre\u015fedintele de onoare al PSD \u00ee\u015fi serbeaz\u0103 ziua onomastic\u0103 \u00een familie. \u201eVa petrece acas\u0103, \u00een familie, ca \u015fi anul trecut\u201d, au declarat luni, pentru Mediafax, surse din anturajul lui Ion Iliescu.<\/p>\n<p data-index=\"5\">Acelea\u015fi surse au ar\u0103tat c\u0103 Ion Iliescu lucreaz\u0103 \u00een acest moment la un volum de amintiri.<\/p>\n<p data-index=\"6\">\u201eE vorba de c\u00e2teva s\u0103pt\u0103m\u00e2ni, luni p\u00e2n\u0103 la apari\u0163ie. \u00cen orice caz, p\u00e2n\u0103 \u00een var\u0103 va fi publicat. E a treia parte din trilogie. Sunt rememorate amintirile sale din 1930 p\u00e2n\u0103 \u00een 1989. Aceast\u0103 carte se va opri la 20 decembrie 1989\u201d, au men\u0163ionat sursele citate.<\/p>\n<\/div>\n<p> Source URL: https:\/\/www.digi24.ro\/stiri\/actualitate\/politica\/traian-basescu-i-a-trimis-lui-ion-iliescu-un-buchet-de-trandafiri-albi-de-ziua-onomastica-180054<\/p>\n","protected":false},"excerpt":{"rendered":"<p>Foto: Mediafax Totodat\u0103, mar\u0163i diminea\u0163\u0103, Ion Iliescu\u00a0a primit \u015fi vizita unuia dintre vecinii s\u0103i, fost judec\u0103tor la \u00cenalta Curte de Casa\u0163ie \u015fi Justi\u0163ie, care i-a validat unul dintre mandatele de pre\u015fedinte. Acesta i-a adus la r\u00e2ndul s\u0103u un cadou. Pre\u015fedintele de onoare al PSD \u00ee\u015fi serbeaz\u0103 ziua onomastic\u0103 \u00een familie. \u201eVa petrece acas\u0103, \u00een familie, [&hellip;]<\/p>\n","protected":false},"author":1,"featured_media":215056,"comment_status":"open","ping_status":"","sticky":false,"template":"","format":"standard","meta":{"footnotes":""},"categories":[2],"tags":[11],"class_list":["post-215055","post","type-post","status-publish","format-standard","has-post-thumbnail","hentry","category-politics","tag-digi24"],"_links":{"self":[{"href":"https:\/\/analyse.optim.biz\/index.php?rest_route=\/wp\/v2\/posts\/215055","targetHints":{"allow":["GET"]}}],"collection":[{"href":"https:\/\/analyse.optim.biz\/index.php?rest_route=\/wp\/v2\/posts"}],"about":[{"href":"https:\/\/analyse.optim.biz\/index.php?rest_route=\/wp\/v2\/types\/post"}],"author":[{"embeddable":true,"href":"https:\/\/analyse.optim.biz\/index.php?rest_route=\/wp\/v2\/users\/1"}],"replies":[{"embeddable":true,"href":"https:\/\/analyse.optim.biz\/index.php?rest_route=%2Fwp%2Fv2%2Fcomments&post=215055"}],"version-history":[{"count":0,"href":"https:\/\/analyse.optim.biz\/index.php?rest_route=\/wp\/v2\/posts\/215055\/revisions"}],"wp:featuredmedia":[{"embeddable":true,"href":"https:\/\/analyse.optim.biz\/index.php?rest_route=\/wp\/v2\/media\/215056"}],"wp:attachment":[{"href":"https:\/\/analyse.optim.biz\/index.php?rest_route=%2Fwp%2Fv2%2Fmedia&parent=215055"}],"wp:term":[{"taxonomy":"category","embeddable":true,"href":"https:\/\/analyse.optim.biz\/index.php?rest_route=%2Fwp%2Fv2%2Fcategories&post=215055"},{"taxonomy":"post_tag","embeddable":true,"href":"https:\/\/analyse.optim.biz\/index.php?rest_route=%2Fwp%2Fv2%2Ftags&post=215055"}],"curies":[{"name":"wp","href":"https:\/\/api.w.org\/{rel}","templated":true}]}}