{"id":215046,"date":"2014-01-07T16:03:35","date_gmt":"2014-01-07T13:03:35","guid":{"rendered":"https:\/\/analyse.optim.biz\/?p=215046"},"modified":"2014-01-07T16:03:35","modified_gmt":"2014-01-07T13:03:35","slug":"m-macovei-v-ponta-are-un-limbaj-de-comunist-pentru-el-orice-adversar-politic-este-nazist-si-fascist","status":"publish","type":"post","link":"https:\/\/analyse.optim.biz\/?p=215046","title":{"rendered":"M. Macovei: V. Ponta are un limbaj de comunist: pentru el orice adversar politic este \u201enazist\u201d \u0219i \u201efascist\u201d"},"content":{"rendered":"<div class=\"entry data-app-meta data-app-meta-article\" data-embed-base-url-canonical=\"https:\/\/www.digi24.ro\/embed\/stiri\/actualitate\/politica\/m-macovei-v-ponta-are-un-limbaj-de-comunist-pentru-el-orice-adversar-politic-este-nazist-si-fascist-180309\">\n<p data-index=\"1\"><img decoding=\"async\" src=\"https:\/\/analyse.optim.biz\/wp-content\/uploads\/2024\/09\/mczoyxnoptkzyjc1nwflndq4mtrmztbhywm0zwi3mziwn2jjnmnl-thumb_.jpg\" data-skip-htmlfix=\"1\" title=\"mczoyxnoptkzyjc1nwflndq4mtrmztbhywm0zwi3mziwn2jjnmnl-thumb_\"><\/p>\n<p data-index=\"2\"><strong>(Foto: Mediafax)<\/strong><\/p>\n<p data-index=\"3\">\u201eAfirma\u021biile de ieri ale pre\u0219edintelui PSD \u0219i premierului Victor Ponta, \u00een care m\u0103 acuza ca a\u0219 avea o g\u00e2ndire \u201efascist\u0103\u201d \u0219i \u201enazist\u0103\u201d, sunt o minciun\u0103, dar, mai grav, sunt o insult\u0103 la adresa celor care au avut de suferit de pe urma regimurilor de teroare nazist\u0103 \u0219i fascist\u0103 din lume. Faptul c\u0103 Ponta, autorul acestor afirma\u021bii iresponsabile, este \u00een fruntea Guvernului Romaniei aduce grave prejudicii Rom\u00e2niei \u0219i rom\u00e2nilor\u201d, afirm\u0103 Monica Macovei, \u00eentr-o postare de mar\u021bi, de pe <a href=\"http:\/\/www.monica-macovei.ro\/blog\/2014\/01\/07\/ponta-are-un-limbaj-de-comunist-pentru-el-orice-adversar-politic-este-%E2%80%9Cnazist%E2%80%9D-%C8%99i-%E2%80%9Cfascist%E2%80%9D-afirma%C8%9Biile-iresponsabile-ale-lui-ponta-calca-in-picioare-memori\/\" target=\"_blank\" data-skip-linkfix=\"1\" rel=\"noopener\">blogul personal<\/a>.<\/p>\n<p data-index=\"4\">Potrivit europarlamentarului, afirma\u021biile lui Ponta au devenit identice cu cele ale fostului pre\u0219edinte Ion Iliescu \u0219i ale comuni\u0219tilor: orice adversar politic este \u201enazist\u201d \u0219i \u201efascist\u201d.<\/p>\n<p data-index=\"5\"><strong>\u201ePonta trebuie s\u0103 \u00ee\u0219i dea demisia din fruntea guvernului pentru acuza\u021biile gratuite \u0219i iresponsabile de &#8220;nazist&#8221; \u0219i &#8220;fascist&#8221;, pentru c\u0103 protejeaz\u0103 corup\u021bii, pentru c\u0103 ieri a atacat statul de drept \u0219i justi\u021bia, devenind un mare pericol pentru Rom\u00e2nia\u201d<\/strong>, sus\u021bine Monica Macovei.<\/p>\n<p data-index=\"6\">Europarlamentarul PDL consider\u0103 c\u0103, prin folosirea iresponsabil\u0103 \u0219i r\u0103uvoitoare a termenilor de \u201enazist\u201d \u0219i \u201efascist\u201d, Victor Ponta \u00ee\u0219i bate joc de semnifica\u021bia istoric\u0103 a Holocaustului \u0219i a crimelor nazismului \u0219i creeaza din nou \u00een \u00eentreaga lume o imagine negativ\u0103 Rom\u00e2niei \u0219i rom\u00e2nilor.<\/p>\n<p data-index=\"7\">\u00cen acest context, Monica Macovei a f\u0103cut referire la dou\u0103 precedente \u00een acest sens din partea partidului pe care Victor Ponta \u00eel conduce, respectiv afirma\u021biile ministrului Dan \u0218ova care a negat Holocastul \u00een Romania \u0219i la sus\u021binerea pentru pozi\u021bia de judec\u0103tor la Curtea Constitu\u021bional\u0103 a lui Lucian Bolca\u0219, \u201etot un nega\u021bionist al Holocastului\u201d.<\/p>\n<\/div>\n<p> Source URL: https:\/\/www.digi24.ro\/stiri\/actualitate\/politica\/m-macovei-v-ponta-are-un-limbaj-de-comunist-pentru-el-orice-adversar-politic-este-nazist-si-fascist-180309<\/p>\n","protected":false},"excerpt":{"rendered":"<p>(Foto: Mediafax) \u201eAfirma\u021biile de ieri ale pre\u0219edintelui PSD \u0219i premierului Victor Ponta, \u00een care m\u0103 acuza ca a\u0219 avea o g\u00e2ndire \u201efascist\u0103\u201d \u0219i \u201enazist\u0103\u201d, sunt o minciun\u0103, dar, mai grav, sunt o insult\u0103 la adresa celor care au avut de suferit de pe urma regimurilor de teroare nazist\u0103 \u0219i fascist\u0103 din lume. Faptul c\u0103 Ponta, [&hellip;]<\/p>\n","protected":false},"author":1,"featured_media":215047,"comment_status":"open","ping_status":"","sticky":false,"template":"","format":"standard","meta":{"footnotes":""},"categories":[2],"tags":[11],"class_list":["post-215046","post","type-post","status-publish","format-standard","has-post-thumbnail","hentry","category-politics","tag-digi24"],"_links":{"self":[{"href":"https:\/\/analyse.optim.biz\/index.php?rest_route=\/wp\/v2\/posts\/215046","targetHints":{"allow":["GET"]}}],"collection":[{"href":"https:\/\/analyse.optim.biz\/index.php?rest_route=\/wp\/v2\/posts"}],"about":[{"href":"https:\/\/analyse.optim.biz\/index.php?rest_route=\/wp\/v2\/types\/post"}],"author":[{"embeddable":true,"href":"https:\/\/analyse.optim.biz\/index.php?rest_route=\/wp\/v2\/users\/1"}],"replies":[{"embeddable":true,"href":"https:\/\/analyse.optim.biz\/index.php?rest_route=%2Fwp%2Fv2%2Fcomments&post=215046"}],"version-history":[{"count":0,"href":"https:\/\/analyse.optim.biz\/index.php?rest_route=\/wp\/v2\/posts\/215046\/revisions"}],"wp:featuredmedia":[{"embeddable":true,"href":"https:\/\/analyse.optim.biz\/index.php?rest_route=\/wp\/v2\/media\/215047"}],"wp:attachment":[{"href":"https:\/\/analyse.optim.biz\/index.php?rest_route=%2Fwp%2Fv2%2Fmedia&parent=215046"}],"wp:term":[{"taxonomy":"category","embeddable":true,"href":"https:\/\/analyse.optim.biz\/index.php?rest_route=%2Fwp%2Fv2%2Fcategories&post=215046"},{"taxonomy":"post_tag","embeddable":true,"href":"https:\/\/analyse.optim.biz\/index.php?rest_route=%2Fwp%2Fv2%2Ftags&post=215046"}],"curies":[{"name":"wp","href":"https:\/\/api.w.org\/{rel}","templated":true}]}}