{"id":215042,"date":"2014-01-07T21:05:08","date_gmt":"2014-01-07T18:05:08","guid":{"rendered":"https:\/\/analyse.optim.biz\/?p=215042"},"modified":"2014-01-07T21:05:08","modified_gmt":"2014-01-07T18:05:08","slug":"adrian-nastase-stiam-ca-voi-fi-arestat-aveam-informatii-din-zona-cotroceni","status":"publish","type":"post","link":"https:\/\/analyse.optim.biz\/?p=215042","title":{"rendered":"Adrian N\u0103stase: \u201e\u0218tiam c\u0103 voi fi arestat. Aveam informa\u021bii din zona Cotroceni\u201d"},"content":{"rendered":"<div class=\"entry data-app-meta data-app-meta-article\" data-embed-base-url-canonical=\"https:\/\/www.digi24.ro\/embed\/stiri\/actualitate\/politica\/adrian-nastase-stiam-ca-voi-fi-arestat-aveam-informatii-din-zona-cotroceni-180540\">\n<p data-index=\"1\"><img decoding=\"async\" src=\"https:\/\/analyse.optim.biz\/wp-content\/uploads\/2024\/09\/pthkywnjzgi5zjllnzu5ntu0ogjlodqyntm1mwjlmzlm-thumb_.jpg\" data-skip-htmlfix=\"1\" title=\"pthkywnjzgi5zjllnzu5ntu0ogjlodqyntm1mwjlmzlm-thumb_\"><\/p>\n<p data-index=\"2\"><em>\u201eDragi prieteni,<\/em><\/p>\n<p data-index=\"3\"><em>Nu mi-am \u00eenchipuit c\u0103 r\u0103zbunarea politic\u0103 poate merge at\u00e2t de departe \u0219i c\u0103 ea poate \u00eembr\u0103ca forme at\u00e2t de perverse.<\/em><\/p>\n<p data-index=\"4\"><em>Aveam informa\u021bii, din zona Cotroceni, cu c\u00e2teva zile \u00eenaintea Anului Nou, c\u0103 se luase \u201chot\u0103r\u00e2rea\u201d ca sentin\u021ba \u00een dosarul Zambaccian s\u0103 fie de \u00eenchisoare cu executare, at\u00e2t pentru mine c\u00e2t \u0219i pentru so\u021bia mea.<\/em><\/p>\n<p data-index=\"5\"><em>\u00cen final probabil pentru ra\u021biuni legate de eventualele reac\u021bii ale opiniei publice, pedeapsa pentru so\u021bia mea a fost modificat\u0103.<\/em><\/p>\n<p data-index=\"6\"><em>\u00cen declara\u021bia sa de Anul Nou, B\u0103sescu anun\u021ba c\u0103 justi\u021bia trebuie s\u0103 c\u00e2\u0219tige bat\u0103lia cu politicul. Oare puterile statului sunt \u00een r\u0103zboi? Eu credeam c\u0103 sunt, \u00eentr-adev\u0103r, separate doar c\u0103 trebuie s\u0103 coopereze. Ce \u00eenseamn\u0103 \u00eens\u0103 justi\u021bie pentru B\u0103sescu? \u00censeamn\u0103, \u00een principal cele dou\u0103 complete de recurs de la ICCJ, cele care decid, f\u0103r\u0103 s\u0103 mai existe alte c\u0103i de atac\u201d,<\/em> scrie Adrian N\u0103stase.<\/p>\n<p data-index=\"7\">Fostul premier spune c\u0103 de vin\u0103 pentru condamnarea sa nu este doar pre\u0219edintele Traian B\u0103sescu.<\/p>\n<p data-index=\"8\"><em>\u201e\u00cen ceea ce m\u0103 prive\u0219te, \u00een noaptea care a trecut, mi-am limpezit g\u00e2ndurile \u0219i am tras mai multe concluzii. C\u00e2nd va fi cazul vi le voi \u00eemp\u0103rt\u0103\u0219ii pe toate.<\/em><\/p>\n<p data-index=\"9\"><em>\u00cen orice caz, de data asta nu voi mai putea spune c\u0103 este exclusiv vina lui B\u0103sescu. R\u0103ul poate fi f\u0103cut nu doar prin ac\u021biune ci \u0219i prin inac\u021biune. Faptul c\u0103 actuala coali\u021bie a consolidat mecanismele prin care B\u0103sescu controleaz\u0103 sistemul judiciar la v\u00e2rf, aplic\u00e2nd, \u00een continuare, reguli aberante, este o mare ne\u00eemplinire.<\/em><\/p>\n<p data-index=\"10\"><em>\u00cen loc s\u0103 se concentreze pe adoptarea unor legi moderne, echilibrate, pe efortul de revizuire a Constitu\u021biei, actuala coali\u021bie se ocup\u0103, nejustificat de mult, \u00een opinia mea, de conflictele locale din teritoriu\u201d,<\/em> a continuat Adrian N\u0103stase.<\/p>\n<p data-index=\"11\">\u00cen graba cu care \u00ee\u0219i pledeaz\u0103 cauza, fostul premier face \u0219i o gre\u0219eal\u0103 de ortografie, ceea ce nu-i este caracteristic &#8211; adjectivul pronominal posesiv \u201eno\u0219tri\u201d este scris, \u00een mod incorect, cu doi de \u201ei\u201d: \u201eavoca\u021bii no\u0219trii\u201d:<\/p>\n<p data-index=\"12\"><img decoding=\"async\" src=\"https:\/\/analyse.optim.biz\/wp-content\/uploads\/2024\/09\/pwe3mdzjodfhy2ywnwiwytmxmmjhndrlywi1yjhjmja4-thumb_.jpg\" data-skip-htmlfix=\"1\" title=\"pwe3mdzjodfhy2ywnwiwytmxmmjhndrlywi1yjhjmja4-thumb_\"><\/p>\n<p data-index=\"13\"><strong>Citi\u021bi <a href=\"http:\/\/nastase.wordpress.com\/2014\/01\/07\/cateva-ganduri-despre-sentinta\/\" target=\"_blank\" data-skip-linkfix=\"1\" rel=\"noopener\">AICI<\/a> mesajul integral al lui Adrian N\u0103stase, \u00een postarea cu titlul \u201eC\u00e2teva g\u00e2nduri, despre sentin\u021b\u0103\u201d!<\/strong><\/p>\n<p data-index=\"14\">\u00cen perioada \u00een care a fost \u00eenchis \u00een dosarul \u201eTrofeul Calit\u0103\u0163ii\u201d, <a href=\"https:\/\/www.digi24.ro\/Stiri\/Digi24\/Actualitate\/Justitie\/Adrian+Nastase+activ+in+mediul+online+\" target=\"_blank\" data-skip-linkfix=\"1\" rel=\"noopener\">Adrian N\u0103stase a comunicat cu sus\u0163in\u0103torii s\u0103i prin intermediul blogului personal<\/a>. Pe perioada celor 265 de zile de deten\u0163ie la Rahova, fostul premier a transmis \u00een spa\u0163iul virtual mesaje pentru prieteni, p\u0103reri despre evenimentele politice la zi, impresii din spatele gratiilor sau a dezv\u0103luit modul \u00een care se familiarizeaz\u0103 cu limbajul din penitenciar. Mesajele erau postate cu ajutorul familiei.<\/p>\n<p data-index=\"15\">Fostul premier s-a \u00eentors, azi-noapte, \u00een penitenciarul Rahova \u0219i urmeaz\u0103 <a href=\"https:\/\/www.digi24.ro\/Stiri\/Digi24\/Actualitate\/Justitie\/Adrian+Nastase+va+fi+evaluat+medical+apoi+se+va+decide+in+ce+reg\" target=\"_blank\" data-skip-linkfix=\"1\" rel=\"noopener\">s\u0103 stea trei s\u0103pt\u0103m\u00e2ni \u00een carantin\u0103<\/a>. Avocatul<a href=\"https:\/\/www.digi24.ro\/Stiri\/Digi24\/Actualitate\/Stiri\/Avocatul+Ion+Cazacu+Adrian+Nastase+are+dreptul+sa+fie+vizitat+de\" target=\"_blank\" data-skip-linkfix=\"1\" rel=\"noopener\"> Ion Cazacu l-a vizitat<\/a>, azi, pe fostul premier \u00een penitenciar.<\/p>\n<p data-index=\"16\"><strong><br \/><\/strong><\/p>\n<\/div>\n<p> Source URL: https:\/\/www.digi24.ro\/stiri\/actualitate\/politica\/adrian-nastase-stiam-ca-voi-fi-arestat-aveam-informatii-din-zona-cotroceni-180540<\/p>\n","protected":false},"excerpt":{"rendered":"<p>\u201eDragi prieteni, Nu mi-am \u00eenchipuit c\u0103 r\u0103zbunarea politic\u0103 poate merge at\u00e2t de departe \u0219i c\u0103 ea poate \u00eembr\u0103ca forme at\u00e2t de perverse. Aveam informa\u021bii, din zona Cotroceni, cu c\u00e2teva zile \u00eenaintea Anului Nou, c\u0103 se luase \u201chot\u0103r\u00e2rea\u201d ca sentin\u021ba \u00een dosarul Zambaccian s\u0103 fie de \u00eenchisoare cu executare, at\u00e2t pentru mine c\u00e2t \u0219i pentru so\u021bia [&hellip;]<\/p>\n","protected":false},"author":1,"featured_media":215043,"comment_status":"open","ping_status":"","sticky":false,"template":"","format":"standard","meta":{"footnotes":""},"categories":[2],"tags":[11],"class_list":["post-215042","post","type-post","status-publish","format-standard","has-post-thumbnail","hentry","category-politics","tag-digi24"],"_links":{"self":[{"href":"https:\/\/analyse.optim.biz\/index.php?rest_route=\/wp\/v2\/posts\/215042","targetHints":{"allow":["GET"]}}],"collection":[{"href":"https:\/\/analyse.optim.biz\/index.php?rest_route=\/wp\/v2\/posts"}],"about":[{"href":"https:\/\/analyse.optim.biz\/index.php?rest_route=\/wp\/v2\/types\/post"}],"author":[{"embeddable":true,"href":"https:\/\/analyse.optim.biz\/index.php?rest_route=\/wp\/v2\/users\/1"}],"replies":[{"embeddable":true,"href":"https:\/\/analyse.optim.biz\/index.php?rest_route=%2Fwp%2Fv2%2Fcomments&post=215042"}],"version-history":[{"count":0,"href":"https:\/\/analyse.optim.biz\/index.php?rest_route=\/wp\/v2\/posts\/215042\/revisions"}],"wp:featuredmedia":[{"embeddable":true,"href":"https:\/\/analyse.optim.biz\/index.php?rest_route=\/wp\/v2\/media\/215043"}],"wp:attachment":[{"href":"https:\/\/analyse.optim.biz\/index.php?rest_route=%2Fwp%2Fv2%2Fmedia&parent=215042"}],"wp:term":[{"taxonomy":"category","embeddable":true,"href":"https:\/\/analyse.optim.biz\/index.php?rest_route=%2Fwp%2Fv2%2Fcategories&post=215042"},{"taxonomy":"post_tag","embeddable":true,"href":"https:\/\/analyse.optim.biz\/index.php?rest_route=%2Fwp%2Fv2%2Ftags&post=215042"}],"curies":[{"name":"wp","href":"https:\/\/api.w.org\/{rel}","templated":true}]}}