{"id":215025,"date":"2014-01-08T09:53:23","date_gmt":"2014-01-08T06:53:23","guid":{"rendered":"https:\/\/analyse.optim.biz\/?p=215025"},"modified":"2014-01-08T09:53:23","modified_gmt":"2014-01-08T06:53:23","slug":"interactiv-credeti-ca-o-gratiere-colectiva-dictata-de-parlament-va-afecta-increderea-in-justitie","status":"publish","type":"post","link":"https:\/\/analyse.optim.biz\/?p=215025","title":{"rendered":"INTERACTIV. Crede\u021bi c\u0103 o gra\u021biere colectiv\u0103, dictat\u0103 de Parlament, va afecta \u00eencrederea \u00een justi\u0163ie?"},"content":{"rendered":"<div class=\"entry data-app-meta data-app-meta-article\" data-embed-base-url-canonical=\"https:\/\/www.digi24.ro\/embed\/stiri\/actualitate\/politica\/interactiv-credeti-ca-o-gratiere-colectiva-dictata-de-parlament-va-afecta-increderea-in-justitie-180685\">\n<p data-index=\"1\"><img decoding=\"async\" src=\"https:\/\/analyse.optim.biz\/wp-content\/uploads\/2024\/09\/jmhhc2g9n2jioge3mwuzogy0mjkyodm0odgyogi1owqxzmzhmtc-thumb_.jpg\" data-skip-htmlfix=\"1\" title=\"jmhhc2g9n2jioge3mwuzogy0mjkyodm0odgyogi1owqxzmzhmtc-thumb_\">\u00a0<\/p>\n<p data-index=\"2\">Camera Deputa\u0163ilor a decis retrimiterea la comisia de specialitate a proiectului de lege privind amnistierea, cu termen la 1 februarie 2014, pentru a fi consultate toate institu\u0163iile interesate care au puncte de vedere contrare. Pe data de 1 februarie 2014 intr\u0103 \u00een vigoare noul Cod Penal.<\/p>\n<p data-index=\"3\">Premierul Victor Ponta a declarat c\u0103 Legea amnistierii poate fi adoptat\u0103, din motive practice \u015fi de politic\u0103 penal\u0103, dup\u0103 informarea Comisiei Europene, dac\u0103 este \u00een spiritul Constitu\u0163iei \u015fi al reglement\u0103rilor europene \u015fi dac\u0103 exclude faptele de violen\u0163\u0103 \u015fi de corup\u0163ie.<\/p>\n<p data-index=\"4\">Legea amnistiei trebuie rediscutat\u0103, a declarat Victor Ponta.<\/p>\n<p data-index=\"5\">PNL nu au fost de acord cu Legea amnistiei \u015fi gra\u0163ierii (amnistierea unor infrac\u0163iuni \u015fi gra\u0163ierea unor pedepse).<\/p>\n<p data-index=\"6\">Traian B\u0103sescu i-a rugat pe parlamentari s\u0103 resping\u0103 legea pentru amnistierea unor infrac\u0163iuni \u015fi gra\u0163ierea unor pedepse. \u201eVa afecta \u00eencrederea \u00een justi\u0163ie\u201d, a transmis pre\u015fedintele.<\/p>\n<p data-index=\"7\">Sub inciden\u0163a noilor modific\u0103ri intr\u0103 cei condamna\u0163i care au primit pedepse de p\u00e2n\u0103 la \u015fase ani de \u00eenchisoare. \u00cen cazul gra\u0163ierii, sunt vizate persoanele care au pedepse de p\u00e2n\u0103 la \u015fapte ani cu executare.<\/p>\n<p data-index=\"8\">Printre cei care ar beneficia de aceast\u0103 lege sunt Adrian N\u0103stase, C\u0103t\u0103lin Voicu sau Antonie Solomon.<\/p>\n<p data-index=\"9\">Pre\u015fedintele Comisie Juridice din Camera Deputa\u0163ilor Bogdan Ciuc\u0103 a spus c\u0103 legea amnistiei va exclude infrac\u0163iunile de corup\u0163ie \u015fi cele cu violen\u0163\u0103. Potrivit acestuia, legea era necesar\u0103 din cauza CEDO.<\/p>\n<p data-index=\"10\">\u201eCEDO \u00ee\u015fi pune problema emiterii unei hot\u0103r\u00e2ri &#8211; pilot privind relele tratamente \u00een deten\u0163ie, avem 40 \u015fi ceva de milioane de pl\u0103tit la CEDO. S\u0103 \u00eentre\u0163ii un de\u0163inut \u00eenseamn\u0103 \u00eentre 23 \u015fi 25 de milioane de lei vechi, mai mult dec\u00e2t un copil care ia 400.000 de lei vechi. Pedepsele sunt exagerate \u00een compara\u0163ie cu orice \u0163ar\u0103 european\u0103\u201d, a declarat Bogdan Ciuc\u0103, pre\u015fedintele Comisiei Juridice.<\/p>\n<p data-index=\"11\">\n<\/div>\n<p> Source URL: https:\/\/www.digi24.ro\/stiri\/actualitate\/politica\/interactiv-credeti-ca-o-gratiere-colectiva-dictata-de-parlament-va-afecta-increderea-in-justitie-180685<\/p>\n","protected":false},"excerpt":{"rendered":"<p>\u00a0 Camera Deputa\u0163ilor a decis retrimiterea la comisia de specialitate a proiectului de lege privind amnistierea, cu termen la 1 februarie 2014, pentru a fi consultate toate institu\u0163iile interesate care au puncte de vedere contrare. Pe data de 1 februarie 2014 intr\u0103 \u00een vigoare noul Cod Penal. Premierul Victor Ponta a declarat c\u0103 Legea amnistierii [&hellip;]<\/p>\n","protected":false},"author":1,"featured_media":215026,"comment_status":"open","ping_status":"","sticky":false,"template":"","format":"standard","meta":{"footnotes":""},"categories":[2],"tags":[11],"class_list":["post-215025","post","type-post","status-publish","format-standard","has-post-thumbnail","hentry","category-politics","tag-digi24"],"_links":{"self":[{"href":"https:\/\/analyse.optim.biz\/index.php?rest_route=\/wp\/v2\/posts\/215025","targetHints":{"allow":["GET"]}}],"collection":[{"href":"https:\/\/analyse.optim.biz\/index.php?rest_route=\/wp\/v2\/posts"}],"about":[{"href":"https:\/\/analyse.optim.biz\/index.php?rest_route=\/wp\/v2\/types\/post"}],"author":[{"embeddable":true,"href":"https:\/\/analyse.optim.biz\/index.php?rest_route=\/wp\/v2\/users\/1"}],"replies":[{"embeddable":true,"href":"https:\/\/analyse.optim.biz\/index.php?rest_route=%2Fwp%2Fv2%2Fcomments&post=215025"}],"version-history":[{"count":0,"href":"https:\/\/analyse.optim.biz\/index.php?rest_route=\/wp\/v2\/posts\/215025\/revisions"}],"wp:featuredmedia":[{"embeddable":true,"href":"https:\/\/analyse.optim.biz\/index.php?rest_route=\/wp\/v2\/media\/215026"}],"wp:attachment":[{"href":"https:\/\/analyse.optim.biz\/index.php?rest_route=%2Fwp%2Fv2%2Fmedia&parent=215025"}],"wp:term":[{"taxonomy":"category","embeddable":true,"href":"https:\/\/analyse.optim.biz\/index.php?rest_route=%2Fwp%2Fv2%2Fcategories&post=215025"},{"taxonomy":"post_tag","embeddable":true,"href":"https:\/\/analyse.optim.biz\/index.php?rest_route=%2Fwp%2Fv2%2Ftags&post=215025"}],"curies":[{"name":"wp","href":"https:\/\/api.w.org\/{rel}","templated":true}]}}